{"id":922888,"date":"2026-04-05T11:15:19","date_gmt":"2026-04-05T11:15:19","guid":{"rendered":"https:\/\/www.europesays.com\/de\/922888\/"},"modified":"2026-04-05T11:15:19","modified_gmt":"2026-04-05T11:15:19","slug":"kinder-aus-steinhagen-malen-wie-ihr-traum-spielplatz-aussehen-soll-haller-kreisblatt","status":"publish","type":"post","link":"https:\/\/www.europesays.com\/de\/922888\/","title":{"rendered":"Kinder aus Steinhagen malen, wie ihr Traum-Spielplatz aussehen soll | Haller Kreisblatt"},"content":{"rendered":"<p id=\"absatz1\" class=\"x_MsoNormal\">Steinhagen. In Kooperation mit dem Spielmobil hat die Gemeinde Steinhagen auf dem Spielplatz Finkenstra\u00dfe einen Kinder-Workshop veranstaltet. Die Jungen und M\u00e4dchen zeichneten und bastelten, was sie sich f\u00fcr den Spielplatz w\u00fcnschen.\u00a0\u00a0<\/p>\n<p id=\"absatz2\" class=\"x_MsoNormal\">An zwei Workshop-Tagen waren jeweils circa 20 Kinder anwesend. \u201eTrotz Regen, Hagel und st\u00fcrmischen B\u00f6en wurde gemalt, gebastelt und entworfen\u201c, berichtet Mareike Sch\u00f6ne vom zust\u00e4ndigen Schulamt der Gemeinde Steinhagen. Das Spielmobil hatte alle m\u00f6glichen Ger\u00e4tschaften dabei, und so wurde neben dem Workshop auch viel gespielt.<\/p>\n<p id=\"absatz3\" class=\"x_MsoNormal\">\u201eF\u00fcr den Spielplatz Finkenstra\u00dfe haben wir F\u00f6rdermittel beim Land beantragt\u201c, informiert Mareike Sch\u00f6ne weiter, \u201eund wir hoffen auf eine Zusage, voraussichtlich vor den Sommerferien.\u201c Umgestaltet und erweitert werde der Spielplatz aber auf jeden Fall. Planm\u00e4\u00dfig soll die Umgestaltung und Erweiterung der Anlage zwischen den Herbst- und Winterferien starten. Umgestaltet und erweitert werde der Spielplatz aber auf jeden Fall. Sp\u00e4ter, wenn die neuen Spielger\u00e4te stehen, soll es noch einen zweiten Workshop geben, bei dem die Ger\u00e4te gemeinsam mit den Kindern bemalt werden.<\/p>\n<p id=\"absatz4\"><b class=\"bold\">\ud83d\udcf2 Aktuelle News bekommen Sie t\u00e4glich \u00fcber den<\/b> <a href=\"https:\/\/www.whatsapp.com\/channel\/0029VagU0FW1SWsxhmHz2v0q\" rel=\"noreferrer noopener nofollow\" target=\"_blank\" title=\"https:\/\/www.whatsapp.com\/channel\/0029VagU0FW1SWsxhmHz2v0q\">WhatsApp-Kanal des HK<\/a><\/p>\n","protected":false},"excerpt":{"rendered":"Steinhagen. In Kooperation mit dem Spielmobil hat die Gemeinde Steinhagen auf dem Spielplatz Finkenstra\u00dfe einen Kinder-Workshop veranstaltet. Die&hellip;\n","protected":false},"author":2,"featured_media":922889,"comment_status":"","ping_status":"","sticky":false,"template":"","format":"standard","meta":{"footnotes":"","_share_on_mastodon":"0"},"categories":[1841],"tags":[56420,1605,102818,3364,29,201899,30,9311,1611,1606,201900,198715,19081,164252,9312,1613,1209,35147,3445,16382,6990],"class_list":["post-922888","post","type-post","status-publish","format-standard","has-post-thumbnail","category-bielefeld","tag-schulamt","tag-bielefeld","tag-cnt_aufmacher","tag-de","tag-deutschland","tag-finkenstrae","tag-germany","tag-label_familie-freizeit","tag-label_informiere-mich","tag-label_m-80","tag-mareike-schne","tag-meta_artikelklasse_nische","tag-meta_copyrights_hk","tag-meta_eo_zusammenfassung","tag-meta_themen_familie_bildung_freizeit","tag-meta_userneeds_informieremich","tag-nordrhein-westfalen","tag-spielmobil","tag-spielplatz","tag-steinhagen","tag-workshop"],"share_on_mastodon":{"url":"https:\/\/pubeurope.com\/@de\/116351816881152059","error":""},"_links":{"self":[{"href":"https:\/\/www.europesays.com\/de\/wp-json\/wp\/v2\/posts\/922888","targetHints":{"allow":["GET"]}}],"collection":[{"href":"https:\/\/www.europesays.com\/de\/wp-json\/wp\/v2\/posts"}],"about":[{"href":"https:\/\/www.europesays.com\/de\/wp-json\/wp\/v2\/types\/post"}],"author":[{"embeddable":true,"href":"https:\/\/www.europesays.com\/de\/wp-json\/wp\/v2\/users\/2"}],"replies":[{"embeddable":true,"href":"https:\/\/www.europesays.com\/de\/wp-json\/wp\/v2\/comments?post=922888"}],"version-history":[{"count":0,"href":"https:\/\/www.europesays.com\/de\/wp-json\/wp\/v2\/posts\/922888\/revisions"}],"wp:featuredmedia":[{"embeddable":true,"href":"https:\/\/www.europesays.com\/de\/wp-json\/wp\/v2\/media\/922889"}],"wp:attachment":[{"href":"https:\/\/www.europesays.com\/de\/wp-json\/wp\/v2\/media?parent=922888"}],"wp:term":[{"taxonomy":"category","embeddable":true,"href":"https:\/\/www.europesays.com\/de\/wp-json\/wp\/v2\/categories?post=922888"},{"taxonomy":"post_tag","embeddable":true,"href":"https:\/\/www.europesays.com\/de\/wp-json\/wp\/v2\/tags?post=922888"}],"curies":[{"name":"wp","href":"https:\/\/api.w.org\/{rel}","templated":true}]}}