{"id":923035,"date":"2026-04-05T12:39:14","date_gmt":"2026-04-05T12:39:14","guid":{"rendered":"https:\/\/www.europesays.com\/de\/923035\/"},"modified":"2026-04-05T12:39:14","modified_gmt":"2026-04-05T12:39:14","slug":"mehr-sicherheit-auf-dem-schulweg-in-leopoldshoehe-lokale-nachrichten-aus-leopoldshoehe","status":"publish","type":"post","link":"https:\/\/www.europesays.com\/de\/923035\/","title":{"rendered":"Mehr Sicherheit auf dem Schulweg in Leopoldsh\u00f6he | Lokale Nachrichten aus Leopoldsh\u00f6he"},"content":{"rendered":"<p id=\"absatz1\">Leopoldsh\u00f6he. Die Gemeinde macht einen weiteren Schritt hin zu mehr Sicherheit im Alltag und auf den Schulwegen. K\u00fcnftig wird der Fu\u00dfweg zwischen dem Marderweg und der Heeper Stra\u00dfe besser beleuchtet. Der betroffene Weg ist im gemeindlichen Besitz und f\u00fcr viele Menschen in der Umgebung von gro\u00dfer Bedeutung.<\/p>\n<p id=\"absatz2\" class=\"em_text\">Vor allem Anwohnerinnen und Anwohner der Siedlung \u201eM\u00f6bel Fillies\u201c nutzten ihn regelm\u00e4\u00dfig, um zu den Bushaltestellen an der Heeper Stra\u00dfe zu gelangen.<\/p>\n<p id=\"absatz3\" class=\"em_text\">Doch gerade in der dunklen Jahreszeit wird der schmale, schlauchf\u00f6rmige Durchgang bislang oft als unangenehm und unsicher empfunden.<\/p>\n<p id=\"absatz4\" class=\"em_text\">Eine Beleuchtung soll den bislang als \u201eAngstraum\u201c wahrgenommenen Abschnitt deutlich aufwerten und f\u00fcr mehr Sicherheit sorgen \u2013 sowohl f\u00fcr Sch\u00fclerinnen und Sch\u00fcler als auch f\u00fcr alle anderen Fu\u00dfg\u00e4ngerinnen und Fu\u00dfg\u00e4nger. Ein weiterer Vorteil ist, laut Gemeinde, die vergleichsweise kosteng\u00fcnstige Umsetzung dieser geplanten Ma\u00dfnahme. Die notwendige Stromversorgung sei bereits vorhanden, und geeignete Lichtmasten st\u00fcnden am Bauhof der Gemeinde zur Verf\u00fcgung.<\/p>\n<p id=\"absatz5\" class=\"em_text\">Der von der SPD-Fraktion eingebrachte Antrag wurde zuvor im Fachausschuss f\u00fcr Stra\u00dfen, Verkehr und Umwelt beschlossen. Nun sprach sich auch der Rat einstimmig f\u00fcr die Ma\u00dfnahme aus. <\/p>\n","protected":false},"excerpt":{"rendered":"Leopoldsh\u00f6he. Die Gemeinde macht einen weiteren Schritt hin zu mehr Sicherheit im Alltag und auf den Schulwegen. K\u00fcnftig&hellip;\n","protected":false},"author":2,"featured_media":923036,"comment_status":"","ping_status":"","sticky":false,"template":"","format":"standard","meta":{"footnotes":"","_share_on_mastodon":"0"},"categories":[1841],"tags":[154139,17283,1605,3364,29,154164,30,28692,42406,9307,29209,60154,143575,1613,1209,21686],"class_list":["post-923035","post","type-post","status-publish","format-standard","has-post-thumbnail","category-bielefeld","tag-angstraum","tag-beleuchtung","tag-bielefeld","tag-de","tag-deutschland","tag-fuweg","tag-germany","tag-label_030-s","tag-label_050-m","tag-label_foto","tag-leopoldshhe","tag-mbel","tag-marderweg","tag-meta_userneeds_informieremich","tag-nordrhein-westfalen","tag-schulweg"],"share_on_mastodon":{"url":"","error":""},"_links":{"self":[{"href":"https:\/\/www.europesays.com\/de\/wp-json\/wp\/v2\/posts\/923035","targetHints":{"allow":["GET"]}}],"collection":[{"href":"https:\/\/www.europesays.com\/de\/wp-json\/wp\/v2\/posts"}],"about":[{"href":"https:\/\/www.europesays.com\/de\/wp-json\/wp\/v2\/types\/post"}],"author":[{"embeddable":true,"href":"https:\/\/www.europesays.com\/de\/wp-json\/wp\/v2\/users\/2"}],"replies":[{"embeddable":true,"href":"https:\/\/www.europesays.com\/de\/wp-json\/wp\/v2\/comments?post=923035"}],"version-history":[{"count":0,"href":"https:\/\/www.europesays.com\/de\/wp-json\/wp\/v2\/posts\/923035\/revisions"}],"wp:featuredmedia":[{"embeddable":true,"href":"https:\/\/www.europesays.com\/de\/wp-json\/wp\/v2\/media\/923036"}],"wp:attachment":[{"href":"https:\/\/www.europesays.com\/de\/wp-json\/wp\/v2\/media?parent=923035"}],"wp:term":[{"taxonomy":"category","embeddable":true,"href":"https:\/\/www.europesays.com\/de\/wp-json\/wp\/v2\/categories?post=923035"},{"taxonomy":"post_tag","embeddable":true,"href":"https:\/\/www.europesays.com\/de\/wp-json\/wp\/v2\/tags?post=923035"}],"curies":[{"name":"wp","href":"https:\/\/api.w.org\/{rel}","templated":true}]}}