{"id":923133,"date":"2026-04-05T13:32:30","date_gmt":"2026-04-05T13:32:30","guid":{"rendered":"https:\/\/www.europesays.com\/de\/923133\/"},"modified":"2026-04-05T13:32:30","modified_gmt":"2026-04-05T13:32:30","slug":"ostern-polizei-zieht-bilanz-ruhiges-osterwochenende-in-berlin","status":"publish","type":"post","link":"https:\/\/www.europesays.com\/de\/923133\/","title":{"rendered":"Ostern: Polizei zieht Bilanz: ruhiges Osterwochenende in Berlin"},"content":{"rendered":"<p>        5. April 2026, 13:37 Uhr<br \/>\n    Quelle: dpa Berlin\/Brandenburg\n<\/p>\n<p>        Hinweis<\/p>\n<p class=\"article-notice__text\">DIE ZEIT hat diese Meldung redaktionell nicht bearbeitet. Sie wurde automatisch von der Deutschen Presse-Agentur (dpa) \u00fcbernommen.<\/p>\n<p>            <img decoding=\"async\" class=\"article__media-item\" src=\"https:\/\/www.europesays.com\/de\/wp-content\/uploads\/2026\/04\/1775395950_701_wide__660x371.jpeg\" alt=\"Ostern: Die Polizei zieht Bilanz f\u00fcr das Osterwochenende in Berlin.\"\/><\/p>\n<p>                    Die Polizei zieht Bilanz f\u00fcr das Osterwochenende in Berlin.<br \/>\n            \u00a9\u00a0Christophe Gateau\/\u200bdpa<\/p>\n<p class=\"paragraph article__item\">Die Ostertage in Berlin sind nach Angaben der <a class=\"rtr-entity\" href=\"https:\/\/www.zeit.de\/thema\/polizei\" rel=\"nofollow noopener\" target=\"_blank\">Polizei<\/a> bislang ruhig verlaufen. Das Wochenende sei \u00abohne gro\u00dfe Vorkommnisse\u00bb geblieben, teilte eine Sprecherin mit. Auch der Ostermarsch am Samstag, an dem tausende Menschen f\u00fcr Frieden demonstrierten, verlief demnach ohne gr\u00f6\u00dfere Zwischenf\u00e4lle.\n<\/p>\n<p>Aktuelles<\/p>\n<p>                <a href=\"https:\/\/www.zeit.de\/2026\/12\/exzellenzinitiative-universitaeten-deutschland-spitzenforschung-geld\" data-ct-label=\"Exzellenzinitiative: Liebe Unis, protzt doch mal!\" data-uuid=\"23655434-bddf-4a9d-b24d-c6187812acbd\" rel=\"nofollow noopener\" target=\"_blank\"><\/p>\n<p>        Z+ (abopflichtiger Inhalt);<\/p>\n<p>    Exzellenzinitiative:<br \/>\n                        Liebe Unis, protzt doch mal!<\/p>\n<p>                <\/a><\/p>\n<p>                <a href=\"https:\/\/www.zeit.de\/wissen\/2026-03\/meteorit-koblenz-astronomie-fundstuecke-forschung-gxe\" data-ct-label=\"Koblenz: Elf Gesteinsteile nach Einschlag von Meteorit gefunden\" data-uuid=\"9524ef86-cc48-4370-ac19-a6e381617026\" rel=\"nofollow noopener\" target=\"_blank\"><\/p>\n<p>                        Koblenz:<br \/>\n                        Elf Gesteinsteile nach Einschlag von Meteorit gefunden<\/p>\n<p>                <\/a><\/p>\n<p>                <a href=\"https:\/\/www.zeit.de\/politik\/deutschland\/2026-03\/tv-duell-swr-alexander-schweitzer-gordon-schnieder-landtagswahl\" data-ct-label=\"TV-Duell in Rheinland-Pfalz: &quot;Wir sind nicht das schlechte Land, das hier dargestellt wird&quot;\" data-uuid=\"fbdbc322-7c8e-4f74-b834-bcd2773ffac2\" rel=\"nofollow noopener\" target=\"_blank\"><\/p>\n<p>        Z+ (abopflichtiger Inhalt);<\/p>\n<p>    TV-Duell in Rheinland-Pfalz:<br \/>\n                        &#8222;Wir sind nicht das schlechte Land, das hier dargestellt wird&#8220;<\/p>\n<p>                <\/a><\/p>\n<p class=\"paragraph article__item\">Vor allem bei den traditionellen Osterfeuern wird oft viel Alkohol getrunken. In der Vergangenheit kam es dabei immer wieder zu Auseinandersetzungen oder Schl\u00e4gereien.\n<\/p>\n<p class=\"paragraph article__item\">Am Nachmittag konzentriert sich die Polizei nach eigenen Angaben vor allem auf das Fu\u00dfballspiel zwischen Union Berlin und St. Pauli.\n<\/p>\n<p class=\"paragraph article__item\">\u00a9 dpa-infocom, dpa:260405-930-908363\/1<\/p>\n","protected":false},"excerpt":{"rendered":"5. April 2026, 13:37 Uhr Quelle: dpa Berlin\/Brandenburg Hinweis DIE ZEIT hat diese Meldung redaktionell nicht bearbeitet. Sie&hellip;\n","protected":false},"author":2,"featured_media":923134,"comment_status":"","ping_status":"","sticky":false,"template":"","format":"standard","meta":{"footnotes":"","_share_on_mastodon":"0"},"categories":[1825],"tags":[296,29,30,15,2454,10686,8984,121],"class_list":["post-923133","post","type-post","status-publish","format-standard","has-post-thumbnail","category-berlin","tag-berlin","tag-deutschland","tag-germany","tag-news","tag-ostern","tag-ostertag","tag-osterwochenende","tag-polizei"],"share_on_mastodon":{"url":"https:\/\/pubeurope.com\/@de\/116352355415166762","error":""},"_links":{"self":[{"href":"https:\/\/www.europesays.com\/de\/wp-json\/wp\/v2\/posts\/923133","targetHints":{"allow":["GET"]}}],"collection":[{"href":"https:\/\/www.europesays.com\/de\/wp-json\/wp\/v2\/posts"}],"about":[{"href":"https:\/\/www.europesays.com\/de\/wp-json\/wp\/v2\/types\/post"}],"author":[{"embeddable":true,"href":"https:\/\/www.europesays.com\/de\/wp-json\/wp\/v2\/users\/2"}],"replies":[{"embeddable":true,"href":"https:\/\/www.europesays.com\/de\/wp-json\/wp\/v2\/comments?post=923133"}],"version-history":[{"count":0,"href":"https:\/\/www.europesays.com\/de\/wp-json\/wp\/v2\/posts\/923133\/revisions"}],"wp:featuredmedia":[{"embeddable":true,"href":"https:\/\/www.europesays.com\/de\/wp-json\/wp\/v2\/media\/923134"}],"wp:attachment":[{"href":"https:\/\/www.europesays.com\/de\/wp-json\/wp\/v2\/media?parent=923133"}],"wp:term":[{"taxonomy":"category","embeddable":true,"href":"https:\/\/www.europesays.com\/de\/wp-json\/wp\/v2\/categories?post=923133"},{"taxonomy":"post_tag","embeddable":true,"href":"https:\/\/www.europesays.com\/de\/wp-json\/wp\/v2\/tags?post=923133"}],"curies":[{"name":"wp","href":"https:\/\/api.w.org\/{rel}","templated":true}]}}