{"id":923194,"date":"2026-04-05T14:10:18","date_gmt":"2026-04-05T14:10:18","guid":{"rendered":"https:\/\/www.europesays.com\/de\/923194\/"},"modified":"2026-04-05T14:10:18","modified_gmt":"2026-04-05T14:10:18","slug":"moskau-schreibt-das-interview-von-sergej-lawrow-um","status":"publish","type":"post","link":"https:\/\/www.europesays.com\/de\/923194\/","title":{"rendered":"Moskau schreibt das Interview von Sergej Lawrow um"},"content":{"rendered":"<p>Interview manipuliert <\/p>\n<p>Aus Zehntausenden macht Lawrow Hunderte<\/p>\n<p>Aktualisiert am 05.04.2026 &#8211; 15:55 UhrLesedauer: 3 Min.<\/p>\n<p><a href=\"#focus-0\" class=\"transition-colors duration-200 block text-current relative\" data-sctrack=\"FocusGalleryImage.Reference\"><img fetchpriority=\"high\" data-testid=\"Opener.Image\" style=\"--lqipURL:url('https:\/\/images.t-online.de\/2026\/04\/aOLDTztnqG1t\/0x239:4000x2250\/fit-in\/150x0\/filters:blur(25)\/sergej-lawrow-ist-seit-maerz-2004-der-aussenminister-russlands.jpg')\"   loading=\"eager\" src=\"https:\/\/www.europesays.com\/de\/wp-content\/uploads\/2026\/04\/sergej-lawrow-ist-seit-maerz-2004-der-aussenminister-russlands.jpg\" alt=\"Sergej Lawrow ist seit M\u00e4rz 2004 der Au\u00dfenminister Russlands. In einem Interview mit dem franz\u00f6sischen Sender France 2 konnte er eine Stunde lang seine Ansichten verbreiten.\" title=\"Sergej Lawrow ist seit M\u00e4rz 2004 der Au\u00dfenminister Russlands. In einem Interview mit dem franz\u00f6sischen Sender France 2 konnte er eine Stunde lang seine Ansichten verbreiten.\" width=\"4000\" height=\"2250\" class=\"bg-[url:var(--lqipURL)] bg-cover bg-center flex h-full w-full max-w-full\" decoding=\"async\"\/><img style=\"--width:32;--height:32\" loading=\"lazy\" src=\"https:\/\/www.t-online.de\/s\/paper\/_next\/static\/media\/zoom-in.f7dae02f.svg\" alt=\"Vergr\u00f6\u00dfern des Bildes\" title=\"Vergr\u00f6\u00dfern des Bildes\" class=\"block h-[calc(var(--height)_\/_16_*_1rem)] w-[calc(var(--width)_\/_16_*_1rem)] max-w-none absolute bottom-8 right-8 rounded-4 bg-snow p-8\" decoding=\"async\"\/><\/a><\/p>\n<p>Sergej Lawrow ist seit M\u00e4rz 2004 der Au\u00dfenminister Russlands. (Quelle: Sergey Guneev\/imago)<\/p>\n<p class=\"font-bold text-18 leading-17 user-text-lg:text-22 user-text-xl:text-24\">Russlands Au\u00dfenminister Lawrow gibt ein Interview. Und pl\u00f6tzlich gibt es davon zwei Versionen. Die Kreml-Version weicht dabei erheblich vom Original ab.<\/p>\n<p class=\"text-18 leading-17 user-text-lg:text-22 user-text-xl:text-24\">Ein Interview des russischen Au\u00dfenministers <a class=\"transition-colors duration-200 cursor-pointer text-inherit no-underline text-salemsfur md:hover:text-magenta md:hover:border-magenta md:focus:text-magenta border-current border-b border-solid break-words\" data-tracking=\"{&quot;action&quot;:&quot;click&quot;,&quot;category&quot;:&quot;intextLink&quot;,&quot;label&quot;:&quot;\/themen\/sergej-lawrow\/&quot;}\" href=\"https:\/\/www.t-online.de\/themen\/sergej-lawrow\/\" data-sctrack=\"BodyAnchor\" rel=\"nofollow noopener\" target=\"_blank\">Sergej Lawrow<\/a> in den 20-Uhr-Nachrichten des franz\u00f6sischen TV-Senders France 2 hat eine Kontroverse ausgel\u00f6st \u2013 auch wenn im Fernsehen nur zehn Minuten des einst\u00fcndigen Gespr\u00e4chs ausgestrahlt wurden.<\/p>\n<p class=\"text-18 leading-17 user-text-lg:text-22 user-text-xl:text-24\">In dem am 26. M\u00e4rz gezeigten Ausschnitt ging es vor allem um den Krieg im Nahen Osten. <a class=\"transition-colors duration-200 cursor-pointer text-inherit no-underline text-salemsfur md:hover:text-magenta md:hover:border-magenta md:focus:text-magenta border-current border-b border-solid break-words\" data-tracking=\"{&quot;action&quot;:&quot;click&quot;,&quot;category&quot;:&quot;intextLink&quot;,&quot;label&quot;:&quot;\/nachrichten\/ausland\/internationale-politik\/id_101157582\/iran-krieg-und-russlands-wirtschaft-der-neue-bluff-von-wladimir-putin.html&quot;}\" href=\"https:\/\/www.t-online.de\/nachrichten\/ausland\/internationale-politik\/id_101157582\/iran-krieg-und-russlands-wirtschaft-der-neue-bluff-von-wladimir-putin.html\" data-sctrack=\"BodyAnchor\" rel=\"nofollow noopener\" target=\"_blank\">Lawrow behauptete, Russland verteidige in erster Linie nicht den Iran<\/a>, sondern das V\u00f6lkerrecht, das von den <a class=\"transition-colors duration-200 cursor-pointer text-inherit no-underline text-salemsfur md:hover:text-magenta md:hover:border-magenta md:focus:text-magenta border-current border-b border-solid break-words\" data-tracking=\"{&quot;action&quot;:&quot;click&quot;,&quot;category&quot;:&quot;intextLink&quot;,&quot;label&quot;:&quot;\/themen\/usa\/&quot;}\" href=\"https:\/\/www.t-online.de\/themen\/usa\/\" data-sctrack=\"BodyAnchor\" rel=\"nofollow noopener\" target=\"_blank\">USA<\/a> verletzt werde. Ganz im Gegenteil zu <a class=\"transition-colors duration-200 cursor-pointer text-inherit no-underline text-salemsfur md:hover:text-magenta md:hover:border-magenta md:focus:text-magenta border-current border-b border-solid break-words\" data-tracking=\"{&quot;action&quot;:&quot;click&quot;,&quot;category&quot;:&quot;intextLink&quot;,&quot;label&quot;:&quot;\/themen\/russland\/&quot;}\" href=\"https:\/\/www.t-online.de\/themen\/russland\/\" data-sctrack=\"BodyAnchor\" rel=\"nofollow noopener\" target=\"_blank\">Russland<\/a>, so die Darstellung Lawrows. Das russische Milit\u00e4r habe niemals &#8222;ausschlie\u00dflich zivile&#8220; Ziele in der <a class=\"transition-colors duration-200 cursor-pointer text-inherit no-underline text-salemsfur md:hover:text-magenta md:hover:border-magenta md:focus:text-magenta border-current border-b border-solid break-words\" data-tracking=\"{&quot;action&quot;:&quot;click&quot;,&quot;category&quot;:&quot;intextLink&quot;,&quot;label&quot;:&quot;\/themen\/ukraine\/&quot;}\" href=\"https:\/\/www.t-online.de\/themen\/ukraine\/\" data-sctrack=\"BodyAnchor\" rel=\"nofollow noopener\" target=\"_blank\">Ukraine<\/a> angegriffen, erkl\u00e4rte Russlands oberster Diplomat n\u00fcchtern. Und auch, ohne auf Widerrede der franz\u00f6sischen Journalistin zu sto\u00dfen.<\/p>\n<p class=\"text-18 leading-17 user-text-lg:text-22 user-text-xl:text-24\">Nach der Ausstrahlung des Interviews geriet das franz\u00f6sische Fernsehen in die Kritik \u2013 nicht weil Lawrow zu sehen gewesen war, sondern weil nicht gen\u00fcgend Kontext geliefert und die falschen Aussagen des russischen Ministers nicht hinterfragt wurden. Man habe Lawrow erm\u00f6glicht, so die Kritiker, russische Propaganda zu verbreiten. Auch Frankreichs Au\u00dfenminister Jean-No\u00ebl Barrot \u00e4u\u00dferte sich zu dem Interview: &#8222;L\u00fcgen zur besten Sendezeit zu wiederholen, macht sie nicht zur Wahrheit&#8220;, sagte er einen Tag sp\u00e4ter.<\/p>\n<p class=\"text-18 leading-17 user-text-lg:text-22 user-text-xl:text-24\">Er stellte klar: &#8222;Russland verteidigt das V\u00f6lkerrecht nicht, weder im <a class=\"transition-colors duration-200 cursor-pointer text-inherit no-underline text-salemsfur md:hover:text-magenta md:hover:border-magenta md:focus:text-magenta border-current border-b border-solid break-words\" data-tracking=\"{&quot;action&quot;:&quot;click&quot;,&quot;category&quot;:&quot;intextLink&quot;,&quot;label&quot;:&quot;\/themen\/iran\/&quot;}\" href=\"https:\/\/www.t-online.de\/themen\/iran\/\" data-sctrack=\"BodyAnchor\" rel=\"nofollow noopener\" target=\"_blank\">Iran<\/a> noch in der Ukraine noch sonst irgendwo. Das V\u00f6lkerrecht wird nicht verteidigt, indem man einen Angriffskrieg beginnt, ein Nachbarland \u00fcberf\u00e4llt, die Souver\u00e4nit\u00e4t einer Nation leugnet, und der ungez\u00fcgelte Einsatz von Gewalt au\u00dferhalb jeglichen Rechtsrahmens ist nichts anderes als ein bestialischer Ausdruck von Brutalit\u00e4t&#8220;, so Barrot. Er bedauerte, dass es Lawrow &#8222;gelungen ist, ruhig seine Propaganda zu verbreiten&#8220;.<\/p>\n<p class=\"text-18 leading-17 user-text-lg:text-22 user-text-xl:text-24\">Dass das Interview allein diesem Zweck diente, best\u00e4tigte Lawrow wenig sp\u00e4ter selbst \u2013auch wenn es unbeabsichtigt geschah. Im Vorfeld hatte er gefordert, dass das gesamte Interview vollst\u00e4ndig ver\u00f6ffentlicht wird. Der franz\u00f6sische Sender kam dieser Bedingung nach und stellte das einst\u00fcndige Interview ins Netz. Auch das russische Au\u00dfenministerium ver\u00f6ffentlichte das Interview auf seinem YouTube-Kanal. Doch diese Version unterscheidet sich vom Original.<\/p>\n<p class=\"text-18 leading-17 user-text-lg:text-22 user-text-xl:text-24\">Der Kreml legte der franz\u00f6sischen Journalistin Worte in den Mund, die nie gefallen sind. In das Interview stieg L\u00e9a Salam\u00e9 mit der folgenden Frage ein: &#8222;Wir haben Sie kaum dabei geh\u00f6rt, Ihren iranischen Verb\u00fcndeten zu verteidigen \u2013 jedenfalls nicht mit gro\u00dfer Entschlossenheit. Woran liegt das?&#8220;<\/p>\n","protected":false},"excerpt":{"rendered":"Interview manipuliert Aus Zehntausenden macht Lawrow Hunderte Aktualisiert am 05.04.2026 &#8211; 15:55 UhrLesedauer: 3 Min. Sergej Lawrow ist&hellip;\n","protected":false},"author":2,"featured_media":923195,"comment_status":"","ping_status":"","sticky":false,"template":"","format":"standard","meta":{"footnotes":"","_share_on_mastodon":"0"},"categories":[4013],"tags":[1434,331,332,156,13,345,16928,5020,201950,451,14,15,4043,4044,850,307,12,14189,317,64,306],"class_list":["post-923194","post","type-post","status-publish","format-standard","has-post-thumbnail","category-russland","tag-1434","tag-aktuelle-nachrichten","tag-aktuelle-news","tag-frankreich","tag-headlines","tag-iran","tag-jean-noel-barrot","tag-kreml","tag-lea-salame","tag-militaer","tag-nachrichten","tag-news","tag-russia","tag-russian-federation","tag-russische-foederation","tag-russland","tag-schlagzeilen","tag-sergej-lawrow","tag-ukraine","tag-usa","tag-wladimir-putin"],"share_on_mastodon":{"url":"https:\/\/pubeurope.com\/@de\/116352505226433766","error":""},"_links":{"self":[{"href":"https:\/\/www.europesays.com\/de\/wp-json\/wp\/v2\/posts\/923194","targetHints":{"allow":["GET"]}}],"collection":[{"href":"https:\/\/www.europesays.com\/de\/wp-json\/wp\/v2\/posts"}],"about":[{"href":"https:\/\/www.europesays.com\/de\/wp-json\/wp\/v2\/types\/post"}],"author":[{"embeddable":true,"href":"https:\/\/www.europesays.com\/de\/wp-json\/wp\/v2\/users\/2"}],"replies":[{"embeddable":true,"href":"https:\/\/www.europesays.com\/de\/wp-json\/wp\/v2\/comments?post=923194"}],"version-history":[{"count":0,"href":"https:\/\/www.europesays.com\/de\/wp-json\/wp\/v2\/posts\/923194\/revisions"}],"wp:featuredmedia":[{"embeddable":true,"href":"https:\/\/www.europesays.com\/de\/wp-json\/wp\/v2\/media\/923195"}],"wp:attachment":[{"href":"https:\/\/www.europesays.com\/de\/wp-json\/wp\/v2\/media?parent=923194"}],"wp:term":[{"taxonomy":"category","embeddable":true,"href":"https:\/\/www.europesays.com\/de\/wp-json\/wp\/v2\/categories?post=923194"},{"taxonomy":"post_tag","embeddable":true,"href":"https:\/\/www.europesays.com\/de\/wp-json\/wp\/v2\/tags?post=923194"}],"curies":[{"name":"wp","href":"https:\/\/api.w.org\/{rel}","templated":true}]}}