{"id":923492,"date":"2026-04-05T17:09:20","date_gmt":"2026-04-05T17:09:20","guid":{"rendered":"https:\/\/www.europesays.com\/de\/923492\/"},"modified":"2026-04-05T17:09:20","modified_gmt":"2026-04-05T17:09:20","slug":"italiens-ministerpraesidentin-giorgia-meloni-reist-fuer-energie-deals-in-den-nahen-osten","status":"publish","type":"post","link":"https:\/\/www.europesays.com\/de\/923492\/","title":{"rendered":"Italiens Ministerpr\u00e4sidentin Giorgia Meloni reist f\u00fcr Energie-Deals in den Nahen Osten"},"content":{"rendered":"<p>                <img src=\"https:\/\/www.europesays.com\/de\/wp-content\/uploads\/2026\/04\/700626342_highres-scaled-4-1024x683.jpg\" alt=\"Filippo Attili\/Chigi Palace PR\/Keystone\" itemprop=\"contentUrl\" class=\"story-img story-img--landscape\" loading=\"lazy\" decoding=\"async\"\/><\/p>\n<p>                                                    Italiens Ministerpr\u00e4sidentin Giorgia Meloni im Interview in Rom<br \/>\n                                                                            <\/p>\n<p>                                        Filippo Attili\/Chigi Palace PR\/Keystone<\/p>\n<p>Italiens Ministerpr\u00e4sidentin Giorgia Meloni reist in den Nahen Osten, um die Energieversorgung ihres Landes zu sichern. Sie erkl\u00e4rte, sie handle, um \u00abzu garantieren, dass Italien Zugang zu den Energiequellen hat, die es braucht\u00bb.<\/p>\n<p>Die Reise f\u00fchrt Meloni nach Saudi-Arabien, Katar und in die Vereinigten Arabischen Emirate. Laut dem Nachrichtenmagazin <a href=\"https:\/\/www.politico.eu\/article\/italy-giorgia-meloni-middle-east-access-oil-gas-iran-war\/\" rel=\"nofollow noopener\" target=\"_blank\">Politico<\/a> wurde der Besuch aus Sicherheitsgr\u00fcnden zun\u00e4chst geheim gehalten und gilt als direkte Reaktion auf die Folgen des Iran-Kriegs. Italien ist stark von Energieimporten aus der Golfregion abh\u00e4ngig. Rund 15 Prozent des \u00d6lbedarfs stammen von dort. Steigende Preise haben die Regierung bereits zu Entlastungsmassnahmen gezwungen, darunter ein Paket von rund 900 Millionen Euro zur Senkung der Treibstoffkosten.<\/p>\n<p>Mit der Reise verfolgt Rom einen eigenst\u00e4ndigen Kurs. W\u00e4hrend Br\u00fcssel noch nach einer gemeinsamen Antwort auf die Energiekrise sucht, setzt Meloni auf direkte Abkommen mit Produzentenstaaten. Die Mission verbindet politische Signale der Zusammenarbeit mit handfesten wirtschaftlichen Interessen.<\/p>\n","protected":false},"excerpt":{"rendered":"Italiens Ministerpr\u00e4sidentin Giorgia Meloni im Interview in Rom Filippo Attili\/Chigi Palace PR\/Keystone Italiens Ministerpr\u00e4sidentin Giorgia Meloni reist in&hellip;\n","protected":false},"author":2,"featured_media":923493,"comment_status":"","ping_status":"","sticky":false,"template":"","format":"standard","meta":{"footnotes":"","_share_on_mastodon":"0"},"categories":[3933],"tags":[331,332,1149,46430,548,663,158,3934,3935,13,14961,355,20757,14,5796,15,16,12,55],"class_list":["post-923492","post","type-post","status-publish","format-standard","has-post-thumbnail","category-eu","tag-aktuelle-nachrichten","tag-aktuelle-news","tag-energie","tag-energiekrise","tag-eu","tag-europa","tag-europaeische-union","tag-europe","tag-european-union","tag-headlines","tag-internationale-beziehungen","tag-italien","tag-meloni","tag-nachrichten","tag-naher-osten","tag-news","tag-politik","tag-schlagzeilen","tag-wirtschaft"],"share_on_mastodon":{"url":"https:\/\/pubeurope.com\/@de\/116353208792020449","error":""},"_links":{"self":[{"href":"https:\/\/www.europesays.com\/de\/wp-json\/wp\/v2\/posts\/923492","targetHints":{"allow":["GET"]}}],"collection":[{"href":"https:\/\/www.europesays.com\/de\/wp-json\/wp\/v2\/posts"}],"about":[{"href":"https:\/\/www.europesays.com\/de\/wp-json\/wp\/v2\/types\/post"}],"author":[{"embeddable":true,"href":"https:\/\/www.europesays.com\/de\/wp-json\/wp\/v2\/users\/2"}],"replies":[{"embeddable":true,"href":"https:\/\/www.europesays.com\/de\/wp-json\/wp\/v2\/comments?post=923492"}],"version-history":[{"count":0,"href":"https:\/\/www.europesays.com\/de\/wp-json\/wp\/v2\/posts\/923492\/revisions"}],"wp:featuredmedia":[{"embeddable":true,"href":"https:\/\/www.europesays.com\/de\/wp-json\/wp\/v2\/media\/923493"}],"wp:attachment":[{"href":"https:\/\/www.europesays.com\/de\/wp-json\/wp\/v2\/media?parent=923492"}],"wp:term":[{"taxonomy":"category","embeddable":true,"href":"https:\/\/www.europesays.com\/de\/wp-json\/wp\/v2\/categories?post=923492"},{"taxonomy":"post_tag","embeddable":true,"href":"https:\/\/www.europesays.com\/de\/wp-json\/wp\/v2\/tags?post=923492"}],"curies":[{"name":"wp","href":"https:\/\/api.w.org\/{rel}","templated":true}]}}