{"id":923663,"date":"2026-04-05T18:54:19","date_gmt":"2026-04-05T18:54:19","guid":{"rendered":"https:\/\/www.europesays.com\/de\/923663\/"},"modified":"2026-04-05T18:54:19","modified_gmt":"2026-04-05T18:54:19","slug":"handball-bundesliga-so-plant-leipzig-fuer-den-abstiegs-fall-sportmix","status":"publish","type":"post","link":"https:\/\/www.europesays.com\/de\/923663\/","title":{"rendered":"Handball-Bundesliga: So plant Leipzig f\u00fcr den Abstiegs-Fall | Sportmix"},"content":{"rendered":"<p><a class=\"skip-content skip-content--link\" href=\"#in-content-skip-link-target-v-0-0\">TTS-Player \u00fcberspringen\u21b5<\/a><a id=\"in-content-skip-link-target-v-0-0\" class=\"skip-content--target-link-hidden skip-content skip-content--target-link\" href=\"#in-content-skip-link-target-v-0-0\">Artikel weiterlesen<\/a><\/p>\n<p><b>Ein Handball-Team k\u00e4mpft gegen den Voll-Absturz \u2013 doch am Sonntag ging es wohl nur um Schadensbegrenzung. Gegen Noch-Meister F\u00fcchse Berlin sollte die Niederlage f\u00fcr den SC DHfK Leipzig nicht zu hoch ausfallen. Doch daraus wurde nichts. Am Ende stand ein klares 39:26. Das Torverh\u00e4ltnis kann \u00fcber den Verbleib in der <\/b><a href=\"https:\/\/sportbild.bild.de\/sportmix\/handball\/handball\/home-49760070.sport.html\" class=\"text-link\" rel=\"nofollow noopener\" target=\"_blank\"><b>Handball<\/b><\/a><b>-Bundesliga entscheiden. <\/b><\/p>\n<p><img decoding=\"async\" width=\"992\" height=\"92\" alt=\"\" src=\"https:\/\/www.europesays.com\/de\/wp-content\/uploads\/2026\/04\/b6f76a2150165fc1545b10e23f14f339,9e35b65.png\"   class=\"dynamic\" loading=\"lazy\"\/><\/p>\n<p>Foto: Dyn<\/p>\n<p>Aktuell steht der Tabellenletzte aus Sachsen vorm Absturz in die 2. Liga. Nach elf Jahren in der st\u00e4rksten Liga der Welt eine Situation, die Experten zu Saisonbeginn vorausgesagt haben. Die in Leipzig aber zun\u00e4chst keiner wirklich wahrhaben wollte. Als es so weit war, mussten Trainer Raul Alonso (Frank Carstens kam) und Sportchef Bastian Roscheck (wurde nicht ersetzt) gehen. Inzwischen wird auch zweigleisig geplant \u2013 f\u00fcr eine weitere Saison in der Bundesliga und auch f\u00fcr die 2. Liga. Gesch\u00e4ftsf\u00fchrer Karsten G\u00fcnther (44): \u201eAlles andere w\u00e4re unverantwortlich.\u201c G\u00fcnther f\u00fchrte den Klub einst von der 5. Liga ganz nach oben. Mit seinem Kumpel Stefan Kretzschmar (53), der lange im Aufsichtsrat sa\u00df und die sportliche Kompetenz mitbrachte, hatte er die DHfK, die 1966 den Europapokal der Landesmeister gewonnen hatte, wieder aus der Versenkung geholt.<\/p>\n<p>Handball: So plant der SC DHfK Leipzig f\u00fcr den Abstiegs-Fall<\/p>\n<p>Tritt der Super-Gau ein, soll direkt der Wiederaufstieg gelingen. \u201eWir wollen der 19. Bundesligist sein\u201c, k\u00fcndigt G\u00fcnther an. Soll nat\u00fcrlich bedeuten, dass der Klub in der 2. Liga ganz oben thronen soll. Ein Etat von 5 Millionen Euro (in der Bundesliga waren es 8,5) soll f\u00fcr den direkten Wiederaufstieg sorgen. Zudem soll auch weiter in der heimischen Quarterback Immobilien Arena (6000 Handballpl\u00e4tze) gespielt werden. Die Betreiber wollen dem Klub dabei finanziell entgegenkommen. Die Spieler m\u00fcssten auf 20 bis 30 Prozent ihres Bundesligagehalts verzichten. Dennoch werden Stars wie Torwart Tomas Mrkva (37), der deutsche Nationalspieler Franz Semper (28) und Kapit\u00e4n Lukas Binder (33) auf jeden Fall bleiben.<\/p>\n","protected":false},"excerpt":{"rendered":"TTS-Player \u00fcberspringen\u21b5Artikel weiterlesen Ein Handball-Team k\u00e4mpft gegen den Voll-Absturz \u2013 doch am Sonntag ging es wohl nur um&hellip;\n","protected":false},"author":2,"featured_media":923664,"comment_status":"","ping_status":"","sticky":false,"template":"","format":"standard","meta":{"footnotes":"","_share_on_mastodon":"0"},"categories":[1832],"tags":[3364,29,11662,21540,1932,30,1391,5009,71,859,4580,3460,45],"class_list":["post-923663","post","type-post","status-publish","format-standard","has-post-thumbnail","category-leipzig","tag-de","tag-deutschland","tag-dhb","tag-dhfk-leipzig","tag-dyn-handball","tag-germany","tag-handball","tag-hbl","tag-leipzig","tag-sachsen","tag-schmidt-andre","tag-sport-leuchtturm-leipzig","tag-texttospeech"],"share_on_mastodon":{"url":"https:\/\/pubeurope.com\/@de\/116353621641663020","error":""},"_links":{"self":[{"href":"https:\/\/www.europesays.com\/de\/wp-json\/wp\/v2\/posts\/923663","targetHints":{"allow":["GET"]}}],"collection":[{"href":"https:\/\/www.europesays.com\/de\/wp-json\/wp\/v2\/posts"}],"about":[{"href":"https:\/\/www.europesays.com\/de\/wp-json\/wp\/v2\/types\/post"}],"author":[{"embeddable":true,"href":"https:\/\/www.europesays.com\/de\/wp-json\/wp\/v2\/users\/2"}],"replies":[{"embeddable":true,"href":"https:\/\/www.europesays.com\/de\/wp-json\/wp\/v2\/comments?post=923663"}],"version-history":[{"count":0,"href":"https:\/\/www.europesays.com\/de\/wp-json\/wp\/v2\/posts\/923663\/revisions"}],"wp:featuredmedia":[{"embeddable":true,"href":"https:\/\/www.europesays.com\/de\/wp-json\/wp\/v2\/media\/923664"}],"wp:attachment":[{"href":"https:\/\/www.europesays.com\/de\/wp-json\/wp\/v2\/media?parent=923663"}],"wp:term":[{"taxonomy":"category","embeddable":true,"href":"https:\/\/www.europesays.com\/de\/wp-json\/wp\/v2\/categories?post=923663"},{"taxonomy":"post_tag","embeddable":true,"href":"https:\/\/www.europesays.com\/de\/wp-json\/wp\/v2\/tags?post=923663"}],"curies":[{"name":"wp","href":"https:\/\/api.w.org\/{rel}","templated":true}]}}