{"id":923719,"date":"2026-04-05T19:25:13","date_gmt":"2026-04-05T19:25:13","guid":{"rendered":"https:\/\/www.europesays.com\/de\/923719\/"},"modified":"2026-04-05T19:25:13","modified_gmt":"2026-04-05T19:25:13","slug":"feuerwehr-schaetzt-flaeschchen-als-echt-ein-umweltministerium-untersucht-inhalt","status":"publish","type":"post","link":"https:\/\/www.europesays.com\/de\/923719\/","title":{"rendered":"Feuerwehr sch\u00e4tzt Fl\u00e4schchen als echt ein \u2013 Umweltministerium untersucht Inhalt"},"content":{"rendered":"<p class=\"tspBOli tspBOlj\">Nachdem <strong>zwei M\u00e4nner bei der Ostereiersuche im Garten ein Fl\u00e4schchen mit der Aufschrift \u201ePolonium 210\u201c gefunden haben<\/strong>, hat das Umweltministerium das Fl\u00e4schchen in Vaihingen an der Enz nordwestlich von Stuttgart abgeholt. Dies teilte die Polizei mit. Das Ministerium sei nun f\u00fcr die Untersuchung des Inhalts zust\u00e4ndig. Es war zun\u00e4chst unklar, welcher Stoff in dem Fl\u00e4schchen ist. Das Ministerium war zun\u00e4chst nicht f\u00fcr eine Stellungnahme zu erreichen.<\/p>\n<p class=\"tspBOli\">Polonium 210 sei ein <a href=\"https:\/\/www.tagesspiegel.de\/wissen\/heute-vor-53-jahren-als-die-sowjets-das-rennen-zum-mond-gewannen-10789078.html?icid=in-text-link_15438278\" class=\"link link--internal\" data-gtm-class=\"article-text-link\" data-gtm-val=\"internal\" rel=\"nofollow noopener\" target=\"_blank\">potenziell t\u00f6dliches Strahlengift<\/a>, hatte Kreisbrandmeister Andy Dorroch zuvor mitgeteilt. Die Feuerwehr sch\u00e4tzte nach eigenen Angaben das Fl\u00e4schchen als echt ein. \u201eDas Beh\u00e4ltnis passt zum Stoff\u201c, sagte Dorroch. <strong>\u201eDer Stoff ist auch nicht irgendwie handschriftlich draufgekritzelt<\/strong>, sondern der ist sauber offiziell beschriftet.\u201c Zudem sei das Fl\u00e4schchen mit gesch\u00e4tzten 200 Gramm Gewicht relativ schwer, was wiederum dazu passe, dass Polonium 210 ein relativ schwerer Stoff sei. \u201eSo dass wir schon davon ausgehen, dass es sich um den Stoff tats\u00e4chlich handelt.\u201c<\/p>\n<p> Messungen im Umfeld negativ ausgefallen <\/p>\n<p class=\"tspBOli\">Zun\u00e4chst seien allerdings <strong>alle Messungen im Umfeld des Fl\u00e4schchens negativ gewesen<\/strong>. Es sei keine Radioaktivit\u00e4t gemessen worden. Die M\u00e4nner seien unverletzt. Das Polizeipr\u00e4sidium Ludwigsburg \u00fcbernahm die Ermittlungen zu dem Gegenstand.<\/p>\n<p class=\"tspBOli\">Die M\u00e4nner hatten in dem Garten am Ortsrand Ostereier gesucht und dabei das wei\u00dfe Kunststofffl\u00e4schchen mit rotem Deckel entdeckt, wie der Kreisbrandmeister sagte. Weitere Angaben zu den M\u00e4nnern machte er nicht. Die beiden h\u00e4tten nach dem Fund den Notruf gew\u00e4hlt.<\/p>\n<p> Fund l\u00f6ste Gro\u00dfeinsatz von Feuerwehr und Polizei aus <\/p>\n<p class=\"tspBOli\">Der Fund f\u00fchrte zu einem <a href=\"https:\/\/www.tagesspiegel.de\/berlin\/massenanfall-von-verletzten-feuerwehr-fahrt-mit-grossaufgebot-zu-wohnungsbrand-in-berlin-neukolln-15404663.html?icid=in-text-link_15438278\" class=\"link link--internal\" data-gtm-class=\"article-text-link\" data-gtm-val=\"internal\" rel=\"nofollow noopener\" target=\"_blank\">Gro\u00dfeinsatz von Feuerwehr und Polizei.<\/a> Die Feuerwehr war nach eigenen Angaben mit 138 Einsatzkr\u00e4ften und 41 Fahrzeugen vor Ort &#8211; darunter ein Strahlenschutzzug und Gefahrgutzug sowie einer Fachberaterin Strahlenschutz, die beruflich im Kernkraftwerk arbeitet, wie der Kreisbrandmeister sagte.\u00a0<\/p>\n<p>Mehr zu Polonium<a href=\"https:\/\/www.tagesspiegel.de\/wissen\/wie-oppenheimer-vater-der-atombombe-wurde-jetzt-bin-ich-der-tod-geworden-der-zerstorer-der-welten-10126636.html?icid=topic-list_15438278___\" data-gtm-class=\"article-mzt-link\" data-hydrate-fingerprint=\"09740a54944caac75fd2c0c63fd5c5df\" data-hydrate-props=\"{&amp;escapedquot;element&amp;escapedquot;:{&amp;escapedquot;type&amp;escapedquot;:&amp;escapedquot;relatedContent&amp;escapedquot;,&amp;escapedquot;fieldMap&amp;escapedquot;:{},&amp;escapedquot;relation&amp;escapedquot;:{&amp;escapedquot;fields&amp;escapedquot;:{&amp;escapedquot;isPaid&amp;escapedquot;:true},&amp;escapedquot;href&amp;escapedquot;:&amp;escapedquot;\/wissen\/wie-oppenheimer-vater-der-atombombe-wurde-jetzt-bin-ich-der-tod-geworden-der-zerstorer-der-welten-10126636.html&amp;escapedquot;,&amp;escapedquot;teaserTitle&amp;escapedquot;:{&amp;escapedquot;kicker&amp;escapedquot;:&amp;escapedquot;\u201eJetzt bin ich der Zerst\u00f6rer der Welten\u201c&amp;escapedquot;,&amp;escapedquot;headline&amp;escapedquot;:&amp;escapedquot;Wie Robert Oppenheimer zum Vater der Atombombe wurde&amp;escapedquot;},&amp;escapedquot;id&amp;escapedquot;:&amp;escapedquot;10126636&amp;escapedquot;,&amp;escapedquot;type&amp;escapedquot;:&amp;escapedquot;story&amp;escapedquot;},&amp;escapedquot;isPartOfList&amp;escapedquot;:true,&amp;escapedquot;topicListType&amp;escapedquot;:&amp;escapedquot;topic-list&amp;escapedquot;},&amp;escapedquot;showArrow&amp;escapedquot;:true}\" data-hydrate-slots=\"{&#039;default&#039;:[]}\" class=\"tspC3qm tspC4qt\" rel=\"nofollow noopener\" target=\"_blank\">\u201eJetzt bin ich der Zerst\u00f6rer der Welten\u201c Wie Robert Oppenheimer zum Vater der Atombombe wurde <\/a><a href=\"https:\/\/www.tagesspiegel.de\/wissen\/heute-vor-53-jahren-als-die-sowjets-das-rennen-zum-mond-gewannen-10789078.html?icid=topic-list_15438278___\" data-gtm-class=\"article-mzt-link\" data-hydrate-fingerprint=\"09740a54944caac75fd2c0c63fd5c5df\" data-hydrate-props=\"{&amp;escapedquot;element&amp;escapedquot;:{&amp;escapedquot;type&amp;escapedquot;:&amp;escapedquot;relatedContent&amp;escapedquot;,&amp;escapedquot;fieldMap&amp;escapedquot;:{},&amp;escapedquot;relation&amp;escapedquot;:{&amp;escapedquot;fields&amp;escapedquot;:{&amp;escapedquot;isPaid&amp;escapedquot;:null},&amp;escapedquot;href&amp;escapedquot;:&amp;escapedquot;\/wissen\/heute-vor-53-jahren-als-die-sowjets-das-rennen-zum-mond-gewannen-10789078.html&amp;escapedquot;,&amp;escapedquot;teaserTitle&amp;escapedquot;:{&amp;escapedquot;kicker&amp;escapedquot;:&amp;escapedquot;Heute vor 53 Jahren&amp;escapedquot;,&amp;escapedquot;headline&amp;escapedquot;:&amp;escapedquot;Als die Sowjets das Rennen zum Mond gewannen&amp;escapedquot;},&amp;escapedquot;id&amp;escapedquot;:&amp;escapedquot;10789078&amp;escapedquot;,&amp;escapedquot;type&amp;escapedquot;:&amp;escapedquot;story&amp;escapedquot;},&amp;escapedquot;isPartOfList&amp;escapedquot;:true,&amp;escapedquot;topicListType&amp;escapedquot;:&amp;escapedquot;topic-list&amp;escapedquot;},&amp;escapedquot;showArrow&amp;escapedquot;:true}\" data-hydrate-slots=\"{&#039;default&#039;:[]}\" class=\"tspC3qm tspC4qt\" rel=\"nofollow noopener\" target=\"_blank\">Heute vor 53 Jahren Als die Sowjets das Rennen zum Mond gewannen <\/a><a href=\"https:\/\/www.tagesspiegel.de\/internationales\/team-beklagt-fehlende-spur-vom-leichnam-sprecherin-bestatigt-tod-von-alexej-nawalny-11227702.html?icid=topic-list_15438278___\" data-gtm-class=\"article-mzt-link\" data-hydrate-fingerprint=\"09740a54944caac75fd2c0c63fd5c5df\" data-hydrate-props=\"{&amp;escapedquot;element&amp;escapedquot;:{&amp;escapedquot;type&amp;escapedquot;:&amp;escapedquot;relatedContent&amp;escapedquot;,&amp;escapedquot;fieldMap&amp;escapedquot;:{},&amp;escapedquot;relation&amp;escapedquot;:{&amp;escapedquot;fields&amp;escapedquot;:{&amp;escapedquot;isPaid&amp;escapedquot;:null},&amp;escapedquot;href&amp;escapedquot;:&amp;escapedquot;\/internationales\/team-beklagt-fehlende-spur-vom-leichnam-sprecherin-bestatigt-tod-von-alexej-nawalny-11227702.html&amp;escapedquot;,&amp;escapedquot;teaserTitle&amp;escapedquot;:{&amp;escapedquot;kicker&amp;escapedquot;:&amp;escapedquot;Team beklagt fehlende Spur vom Leichnam&amp;escapedquot;,&amp;escapedquot;headline&amp;escapedquot;:&amp;escapedquot;Sprecherin best\u00e4tigt Tod von Alexej Nawalny&amp;escapedquot;},&amp;escapedquot;id&amp;escapedquot;:&amp;escapedquot;11227702&amp;escapedquot;,&amp;escapedquot;type&amp;escapedquot;:&amp;escapedquot;story&amp;escapedquot;},&amp;escapedquot;isPartOfList&amp;escapedquot;:true,&amp;escapedquot;topicListType&amp;escapedquot;:&amp;escapedquot;topic-list&amp;escapedquot;},&amp;escapedquot;showArrow&amp;escapedquot;:true}\" data-hydrate-slots=\"{&#039;default&#039;:[]}\" class=\"tspC3qm tspC4qt\" rel=\"nofollow noopener\" target=\"_blank\">Team beklagt fehlende Spur vom Leichnam Sprecherin best\u00e4tigt Tod von Alexej Nawalny <\/a><\/p>\n<p class=\"tspBOli\">Der Bereich um den Fundort war den Angaben zufolge weitr\u00e4umig abgesperrt worden. Nach dem Abtransport des Fl\u00e4schchens wurde der Bereich wieder freigegeben. Es blieb zun\u00e4chst unklar, wohin das Umweltministerium das Fl\u00e4schchen brachte und wann es dort untersucht werden sollte.<\/p>\n<p class=\"tspBOli\">Polonium ist ein chemisches Element mit hoher Radiotoxizit\u00e4t und deshalb sehr gesundheitssch\u00e4dlich. Laut Bundesamt f\u00fcr Strahlenschutz (BfS) ist der Stoff vor allem dann gef\u00e4hrlich, wenn er eingeatmet oder aufgrund offener Wunden \u00fcber die Haut aufgenommen wird. Der Putin-Kritiker und fr\u00fchere Geheimdienstoffizier Alexander Litwinenko starb 2006 in London nach einem Anschlag mit Polonium 210. (dpa)<\/p>\n","protected":false},"excerpt":{"rendered":"Nachdem zwei M\u00e4nner bei der Ostereiersuche im Garten ein Fl\u00e4schchen mit der Aufschrift \u201ePolonium 210\u201c gefunden haben, hat&hellip;\n","protected":false},"author":2,"featured_media":923720,"comment_status":"","ping_status":"","sticky":false,"template":"","format":"standard","meta":{"footnotes":"","_share_on_mastodon":"0"},"categories":[2],"tags":[29,985,598,30,13,14,15,12,164019,10,8,9,11,1284],"class_list":["post-923719","post","type-post","status-publish","format-standard","has-post-thumbnail","category-deutschland","tag-deutschland","tag-feuerwehr","tag-garten","tag-germany","tag-headlines","tag-nachrichten","tag-news","tag-schlagzeilen","tag-strahlung","tag-top-news","tag-top-meldungen","tag-topmeldungen","tag-topnews","tag-unfall"],"share_on_mastodon":{"url":"https:\/\/pubeurope.com\/@de\/116353743290551666","error":""},"_links":{"self":[{"href":"https:\/\/www.europesays.com\/de\/wp-json\/wp\/v2\/posts\/923719","targetHints":{"allow":["GET"]}}],"collection":[{"href":"https:\/\/www.europesays.com\/de\/wp-json\/wp\/v2\/posts"}],"about":[{"href":"https:\/\/www.europesays.com\/de\/wp-json\/wp\/v2\/types\/post"}],"author":[{"embeddable":true,"href":"https:\/\/www.europesays.com\/de\/wp-json\/wp\/v2\/users\/2"}],"replies":[{"embeddable":true,"href":"https:\/\/www.europesays.com\/de\/wp-json\/wp\/v2\/comments?post=923719"}],"version-history":[{"count":0,"href":"https:\/\/www.europesays.com\/de\/wp-json\/wp\/v2\/posts\/923719\/revisions"}],"wp:featuredmedia":[{"embeddable":true,"href":"https:\/\/www.europesays.com\/de\/wp-json\/wp\/v2\/media\/923720"}],"wp:attachment":[{"href":"https:\/\/www.europesays.com\/de\/wp-json\/wp\/v2\/media?parent=923719"}],"wp:term":[{"taxonomy":"category","embeddable":true,"href":"https:\/\/www.europesays.com\/de\/wp-json\/wp\/v2\/categories?post=923719"},{"taxonomy":"post_tag","embeddable":true,"href":"https:\/\/www.europesays.com\/de\/wp-json\/wp\/v2\/tags?post=923719"}],"curies":[{"name":"wp","href":"https:\/\/api.w.org\/{rel}","templated":true}]}}