{"id":923933,"date":"2026-04-05T21:32:56","date_gmt":"2026-04-05T21:32:56","guid":{"rendered":"https:\/\/www.europesays.com\/de\/923933\/"},"modified":"2026-04-05T21:32:56","modified_gmt":"2026-04-05T21:32:56","slug":"coswig-heisst-seine-neubuerger-willkommen","status":"publish","type":"post","link":"https:\/\/www.europesays.com\/de\/923933\/","title":{"rendered":"Coswig hei\u00dft seine Neub\u00fcrger willkommen"},"content":{"rendered":"<p>Die Stadt Coswig hat am Dienstag rund 100 Neub\u00fcrgerinnen und Neub\u00fcrger in der Coswiger B\u00f6rse willkommen gehei\u00dfen. Oberb\u00fcrgermeister Thomas Schubert hatte alle zugezogenen B\u00fcrgerinnen und B\u00fcrger des Jahres 2025 zum Empfang eingeladen.<\/p>\n<p>In der Coswiger B\u00f6rse fand am Dienstag der diesj\u00e4hrige Neub\u00fcrgerempfang der Gro\u00dfen Kreisstadt Coswig statt. Das teilte die Stadtverwaltung mit. Oberb\u00fcrgermeister Thomas Schubert hatte alle B\u00fcrgerinnen und B\u00fcrger eingeladen, die im Jahr 2025 nach Coswig gezogen sind. Rund 100 Neub\u00fcrgerinnen und Neub\u00fcrger folgten der Einladung \u2013 eine erfreulich hohe Resonanz, die das Interesse der Zugezogenen an ihrer neuen Heimatstadt unterstreicht.<\/p>\n<p>Den kulturellen Auftakt des Abends gestalteten die T\u00e4nzerinnen von \u201earriba&#8220; mit drei abwechslungsreichen Darbietungen, die beim Publikum gro\u00dfen Anklang fanden und f\u00fcr eine herzliche Atmosph\u00e4re sorgten. Im Anschluss stellte Oberb\u00fcrgermeister Schubert die anwesenden Mitarbeiterinnen und Mitarbeiter der Verwaltung, der st\u00e4dtischen Gesellschaften sowie die Stadtr\u00e4tinnen und Stadtr\u00e4te vor \u2013 damit die Neub\u00fcrgerinnen und Neub\u00fcrger wissen, an wen sie sich bei Fragen und Anliegen wenden k\u00f6nnen. In seiner Ansprache ging Schubert auf die Entwicklung Coswigs ein und beleuchtete zentrale Themen wie Bauen, Wohnen, Arbeiten und Leben in der Stadt.<\/p>\n","protected":false},"excerpt":{"rendered":"Die Stadt Coswig hat am Dienstag rund 100 Neub\u00fcrgerinnen und Neub\u00fcrger in der Coswiger B\u00f6rse willkommen gehei\u00dfen. Oberb\u00fcrgermeister&hellip;\n","protected":false},"author":2,"featured_media":923934,"comment_status":"","ping_status":"","sticky":false,"template":"","format":"standard","meta":{"footnotes":"","_share_on_mastodon":"0"},"categories":[1835],"tags":[12528,15611,202072,3364,29,2386,35206,30,202073,202071,859],"class_list":["post-923933","post","type-post","status-publish","format-standard","has-post-thumbnail","category-dresden","tag-oberbrgermeister","tag-coswig","tag-coswiger-brse","tag-de","tag-deutschland","tag-dresden","tag-empfang","tag-germany","tag-neubrger","tag-neubrgerempfang","tag-sachsen"],"share_on_mastodon":{"url":"https:\/\/pubeurope.com\/@de\/116354246575461790","error":""},"_links":{"self":[{"href":"https:\/\/www.europesays.com\/de\/wp-json\/wp\/v2\/posts\/923933","targetHints":{"allow":["GET"]}}],"collection":[{"href":"https:\/\/www.europesays.com\/de\/wp-json\/wp\/v2\/posts"}],"about":[{"href":"https:\/\/www.europesays.com\/de\/wp-json\/wp\/v2\/types\/post"}],"author":[{"embeddable":true,"href":"https:\/\/www.europesays.com\/de\/wp-json\/wp\/v2\/users\/2"}],"replies":[{"embeddable":true,"href":"https:\/\/www.europesays.com\/de\/wp-json\/wp\/v2\/comments?post=923933"}],"version-history":[{"count":0,"href":"https:\/\/www.europesays.com\/de\/wp-json\/wp\/v2\/posts\/923933\/revisions"}],"wp:featuredmedia":[{"embeddable":true,"href":"https:\/\/www.europesays.com\/de\/wp-json\/wp\/v2\/media\/923934"}],"wp:attachment":[{"href":"https:\/\/www.europesays.com\/de\/wp-json\/wp\/v2\/media?parent=923933"}],"wp:term":[{"taxonomy":"category","embeddable":true,"href":"https:\/\/www.europesays.com\/de\/wp-json\/wp\/v2\/categories?post=923933"},{"taxonomy":"post_tag","embeddable":true,"href":"https:\/\/www.europesays.com\/de\/wp-json\/wp\/v2\/tags?post=923933"}],"curies":[{"name":"wp","href":"https:\/\/api.w.org\/{rel}","templated":true}]}}