{"id":923969,"date":"2026-04-05T21:53:40","date_gmt":"2026-04-05T21:53:40","guid":{"rendered":"https:\/\/www.europesays.com\/de\/923969\/"},"modified":"2026-04-05T21:53:40","modified_gmt":"2026-04-05T21:53:40","slug":"das-dom-feuerwerk-rundet-den-ostersonntag-ab","status":"publish","type":"post","link":"https:\/\/www.europesays.com\/de\/923969\/","title":{"rendered":"Das DOM Feuerwerk rundet den Ostersonntag ab"},"content":{"rendered":"<p _ngcontent-sc113=\"\" class=\"author\"> 05. April 2026 \u2013 Isabell W\u00fcppenhorst <\/p>\n<p _ngcontent-sc113=\"\" class=\"category\">Alle Highlights als Fotos<\/p>\n<p _ngcontent-sc113=\"\" class=\"intro\">Frohe Ostern! Was war das wieder f\u00fcr ein aufregender Tag bei der Radio Hamburg TOP 837. Schaut euch hier nochmal alle Highlights in einer Galerie an. <\/p>\n<p><img decoding=\"async\" _ngcontent-sc96=\"\" src=\"https:\/\/www.europesays.com\/de\/wp-content\/uploads\/2026\/04\/_dsc0899.webp.webp\" alt=\"03_DOM Feuerwerk\" title=\"03_DOM Feuerwerk\"\/><\/p>\n<p>Foto: Radio Hamburg<\/p>\n<p _ngcontent-sc85=\"\" align=\"false\">Wenn der Hamburger DOM abends sein Feuerwerk z\u00fcndet, ist das einfach eines der Highlights des Tages. Viele bleiben extra daf\u00fcr und das lohnt sich jedes Mal. Vor der Radio Hamburg Kulisse kommt das Ganze nochmal besonders gut zur Geltung: Lichter, Fahrgesch\u00e4fte und das Feuerwerk mittendrin. Und apropos Highlights: Die besten Momente vom Ostersonntag gibt\u2019s hier nochmal in Bildern zum Durchklicken. <a _ngcontent-sc132=\"\" target=\"_blank\" href=\"https:\/\/www.radiohamburg.de\/aktionen\/top_800\/Die-Highlights-von-Sonntag-zum-Nachh%C3%B6ren-id1624104.html\" rel=\"nofollow noopener\">Und alle Highlights zum nachh\u00f6ren gibt es hier. <\/a><\/p>\n<p>Die Highlights vom Ostersonntag in Bildern<img decoding=\"async\" _ngcontent-sc96=\"\" src=\"https:\/\/www.europesays.com\/de\/wp-content\/uploads\/2026\/04\/img_1470.jpg.webp.webp\" alt=\"Selma Zuckerwattenfail\" title=\"Selma Zuckerwattenfail\" data-id=\"0\"\/><\/p>\n<p>Foto: Radio Hamburg<\/p>\n<p>\u00a0<\/p>\n<p><img decoding=\"async\" _ngcontent-sc96=\"\" src=\"https:\/\/www.europesays.com\/de\/wp-content\/uploads\/2026\/04\/dsc09414.jpg.webp.webp\" alt=\"03_XXL Lebkuchen-Herz\" title=\"03_XXL Lebkuchen-Herz\" data-id=\"1\"\/><\/p>\n<p>Foto: Radio Hamburg<\/p>\n<p>\u00a0<\/p>\n<p><img decoding=\"async\" _ngcontent-sc96=\"\" src=\"https:\/\/www.europesays.com\/de\/wp-content\/uploads\/2026\/04\/bild_wolgang_lego.jpg.webp.webp\" alt=\"Wolfgang, Lego TOP 837\" title=\"Wolfgang, Lego TOP 837\" data-id=\"2\"\/><\/p>\n<p>\u00a0<\/p>\n<p>\u00a0<\/p>\n<p><img decoding=\"async\" _ngcontent-sc96=\"\" src=\"https:\/\/www.europesays.com\/de\/wp-content\/uploads\/2026\/04\/dsc09430.jpg.webp.webp\" alt=\"04_St\u00fcbi und Selma \u00fcbernehmen\" title=\"04_St\u00fcbi und Selma \u00fcbernehmen\" data-id=\"3\"\/><\/p>\n<p>Foto: Radio Hamburg<\/p>\n<p>\u00a0<\/p>\n<p><img decoding=\"async\" _ngcontent-sc96=\"\" src=\"https:\/\/www.europesays.com\/de\/wp-content\/uploads\/2026\/04\/dsc09198.jpg.webp.webp\" alt=\"03_John und Leas zweite Schicht\" title=\"03_John und Leas zweite Schicht\" data-id=\"4\"\/><\/p>\n<p>Foto: Radio Hamburg<\/p>\n<p>\u00a0<\/p>\n<p><img decoding=\"async\" _ngcontent-sc96=\"\" src=\"https:\/\/www.europesays.com\/de\/wp-content\/uploads\/2026\/04\/dsc09464.jpg.webp.webp\" alt=\"03_St\u00fcbi und Selma \u00fcbernehmen\" title=\"03_St\u00fcbi und Selma \u00fcbernehmen\" data-id=\"5\"\/><\/p>\n<p>Foto: Radio Hamburg<\/p>\n<p>\u00a0<\/p>\n<p><img decoding=\"async\" _ngcontent-sc96=\"\" src=\"https:\/\/www.europesays.com\/de\/wp-content\/uploads\/2026\/04\/dsc09207.jpg.webp.webp\" alt=\"04_John und Leas zweite Schicht\" title=\"04_John und Leas zweite Schicht\" data-id=\"6\"\/><\/p>\n<p>Foto: Radio Hamburg<\/p>\n<p>\u00a0<\/p>\n<p><img decoding=\"async\" _ngcontent-sc96=\"\" src=\"https:\/\/www.europesays.com\/de\/wp-content\/uploads\/2026\/04\/img_1292.jpg.webp.webp\" alt=\"03_Lea trifft den Osterhasen\" title=\"03_Lea trifft den Osterhasen\" data-id=\"7\"\/><\/p>\n<p>Foto: Radio Hamburg <\/p>\n<p>\u00a0<\/p>\n<p><img decoding=\"async\" _ngcontent-sc96=\"\" src=\"https:\/\/www.europesays.com\/de\/wp-content\/uploads\/2026\/04\/dsc09391.jpg.webp.webp\" alt=\"05_Das Ei wurde gefunden\" title=\"05_Das Ei wurde gefunden\" data-id=\"8\"\/><\/p>\n<p>Foto: Radio Hamburg<\/p>\n<p>\u00a0<\/p>\n<p><img decoding=\"async\" _ngcontent-sc96=\"\" src=\"https:\/\/www.europesays.com\/de\/wp-content\/uploads\/2026\/04\/dsc09486.jpg.webp.webp\" alt=\"01_St\u00fcbi und Selma \u00fcbernehmen\" title=\"01_St\u00fcbi und Selma \u00fcbernehmen\" data-id=\"9\"\/><\/p>\n<p>Foto: Radio Hamburg<\/p>\n<p>\u00a0<\/p>\n<p><img decoding=\"async\" _ngcontent-sc96=\"\" src=\"https:\/\/www.europesays.com\/de\/wp-content\/uploads\/2026\/04\/image_(3).jpg.webp.webp\" alt=\"02_Selma im Studio\" title=\"02_Selma im Studio\" data-id=\"10\"\/><\/p>\n<p>Foto: Radio Hamburg<\/p>\n<p>\u00a0<\/p>\n<p><img decoding=\"async\" _ngcontent-sc96=\"\" src=\"https:\/\/www.europesays.com\/de\/wp-content\/uploads\/2026\/04\/_dsc0899.jpg.webp.webp\" alt=\"03_DOM Feuerwerk\" title=\"03_DOM Feuerwerk\" data-id=\"11\"\/><\/p>\n<p>Foto: Radio Hamburg<\/p>\n<p>\u00a0<\/p>\n<p><img decoding=\"async\" _ngcontent-sc96=\"\" src=\"https:\/\/www.europesays.com\/de\/wp-content\/uploads\/2026\/04\/_dsc0900.jpg.webp.webp\" alt=\"02_DOM Feuerwerk\" title=\"02_DOM Feuerwerk\" data-id=\"12\"\/><\/p>\n<p>Foto: Radio Hamburg<\/p>\n<p>\u00a0<\/p>\n<p><img decoding=\"async\" _ngcontent-sc96=\"\" src=\"https:\/\/www.europesays.com\/de\/wp-content\/uploads\/2026\/04\/_dsc0889.jpg.webp.webp\" alt=\"01_DOM Feuerwerk\" title=\"01_DOM Feuerwerk\" data-id=\"13\"\/><\/p>\n<p>Foto: Radio Hamburg<\/p>\n<p>\u00a0<\/p>\n<p>Die TOP 800 bei Radio Hamburg &#8211; jetzt einschalten!<\/p>\n<p _ngcontent-sc85=\"\" align=\"false\">Die TOP 837 h\u00f6rt ihr ab Karsamstag um 4 Uhr live bei Radio Hamburg. \u00dcber 800 Mega-Hits, komplett von euch gew\u00e4hlt, 65 Stunden nonstop moderiert von euren Oster-Teams. Am Ostermontag steht dann ab etwa 19 Uhr das gro\u00dfen Finale mit den noch streng geheimen TOP 20 an. H\u00f6rt also unbedingt mal rein!<\/p>\n<p _ngcontent-sc85=\"\" align=\"false\"><strong _ngcontent-sc85=\"\" align=\"false\">Live zuh\u00f6ren geht ganz einfach und \u00fcberall auf der Welt:<\/strong><\/p>\n<p><img decoding=\"async\" _ngcontent-sc129=\"\" class=\"\" src=\"https:\/\/www.europesays.com\/de\/wp-content\/uploads\/2025\/05\/1746397515_497_image.jpg\" alt=\"Streamcover_1600_live.jpg\" title=\"Streamcover_1600_live.jpg\"\/><\/p>\n<p> Hier geht&#8217;s zum Programm von Radio Hamburg <\/p>\n<p>Radio Hamburg Live Stream<\/p>\n<p _ngcontent-sc85=\"\" align=\"false\">Eure Mega-Hits f\u00fcr die sch\u00f6nste Stadt der Welt und dazu alle wichtigen News aus Hamburg, Deutschland und der Welt h\u00f6rt ihr bei uns im Programm.<\/p>\n","protected":false},"excerpt":{"rendered":"05. April 2026 \u2013 Isabell W\u00fcppenhorst Alle Highlights als Fotos Frohe Ostern! Was war das wieder f\u00fcr ein&hellip;\n","protected":false},"author":2,"featured_media":923970,"comment_status":"","ping_status":"","sticky":false,"template":"","format":"standard","meta":{"footnotes":"","_share_on_mastodon":"0"},"categories":[1826],"tags":[16222,38182,29,202085,4851,30,692,202082,23201,202084,38176,202083,201603],"class_list":["post-923969","post","type-post","status-publish","format-standard","has-post-thumbnail","category-hamburg","tag-dom","tag-christian-stuebinger","tag-deutschland","tag-dom-highlights","tag-feuerwerk","tag-germany","tag-hamburg","tag-highlights-top-800","tag-oster-mega-hit-marathon","tag-ostern-hamburger-dom","tag-radio-hamburg","tag-selma-puetz","tag-top-837"],"share_on_mastodon":{"url":"https:\/\/pubeurope.com\/@de\/116354326279950414","error":""},"_links":{"self":[{"href":"https:\/\/www.europesays.com\/de\/wp-json\/wp\/v2\/posts\/923969","targetHints":{"allow":["GET"]}}],"collection":[{"href":"https:\/\/www.europesays.com\/de\/wp-json\/wp\/v2\/posts"}],"about":[{"href":"https:\/\/www.europesays.com\/de\/wp-json\/wp\/v2\/types\/post"}],"author":[{"embeddable":true,"href":"https:\/\/www.europesays.com\/de\/wp-json\/wp\/v2\/users\/2"}],"replies":[{"embeddable":true,"href":"https:\/\/www.europesays.com\/de\/wp-json\/wp\/v2\/comments?post=923969"}],"version-history":[{"count":0,"href":"https:\/\/www.europesays.com\/de\/wp-json\/wp\/v2\/posts\/923969\/revisions"}],"wp:featuredmedia":[{"embeddable":true,"href":"https:\/\/www.europesays.com\/de\/wp-json\/wp\/v2\/media\/923970"}],"wp:attachment":[{"href":"https:\/\/www.europesays.com\/de\/wp-json\/wp\/v2\/media?parent=923969"}],"wp:term":[{"taxonomy":"category","embeddable":true,"href":"https:\/\/www.europesays.com\/de\/wp-json\/wp\/v2\/categories?post=923969"},{"taxonomy":"post_tag","embeddable":true,"href":"https:\/\/www.europesays.com\/de\/wp-json\/wp\/v2\/tags?post=923969"}],"curies":[{"name":"wp","href":"https:\/\/api.w.org\/{rel}","templated":true}]}}