{"id":924924,"date":"2026-04-06T08:19:23","date_gmt":"2026-04-06T08:19:23","guid":{"rendered":"https:\/\/www.europesays.com\/de\/924924\/"},"modified":"2026-04-06T08:19:23","modified_gmt":"2026-04-06T08:19:23","slug":"meghan-zeigt-familienmomente-oster-idylle-in-kalifornien-unterhaltung","status":"publish","type":"post","link":"https:\/\/www.europesays.com\/de\/924924\/","title":{"rendered":"Meghan zeigt Familienmomente: Oster-Idylle in Kalifornien | Unterhaltung"},"content":{"rendered":"<p><a class=\"skip-content skip-content--link\" href=\"#in-content-skip-link-target-v-0-0\">TTS-Player \u00fcberspringen\u21b5<\/a><a id=\"in-content-skip-link-target-v-0-0\" class=\"skip-content--target-link-hidden skip-content skip-content--target-link\" href=\"#in-content-skip-link-target-v-0-0\">Artikel weiterlesen<\/a><\/p>\n<p>Montecito (USA) \u2013 <b>Erst Schnee, jetzt Fr\u00fchlings-Idylle! Meghan (44) zeigt, wie schnell sich das Leben der Sussex-Familie ver\u00e4ndern kann \u2013 und liefert gleich zwei seltene Einblicke in ihr Privatleben. Noch vor wenigen Tagen postete Meghan Eindr\u00fccke aus dem Skiurlaub \u2013 jetzt toben ihre Kinder schon wieder durch den sonnigen Garten in Kalifornien.<\/b><\/p>\n<p>Der Kontrast k\u00f6nnte kaum gr\u00f6\u00dfer sein: Statt Schnee und Skianzug gibt es jetzt Sonne, Blumen und bunte Ostereier! Auf ihrem Anwesen in Montecito feiert die Familie ein entspanntes Osterfest. Meghans Kinder flitzen mit niedlichen Hasenohren durch den Garten, suchen versteckte Eier und bemalen sie bunt.<\/p>\n<p><img decoding=\"async\" width=\"992\" height=\"1338\" alt=\"In der Ferne leuchtet schon ein rotes Ei: Archie (6) und Lilibet (4) rennen ausgelassen mit ihren Osterk\u00f6rben durch den Garten \u2013 auf der Suche nach den bunten \u00dcberraschungen\" src=\"https:\/\/www.europesays.com\/de\/wp-content\/uploads\/2026\/04\/43c721972b0954526869fbf29b658a1d,7cf93b90.jpeg\"   class=\"dynamic\" loading=\"lazy\"\/><\/p>\n<p class=\"fig__caption__text\">In der Ferne leuchtet schon ein rotes Ei: Archie (6) und Lilibet (4) rennen ausgelassen mit ihren Osterk\u00f6rben durch den Garten \u2013 auf der Suche nach den bunten \u00dcberraschungen<\/p>\n<p>Foto: meghan\/Instagram<\/p>\n<p>Eigene H\u00fchner sorgen f\u00fcr frische Eier<\/p>\n<p>Und die Ostereier? Die k\u00f6nnten kaum frischer sein! Denn Meghan und Harry halten auf ihrem Anwesen mehrere H\u00fchner. Immer wieder gew\u00e4hrten sie Einblicke in ihren H\u00fchnerstall \u2013 etwa in Interviews oder in ihrer Netflix-Doku. Die Tiere sind Teil ihres nachhaltigen, naturverbundenen Lebensstils in Kalifornien.<\/p>\n<p>Mehr zum ThemaOstern wie bei einer ganz normalen Familie<\/p>\n<p>Trotz Millionen-Villa \u00fcberraschend nahbar: Diese Szenen wirken alles andere als abgehoben! Kein royaler Prunk, keine steifen Traditionen, stattdessen ein Osterfest wie bei ganz normalen Familien. Eiersuche im Garten, gemeinsames Basteln, Lachen und Spielen sowie vor allem Zeit f\u00fcreinander.<\/p>\n<p><img decoding=\"async\" width=\"992\" height=\"1310\" alt=\"So macht Eiermalen gleich doppelt Spa\u00df: Archie (6) bemalt mit seinem Dino-Ger\u00e4t die Eier, die sich drehen, damit die Streifen perfekt gelingen\" src=\"https:\/\/www.europesays.com\/de\/wp-content\/uploads\/2026\/04\/0be31ce8af260f30b4e4358bcf2c9822,46058e42.jpeg\"   class=\"dynamic\" loading=\"lazy\"\/><\/p>\n<p class=\"fig__caption__text\">So macht Eiermalen gleich doppelt Spa\u00df: Archie bemalt mit einer Anmalhilfe die Eier, so gelingen die Streifen perfekt<\/p>\n<p>Foto: meghan\/Instagram<\/p>\n<p>Pflichttermine statt Ostern im Garten<\/p>\n<p>W\u00e4hrend Meghan und ihre Familie Ostern entspannt im eigenen Garten verbringen, nimmt die britische K\u00f6nigsfamilie in Windsor ihre traditionellen Termine wahr. Beim Gottesdienst in der St. George\u2019s Chapel zeigt sich der engste Kreis um K\u00f6nig Charles geschlossen und gut gelaunt.<\/p>\n<p><img decoding=\"async\" width=\"992\" height=\"992\" alt=\"Prinz William (43, r.) und Prinzessin Kate (44, zweite v.l.) mit ihren Kindern Charlotte (10, v.l.), George (12) und Louis (7) am Sonntag auf dem Weg zum Ostergottesdienst in Windsor\" src=\"https:\/\/www.europesays.com\/de\/wp-content\/uploads\/2026\/04\/b229d809a7a16060d166fbbaf98efeb5,4ae4cc9b.jpeg\"   class=\"dynamic\" loading=\"lazy\"\/><\/p>\n<p class=\"fig__caption__text\">Prinz William (43, r.) und Prinzessin Kate (44, zweite v.l.) mit ihren Kindern Charlotte (10, v.l.), George (12) und Louis (7) am Sonntag auf dem Weg zum Ostergottesdienst in Windsor<\/p>\n<p>Foto: Aaron Chown\/PA Wire\/dpa<\/p>\n<p>William (43), Kate (44) und ihre Kinder gehen gemeinsam zur Kapelle, plaudern, winken den Fans und wirken dabei nahbar. Der Auftritt unterstreicht vor allem eines: Zusammenhalt, Tradition und die Bedeutung gemeinsamer Momente innerhalb der k\u00f6niglichen Familie.<\/p>\n","protected":false},"excerpt":{"rendered":"TTS-Player \u00fcberspringen\u21b5Artikel weiterlesen Montecito (USA) \u2013 Erst Schnee, jetzt Fr\u00fchlings-Idylle! Meghan (44) zeigt, wie schnell sich das Leben&hellip;\n","protected":false},"author":2,"featured_media":924925,"comment_status":"","ping_status":"","sticky":false,"template":"","format":"standard","meta":{"footnotes":"","_share_on_mastodon":"0"},"categories":[155],"tags":[18601,29,14011,214,30,4858,21768,5224,2454,138370,45,215],"class_list":["post-924924","post","type-post","status-publish","format-standard","has-post-thumbnail","category-unterhaltung","tag-feiertage","tag-deutschland","tag-eier","tag-entertainment","tag-germany","tag-herzogin-von-sussex-meghan","tag-osterhase","tag-ostermontag","tag-ostern","tag-team-first","tag-texttospeech","tag-unterhaltung"],"share_on_mastodon":{"url":"https:\/\/pubeurope.com\/@de\/116356787184953518","error":""},"_links":{"self":[{"href":"https:\/\/www.europesays.com\/de\/wp-json\/wp\/v2\/posts\/924924","targetHints":{"allow":["GET"]}}],"collection":[{"href":"https:\/\/www.europesays.com\/de\/wp-json\/wp\/v2\/posts"}],"about":[{"href":"https:\/\/www.europesays.com\/de\/wp-json\/wp\/v2\/types\/post"}],"author":[{"embeddable":true,"href":"https:\/\/www.europesays.com\/de\/wp-json\/wp\/v2\/users\/2"}],"replies":[{"embeddable":true,"href":"https:\/\/www.europesays.com\/de\/wp-json\/wp\/v2\/comments?post=924924"}],"version-history":[{"count":0,"href":"https:\/\/www.europesays.com\/de\/wp-json\/wp\/v2\/posts\/924924\/revisions"}],"wp:featuredmedia":[{"embeddable":true,"href":"https:\/\/www.europesays.com\/de\/wp-json\/wp\/v2\/media\/924925"}],"wp:attachment":[{"href":"https:\/\/www.europesays.com\/de\/wp-json\/wp\/v2\/media?parent=924924"}],"wp:term":[{"taxonomy":"category","embeddable":true,"href":"https:\/\/www.europesays.com\/de\/wp-json\/wp\/v2\/categories?post=924924"},{"taxonomy":"post_tag","embeddable":true,"href":"https:\/\/www.europesays.com\/de\/wp-json\/wp\/v2\/tags?post=924924"}],"curies":[{"name":"wp","href":"https:\/\/api.w.org\/{rel}","templated":true}]}}