{"id":925088,"date":"2026-04-06T09:55:16","date_gmt":"2026-04-06T09:55:16","guid":{"rendered":"https:\/\/www.europesays.com\/de\/925088\/"},"modified":"2026-04-06T09:55:16","modified_gmt":"2026-04-06T09:55:16","slug":"22-gegen-moenchengladbach-sportfreunde-siegen-verschenken-spaet-zwei-punkte-fussball","status":"publish","type":"post","link":"https:\/\/www.europesays.com\/de\/925088\/","title":{"rendered":"2:2 gegen M\u00f6nchengladbach: Sportfreunde Siegen verschenken sp\u00e4t zwei Punkte &#8211; Fu\u00dfball"},"content":{"rendered":"<p>2:2 gegen M\u00f6nchengladbach<\/p>\n<p>Sportfreunde Siegen verschenken sp\u00e4t zwei Punkte<\/p>\n<p>06.04.2026, 11:50 Uhr<img loading=\"lazy\" decoding=\"async\" src=\"https:\/\/www.europesays.com\/de\/wp-content\/uploads\/2026\/04\/4238901_1_figurenolazy_2035832870.jpeg\" alt=\"Siegens Trainer Boris Schommers war mit seinen Sportfreunden lange Zeit auf der Siegerstra&#xDF;e. Ein sp&#xE4;ter Gladbacher Doppelschlag\" title=\"Siegens Trainer Boris Schommers war mit seinen Sportfreunden lange Zeit auf der Siegerstra&#xDF;e. Ein sp&#xE4;ter Gladbacher Doppelschlag\" width=\"960\" height=\"540\" class=\"img-fluid\"\/>iSiegens Trainer Boris Schommers war mit seinen Sportfreunden lange Zeit auf der Siegerstra\u00dfe. Ein sp\u00e4ter Gladbacher Doppelschlag schockte den SFS im Leimbachstadion. Marco Bader<\/p>\n<p class=\"teaser\">In der Regionalliga West schockt ein sp\u00e4ter Gladbacher Doppelschlag die Sportfreunde Siegen. Trotz F\u00fchrung mussten sie sich mit einem 2:2 begn\u00fcgen. Nach dem Spielverlauf f\u00fchlt es sich aus Siegener Sicht eher an wie eine Niederlage.<\/p>\n<p>Die Sportfreunde Siegen haben am Samstagnachmittag einen Heimsieg in der Fu\u00dfball-Regionalliga West gegen die U23 von Borussia M\u00f6nchengladbach aus der Hand gegeben. Vor 2812 Zuschauern im Leimbachstadion endete die Partie 2:2 (1:0). Die Sportfreunde um Trainer Boris Schommers lagen bis kurz vor Schluss komfortabel in F\u00fchrung, kassierten in der Schlussphase dann aber zwei Gegentore innerhalb von zwei Minuten.<\/p>\n<p>Artikel teilen <\/p>\n<p>Ressort und Schlagw\u00f6rterSport<\/p>\n","protected":false},"excerpt":{"rendered":"2:2 gegen M\u00f6nchengladbach Sportfreunde Siegen verschenken sp\u00e4t zwei Punkte 06.04.2026, 11:50 UhriSiegens Trainer Boris Schommers war mit seinen&hellip;\n","protected":false},"author":2,"featured_media":925089,"comment_status":"","ping_status":"","sticky":false,"template":"","format":"standard","meta":{"footnotes":"","_share_on_mastodon":"0"},"categories":[1849],"tags":[3364,29,548,663,3934,30,13,4455,14,15,1209,12,17072,265],"class_list":["post-925088","post","type-post","status-publish","format-standard","has-post-thumbnail","category-moenchengladbach","tag-de","tag-deutschland","tag-eu","tag-europa","tag-europe","tag-germany","tag-headlines","tag-moenchengladbach","tag-nachrichten","tag-news","tag-nordrhein-westfalen","tag-schlagzeilen","tag-siegen","tag-sport"],"share_on_mastodon":{"url":"https:\/\/pubeurope.com\/@de\/116357164609615867","error":""},"_links":{"self":[{"href":"https:\/\/www.europesays.com\/de\/wp-json\/wp\/v2\/posts\/925088","targetHints":{"allow":["GET"]}}],"collection":[{"href":"https:\/\/www.europesays.com\/de\/wp-json\/wp\/v2\/posts"}],"about":[{"href":"https:\/\/www.europesays.com\/de\/wp-json\/wp\/v2\/types\/post"}],"author":[{"embeddable":true,"href":"https:\/\/www.europesays.com\/de\/wp-json\/wp\/v2\/users\/2"}],"replies":[{"embeddable":true,"href":"https:\/\/www.europesays.com\/de\/wp-json\/wp\/v2\/comments?post=925088"}],"version-history":[{"count":0,"href":"https:\/\/www.europesays.com\/de\/wp-json\/wp\/v2\/posts\/925088\/revisions"}],"wp:featuredmedia":[{"embeddable":true,"href":"https:\/\/www.europesays.com\/de\/wp-json\/wp\/v2\/media\/925089"}],"wp:attachment":[{"href":"https:\/\/www.europesays.com\/de\/wp-json\/wp\/v2\/media?parent=925088"}],"wp:term":[{"taxonomy":"category","embeddable":true,"href":"https:\/\/www.europesays.com\/de\/wp-json\/wp\/v2\/categories?post=925088"},{"taxonomy":"post_tag","embeddable":true,"href":"https:\/\/www.europesays.com\/de\/wp-json\/wp\/v2\/tags?post=925088"}],"curies":[{"name":"wp","href":"https:\/\/api.w.org\/{rel}","templated":true}]}}