{"id":925160,"date":"2026-04-06T10:36:13","date_gmt":"2026-04-06T10:36:13","guid":{"rendered":"https:\/\/www.europesays.com\/de\/925160\/"},"modified":"2026-04-06T10:36:13","modified_gmt":"2026-04-06T10:36:13","slug":"kriminalitaet-farbanschlag-auf-cdu-parteibuero-in-markkleeberg-panorama","status":"publish","type":"post","link":"https:\/\/www.europesays.com\/de\/925160\/","title":{"rendered":"Kriminalit\u00e4t &#8211; Farbanschlag auf CDU-Parteib\u00fcro in Markkleeberg &#8211; Panorama"},"content":{"rendered":"<p data-manual=\"paragraph\" data-schema-org-speakable=\"true\" class=\"css-1eosz7k\">Markkleeberg (dpa\/sn) &#8211; Ein Parteib\u00fcro der <a href=\"https:\/\/www.sueddeutsche.de\/thema\/CDU\" rel=\"nofollow noopener\" target=\"_blank\">CDU<\/a> ist in Markkleeberg mit Farbe beschmiert worden. \u201eUnbekannte T\u00e4ter warfen mit schwarzer Farbe gef\u00fcllte Glasflaschen gegen die Hauswand des Mehrfamilienhauses, in dem sich das Parteib\u00fcro befindet\u201c, teilte die Polizeidirektion Leipzig mit. Au\u00dferdem h\u00e4tten die Unbekannten den Briefkasten, das Klingelschild und ein Parteiplakat mit roter Farbe bespr\u00fcht. Der Sachschaden belaufe sich auf 300 Euro. Der Farbanschlag ereignete sich in der Nacht zu Ostersonntag.<\/p>\n<p data-manual=\"paragraph\" data-schema-org-speakable=\"true\" class=\"css-1eosz7k\">\u00a9 dpa-infocom, dpa:260406-930-911144\/1<\/p>\n","protected":false},"excerpt":{"rendered":"Markkleeberg (dpa\/sn) &#8211; Ein Parteib\u00fcro der CDU ist in Markkleeberg mit Farbe beschmiert worden. \u201eUnbekannte T\u00e4ter warfen mit&hellip;\n","protected":false},"author":2,"featured_media":925161,"comment_status":"","ping_status":"","sticky":false,"template":"","format":"standard","meta":{"footnotes":"","_share_on_mastodon":"0"},"categories":[1832],"tags":[31,3364,29,11471,30,1584,71,1974,2403,859,149],"class_list":["post-925160","post","type-post","status-publish","format-standard","has-post-thumbnail","category-leipzig","tag-cdu","tag-de","tag-deutschland","tag-friedrich-ebert-strasse","tag-germany","tag-kriminalitaet","tag-leipzig","tag-panorama","tag-partei","tag-sachsen","tag-sueddeutsche-zeitung"],"share_on_mastodon":{"url":"https:\/\/pubeurope.com\/@de\/116357325982494094","error":""},"_links":{"self":[{"href":"https:\/\/www.europesays.com\/de\/wp-json\/wp\/v2\/posts\/925160","targetHints":{"allow":["GET"]}}],"collection":[{"href":"https:\/\/www.europesays.com\/de\/wp-json\/wp\/v2\/posts"}],"about":[{"href":"https:\/\/www.europesays.com\/de\/wp-json\/wp\/v2\/types\/post"}],"author":[{"embeddable":true,"href":"https:\/\/www.europesays.com\/de\/wp-json\/wp\/v2\/users\/2"}],"replies":[{"embeddable":true,"href":"https:\/\/www.europesays.com\/de\/wp-json\/wp\/v2\/comments?post=925160"}],"version-history":[{"count":0,"href":"https:\/\/www.europesays.com\/de\/wp-json\/wp\/v2\/posts\/925160\/revisions"}],"wp:featuredmedia":[{"embeddable":true,"href":"https:\/\/www.europesays.com\/de\/wp-json\/wp\/v2\/media\/925161"}],"wp:attachment":[{"href":"https:\/\/www.europesays.com\/de\/wp-json\/wp\/v2\/media?parent=925160"}],"wp:term":[{"taxonomy":"category","embeddable":true,"href":"https:\/\/www.europesays.com\/de\/wp-json\/wp\/v2\/categories?post=925160"},{"taxonomy":"post_tag","embeddable":true,"href":"https:\/\/www.europesays.com\/de\/wp-json\/wp\/v2\/tags?post=925160"}],"curies":[{"name":"wp","href":"https:\/\/api.w.org\/{rel}","templated":true}]}}