{"id":925417,"date":"2026-04-06T13:08:18","date_gmt":"2026-04-06T13:08:18","guid":{"rendered":"https:\/\/www.europesays.com\/de\/925417\/"},"modified":"2026-04-06T13:08:18","modified_gmt":"2026-04-06T13:08:18","slug":"ehemaliger-obama-berater-wir-werden-herausfinden-ob-das-us-militaer-bereit-ist-nein-zu-trump-zu-sagen","status":"publish","type":"post","link":"https:\/\/www.europesays.com\/de\/925417\/","title":{"rendered":"Ehemaliger Obama-Berater: \u201eWir werden herausfinden, ob das US-Milit\u00e4r bereit ist \u201aNein\u2018 zu Trump zu sagen\u201c"},"content":{"rendered":"<p>Im Streit um US-Drohungen gegen den Iran wird die Kritik an Donald Trump lauter. EU-Ratspr\u00e4sident Ant\u00f3nio Costa teilt mit, Angriffe auf zivile Infrastruktur seien illegal. Auch der fr\u00fchere Obama-Sicherheitsberater Rhodes warnt vor einem m\u00f6glichen Alleingang im Wei\u00dfen Haus.<\/p>\n<p class=\"is-first-paragraph\" data-external=\"Article.FirstParagraph\">EU-Ratspr\u00e4sident Ant\u00f3nio Costa hat angesichts der j\u00fcngsten Drohungen von US-Pr\u00e4sident Donald Trump im Iran-Krieg jegliche Angriffe auf zivile Ziele verurteilt. \u201eJeder Angriff auf zivile Infrastruktur, insbesondere auf Energieanlagen, ist illegal und inakzeptabel\u201c, erkl\u00e4rte Costa am Montag in Onlinediensten. \u201eDas gilt f\u00fcr den Krieg Russlands in der Ukraine und das gilt \u00fcberall.\u201c<\/p>\n<p>Die iranische Zivilbev\u00f6lkerung sei \u201edas Hauptopfer des iranischen Regimes\u201c, fuhr Costa fort. Sie w\u00e4re auch \u201edas Hauptopfer einer Ausweitung des Milit\u00e4reinsatzes\u201c. <\/p>\n<p><a class=\"is-link c-block-items__link c-link--rich-text-renderer\" href=\"https:\/\/www.welt.de\/politik\/ausland\/article69cf05f2cdf80d124bb0cc45\/krieg-in-nahost-nach-us-israelischem-angriff-irans-revolutionsgarden-vermelden-tod-ihres-geheimdienstchefs-liveticker.html\" data-internal-tracking-enabled=\"true\" data-internal-tracking=\"{&quot;action&quot;:&quot;click&quot;,&quot;label&quot;:&quot;link&quot;,&quot;name&quot;:&quot;Inline Element&quot;,&quot;data&quot;:{&quot;source&quot;:&quot;&quot;,&quot;target&quot;:&quot;https:\/\/www.welt.de\/politik\/ausland\/article69cf05f2cdf80d124bb0cc45\/krieg-in-nahost-nach-us-israelischem-angriff-irans-revolutionsgarden-vermelden-tod-ihres-geheimdienstchefs-liveticker.html&quot;,&quot;trackingName&quot;:&quot;&quot;,&quot;trackingLabel&quot;:&quot;&quot;}}\" rel=\"nofollow noopener\" target=\"_blank\">Lesen Sie hier alle Entwicklungen in unserem Liveticker<\/a><\/p>\n<p>Die Europ\u00e4ische Union fordere Teheran dazu auf, Angriffe auf L\u00e4nder in der Region \u201eunverz\u00fcglich einzustellen\u201c und die uneingeschr\u00e4nkte Durchfahrt durch die de facto gesperrte Stra\u00dfe von Hormus zu erm\u00f6glichen, erkl\u00e4rte Costa weiter. \u201eNach f\u00fcnf Wochen Krieg im Nahen Osten ist klar, dass nur eine diplomatische L\u00f6sung die Ursachen beseitigen kann.\u201c<\/p>\n<p>US-Pr\u00e4sident Trump hat mit der massiven Zerst\u00f6rung von Kraftwerken und Br\u00fccken im Iran gedroht, sollte die Stra\u00dfe von Hormus nicht bis Ablauf einer bis Dienstag gesetzten Frist ge\u00f6ffnet werden. Zugleich \u00e4u\u00dferte er sich zuversichtlich, dass zuvor noch eine Einigung erreicht werden k\u00f6nnte.<\/p>\n<p> Es f\u00fchle sich \u201ezunehmend so an, als w\u00fcrde ein einzelner Mann in einem Raum Entscheidungen treffen\u201c<\/p>\n<p>Der fr\u00fchere Vize-Sicherheitsberater von <a class=\"is-link c-block-items__link c-link--rich-text-renderer\" href=\"https:\/\/www.welt.de\/politik\/ausland\/article699177104f433d4463b12ed5\/barack-obama-erstmals-aeussert-er-sich-ueber-trumps-rassistisches-affen-video.html\" data-internal-tracking-enabled=\"true\" data-internal-tracking=\"{&quot;action&quot;:&quot;click&quot;,&quot;label&quot;:&quot;link&quot;,&quot;name&quot;:&quot;Inline Element&quot;,&quot;data&quot;:{&quot;source&quot;:&quot;&quot;,&quot;target&quot;:&quot;https:\/\/www.welt.de\/politik\/ausland\/article699177104f433d4463b12ed5\/barack-obama-erstmals-aeussert-er-sich-ueber-trumps-rassistisches-affen-video.html&quot;,&quot;trackingName&quot;:&quot;&quot;,&quot;trackingLabel&quot;:&quot;&quot;}}\" rel=\"nofollow noopener\" target=\"_blank\">Barack Obama<\/a>, Ben Rhodes, sieht in den Drohungen von US-Pr\u00e4sident Donald Trump gegen den Iran Anzeichen f\u00fcr einen politischen Alleingang. \u201eWir werden herausfinden, ob das US-Milit\u00e4r bereit ist \u201aNein\u2018 zu Trump zu sagen\u201c, sagte Rhodes der BBC. Trump hatte dem Iran auf seiner Plattform Truth Social am Sonntag erneut mit Angriffen auf Kraftwerke und Br\u00fccken, also auf zivile Infrastruktur, gedroht. <\/p>\n<p>Der US-Pr\u00e4sident drohe Kriegsverbrechen an, sagte Rhodes. Es f\u00fchle sich \u201ezunehmend so an, als w\u00fcrde ein einzelner Mann in einem Raum Entscheidungen treffen\u201c. Trump folge nicht dem normalen Prozess und greife anscheinend nicht auf politische und milit\u00e4rische Berater zur\u00fcck, sagte der Sicherheitsexperte, der seit dem Ende der Amtszeit des fr\u00fcheren Pr\u00e4sidenten Obama 2017 als politischer Kommentator auftritt. <\/p>\n<p>Trump m\u00fcsse akzeptieren, dass der Krieg nur am Verhandlungstisch beendet werden k\u00f6nne, sagte Rhodes. Der Iran sei zwar geschw\u00e4cht, in gewisser Weise aber gest\u00e4rkt aus den bisherigen Wochen hervorgegangen, weil die Staatsf\u00fchrung durch die Blockade der Stra\u00dfe von Hormus beweist, die Weltwirtschaft massiv unter Druck setzen zu k\u00f6nnen.<\/p>\n<p>dpa\/nw<\/p>\n","protected":false},"excerpt":{"rendered":"Im Streit um US-Drohungen gegen den Iran wird die Kritik an Donald Trump lauter. EU-Ratspr\u00e4sident Ant\u00f3nio Costa teilt&hellip;\n","protected":false},"author":2,"featured_media":925418,"comment_status":"","ping_status":"","sticky":false,"template":"","format":"standard","meta":{"footnotes":"","_share_on_mastodon":"0"},"categories":[5],"tags":[331,332,8708,3364,29,114,30,13,345,190800,176213,14,15,110,8707,12,202393,45,113,64],"class_list":["post-925417","post","type-post","status-publish","format-standard","has-post-thumbnail","category-nachrichten","tag-aktuelle-nachrichten","tag-aktuelle-news","tag-barack-praesident-geb-1961","tag-de","tag-deutschland","tag-donald-geb-1946","tag-germany","tag-headlines","tag-iran","tag-iran-krieg-maerz-2026","tag-militaerstrategie-ks","tag-nachrichten","tag-news","tag-newsteam","tag-obama","tag-schlagzeilen","tag-sicherheitsberater-ks","tag-texttospeech","tag-trump","tag-usa"],"share_on_mastodon":{"url":"https:\/\/pubeurope.com\/@de\/116357923351195159","error":""},"_links":{"self":[{"href":"https:\/\/www.europesays.com\/de\/wp-json\/wp\/v2\/posts\/925417","targetHints":{"allow":["GET"]}}],"collection":[{"href":"https:\/\/www.europesays.com\/de\/wp-json\/wp\/v2\/posts"}],"about":[{"href":"https:\/\/www.europesays.com\/de\/wp-json\/wp\/v2\/types\/post"}],"author":[{"embeddable":true,"href":"https:\/\/www.europesays.com\/de\/wp-json\/wp\/v2\/users\/2"}],"replies":[{"embeddable":true,"href":"https:\/\/www.europesays.com\/de\/wp-json\/wp\/v2\/comments?post=925417"}],"version-history":[{"count":0,"href":"https:\/\/www.europesays.com\/de\/wp-json\/wp\/v2\/posts\/925417\/revisions"}],"wp:featuredmedia":[{"embeddable":true,"href":"https:\/\/www.europesays.com\/de\/wp-json\/wp\/v2\/media\/925418"}],"wp:attachment":[{"href":"https:\/\/www.europesays.com\/de\/wp-json\/wp\/v2\/media?parent=925417"}],"wp:term":[{"taxonomy":"category","embeddable":true,"href":"https:\/\/www.europesays.com\/de\/wp-json\/wp\/v2\/categories?post=925417"},{"taxonomy":"post_tag","embeddable":true,"href":"https:\/\/www.europesays.com\/de\/wp-json\/wp\/v2\/tags?post=925417"}],"curies":[{"name":"wp","href":"https:\/\/api.w.org\/{rel}","templated":true}]}}