{"id":925570,"date":"2026-04-06T14:33:16","date_gmt":"2026-04-06T14:33:16","guid":{"rendered":"https:\/\/www.europesays.com\/de\/925570\/"},"modified":"2026-04-06T14:33:16","modified_gmt":"2026-04-06T14:33:16","slug":"reaktionen-auf-trump-drohungen-wir-werden-herausfinden-ob-das-us-militaer-bereit-ist-nein-zu-trump-zu-sagen","status":"publish","type":"post","link":"https:\/\/www.europesays.com\/de\/925570\/","title":{"rendered":"Reaktionen auf Trump-Drohungen: \u201eWir werden herausfinden, ob das US-Milit\u00e4r bereit ist, \u201aNein\u2018 zu Trump zu sagen\u201c"},"content":{"rendered":"<p>Im Streit um Drohungen gegen den Iran wird die Kritik an Donald Trump lauter. US-Politiker finden teils drastische Worte, der fr\u00fchere Obama-Sicherheitsberater Rhodes bef\u00fcrchtet einen US-Alleingang. EU-Ratspr\u00e4sident Ant\u00f3nio Costa teilt mit, Angriffe auf zivile Infrastruktur seien illegal.<\/p>\n<p class=\"is-first-paragraph\" data-external=\"Article.FirstParagraph\">EU-Ratspr\u00e4sident Ant\u00f3nio Costa hat angesichts der j\u00fcngsten Drohungen von US-Pr\u00e4sident Donald Trump im Iran-Krieg jegliche Angriffe auf zivile Ziele verurteilt. \u201eJeder Angriff auf zivile Infrastruktur, insbesondere auf Energieanlagen, ist illegal und inakzeptabel\u201c, erkl\u00e4rte Costa am Montag in Onlinediensten. \u201eDas gilt f\u00fcr den Krieg Russlands in der Ukraine und das gilt \u00fcberall.\u201c<\/p>\n<p>Die iranische Zivilbev\u00f6lkerung sei \u201edas Hauptopfer des iranischen Regimes\u201c, fuhr Costa fort. Sie w\u00e4re auch \u201edas Hauptopfer einer Ausweitung des Milit\u00e4reinsatzes\u201c. <\/p>\n<p><a class=\"is-link c-block-items__link c-link--rich-text-renderer\" href=\"https:\/\/www.welt.de\/politik\/ausland\/article69cf05f2cdf80d124bb0cc45\/krieg-in-nahost-nach-us-israelischem-angriff-irans-revolutionsgarden-vermelden-tod-ihres-geheimdienstchefs-liveticker.html\" data-internal-tracking-enabled=\"true\" data-internal-tracking=\"{&quot;action&quot;:&quot;click&quot;,&quot;label&quot;:&quot;link&quot;,&quot;name&quot;:&quot;Inline Element&quot;,&quot;data&quot;:{&quot;source&quot;:&quot;&quot;,&quot;target&quot;:&quot;https:\/\/www.welt.de\/politik\/ausland\/article69cf05f2cdf80d124bb0cc45\/krieg-in-nahost-nach-us-israelischem-angriff-irans-revolutionsgarden-vermelden-tod-ihres-geheimdienstchefs-liveticker.html&quot;,&quot;trackingName&quot;:&quot;&quot;,&quot;trackingLabel&quot;:&quot;&quot;}}\" rel=\"nofollow noopener\" target=\"_blank\">Lesen Sie hier alle Entwicklungen in unserem Liveticker<\/a><\/p>\n<p>Die Europ\u00e4ische Union fordere Teheran dazu auf, Angriffe auf L\u00e4nder in der Region \u201eunverz\u00fcglich einzustellen\u201c und die uneingeschr\u00e4nkte Durchfahrt durch die de facto gesperrte Stra\u00dfe von Hormus zu erm\u00f6glichen, erkl\u00e4rte Costa weiter. \u201eNach f\u00fcnf Wochen Krieg im Nahen Osten ist klar, dass nur eine diplomatische L\u00f6sung die Ursachen beseitigen kann.\u201c<\/p>\n<p>US-Pr\u00e4sident Trump hat mit der massiven Zerst\u00f6rung von Kraftwerken und Br\u00fccken im Iran gedroht, sollte die Stra\u00dfe von Hormus nicht bis Ablauf einer bis Dienstag gesetzten Frist ge\u00f6ffnet werden. Zugleich \u00e4u\u00dferte er sich zuversichtlich, dass zuvor noch eine Einigung erreicht werden k\u00f6nnte.<\/p>\n<p>Neben Costa gibt es auch aus den USA zahlreiche Stimmen, die Trumps \u00c4u\u00dferungen kritisieren. Der Fraktionsf\u00fchrer der Demokraten im US-Senat, Chuck Schumer, schreibt auf X: \u201eFrohe Ostern, Amerika. W\u00e4hrend ihr euch auf den Weg in die Kirche macht und mit Freunden und Familie feiert, tobt der Pr\u00e4sident der Vereinigten Staaten wie ein durchgedrehter Verr\u00fcckter in den sozialen Medien.\u201c Trump drohe mit Kriegsverbrechen und verprelle Verb\u00fcndete. \u201eUnser Land verdient so viel Besseres.\u201c <\/p>\n<p>Der ehemalige Pr\u00e4sidentschaftskandidat der Demokraten Bernie Sanders bezeichnet Trump ebenfalls auf der Plattform als \u201egef\u00e4hrlich und geistig unausgeglichen\u201c. Er schreibt: \u201eEinen Monat nach Beginn des Krieges im Iran ist dies die Erkl\u00e4rung des Pr\u00e4sidenten der Vereinigten Staaten am Ostersonntag. Das sind die Tiraden eines gef\u00e4hrlichen und geistig unausgeglichenen Menschen. Der Kongress muss JETZT handeln. Beendet diesen Krieg.\u201c<\/p>\n<p>Auch der demokratische Senator Chris Murphy nennt das Vorgehen Trumps \u201ekomplett durchgedreht\u201c. \u201eWenn ich in Trumps Kabinett w\u00e4re, w\u00fcrde ich Ostern damit verbringen, Verfassungsjuristen wegen des 25. Verfassungszusatzes zu kontaktieren. Das ist v\u00f6llig, absolut durchgedreht. Er hat bereits Tausende get\u00f6tet. Er wird noch Tausende mehr t\u00f6ten\u201c, schreibt er auf X. Der 25. Zusatz in der US-Verfassung regelt, was passiert, wenn ein US-Pr\u00e4sident stirbt, zur\u00fccktritt oder nicht mehr in der Lage ist, sein Amt auszu\u00fcben.<\/p>\n<p>Auch aus seiner eigenen republikanischen Partei erh\u00e4lt Donald Trump Kritik. Die ehemalige Kongressabgeordnete Marjorie Taylor Greene, \u2013 die fr\u00fcher als Trump-Anh\u00e4ngerin, mittlerweile jedoch als Kritikerin des Pr\u00e4sidenten gilt \u2013, sagte, alle in Trumps Regierung, die sich als Christen bezeichnen, m\u00fcssten \u201eGott um Vergebung bitten\u201c. <\/p>\n<p><a class=\"is-link c-block-items__link is-external c-link--rich-text-renderer\" href=\"https:\/\/x.com\/FmrRepMTG\/status\/2040789438494585175\" target=\"_blank\" title=\"(Link wird in einem neuen Tab ge\u00f6ffnet)\" rel=\"nofollow noopener\" data-internal-tracking-enabled=\"true\" data-internal-tracking=\"{&quot;action&quot;:&quot;click&quot;,&quot;label&quot;:&quot;link&quot;,&quot;name&quot;:&quot;Inline Element&quot;,&quot;data&quot;:{&quot;source&quot;:&quot;&quot;,&quot;target&quot;:&quot;https:\/\/x.com\/FmrRepMTG\/status\/2040789438494585175&quot;,&quot;trackingName&quot;:&quot;&quot;,&quot;trackingLabel&quot;:&quot;&quot;}}\">Auf X schreibt sie<\/a>: \u201eIch kenne euch alle und ihn, und er ist verr\u00fcckt geworden, und ihr alle macht euch mitschuldig. Ich verteidige den Iran nicht, aber lasst uns ehrlich \u00fcber das alles sprechen. Trumps Drohung, Kraftwerke und Br\u00fccken zu bombardieren, schadet dem iranischen Volk \u2013 genau den Menschen, von denen Trump behauptet hat, er w\u00fcrde sie befreien.\u201c<\/p>\n<p>Es f\u00fchle sich \u201ezunehmend so an, als w\u00fcrde ein einzelner Mann in einem Raum Entscheidungen treffen\u201c<\/p>\n<p>Der fr\u00fchere Vize-Sicherheitsberater von <a class=\"is-link c-block-items__link c-link--rich-text-renderer\" href=\"https:\/\/www.welt.de\/politik\/ausland\/article699177104f433d4463b12ed5\/barack-obama-erstmals-aeussert-er-sich-ueber-trumps-rassistisches-affen-video.html\" data-internal-tracking-enabled=\"true\" data-internal-tracking=\"{&quot;action&quot;:&quot;click&quot;,&quot;label&quot;:&quot;link&quot;,&quot;name&quot;:&quot;Inline Element&quot;,&quot;data&quot;:{&quot;source&quot;:&quot;&quot;,&quot;target&quot;:&quot;https:\/\/www.welt.de\/politik\/ausland\/article699177104f433d4463b12ed5\/barack-obama-erstmals-aeussert-er-sich-ueber-trumps-rassistisches-affen-video.html&quot;,&quot;trackingName&quot;:&quot;&quot;,&quot;trackingLabel&quot;:&quot;&quot;}}\" rel=\"nofollow noopener\" target=\"_blank\">Barack Obama<\/a>, Ben Rhodes, sieht in den Drohungen von US-Pr\u00e4sident Donald Trump gegen den Iran Anzeichen f\u00fcr einen politischen Alleingang. \u201eWir werden herausfinden, ob das US-Milit\u00e4r bereit ist \u201aNein\u2018 zu Trump zu sagen\u201c, sagte Rhodes der BBC. Trump hatte dem Iran auf seiner Plattform Truth Social am Sonntag erneut mit Angriffen auf Kraftwerke und Br\u00fccken, also auf zivile Infrastruktur, gedroht. <\/p>\n<p>Der US-Pr\u00e4sident drohe Kriegsverbrechen an, sagte Rhodes. Es f\u00fchle sich \u201ezunehmend so an, als w\u00fcrde ein einzelner Mann in einem Raum Entscheidungen treffen\u201c. Trump folge nicht dem normalen Prozess und greife anscheinend nicht auf politische und milit\u00e4rische Berater zur\u00fcck, sagte der Sicherheitsexperte, der seit dem Ende der Amtszeit des fr\u00fcheren Pr\u00e4sidenten Obama 2017 als politischer Kommentator auftritt. <\/p>\n<p>Trump m\u00fcsse akzeptieren, dass der Krieg nur am Verhandlungstisch beendet werden k\u00f6nne, sagte Rhodes. Der Iran sei zwar geschw\u00e4cht, in gewisser Weise aber gest\u00e4rkt aus den bisherigen Wochen hervorgegangen, weil die Staatsf\u00fchrung durch die Blockade der Stra\u00dfe von Hormus beweist, die Weltwirtschaft massiv unter Druck setzen zu k\u00f6nnen.<\/p>\n<p>Donald Trump hatte dem Iran am Sonntag mit verheerenden Angriffen auf Kraftwerke und Br\u00fccken gedroht, sollte Teheran die weitgehend f\u00fcr den Schiffsverkehr blockierte Stra\u00dfe von Hormus nicht freigeben. \u201eAm Dienstag wird es im Iran den \u201aKraftwerkstag\u2018 und den \u201aBr\u00fcckentag\u2018 in einem geben\u201c, schrieb Trump auf seiner Plattform Truth Social. \u201eSo etwas hat es noch nie gegeben!!! \u00d6ffnet die verdammte Meerenge, ihr verr\u00fcckten Mistkerle, oder ihr werdet in der H\u00f6lle leben \u2013 ihr werdet sehen! Gelobt sei Allah.\u201c<\/p>\n<p>dpa\/nw<\/p>\n","protected":false},"excerpt":{"rendered":"Im Streit um Drohungen gegen den Iran wird die Kritik an Donald Trump lauter. US-Politiker finden teils drastische&hellip;\n","protected":false},"author":2,"featured_media":925418,"comment_status":"","ping_status":"","sticky":false,"template":"","format":"standard","meta":{"footnotes":"","_share_on_mastodon":"0"},"categories":[5],"tags":[331,332,8708,3364,29,114,30,13,345,190800,176213,14,15,110,8707,12,202393,45,113,64],"class_list":["post-925570","post","type-post","status-publish","format-standard","has-post-thumbnail","category-nachrichten","tag-aktuelle-nachrichten","tag-aktuelle-news","tag-barack-praesident-geb-1961","tag-de","tag-deutschland","tag-donald-geb-1946","tag-germany","tag-headlines","tag-iran","tag-iran-krieg-maerz-2026","tag-militaerstrategie-ks","tag-nachrichten","tag-news","tag-newsteam","tag-obama","tag-schlagzeilen","tag-sicherheitsberater-ks","tag-texttospeech","tag-trump","tag-usa"],"share_on_mastodon":{"url":"https:\/\/pubeurope.com\/@de\/116358257407342719","error":""},"_links":{"self":[{"href":"https:\/\/www.europesays.com\/de\/wp-json\/wp\/v2\/posts\/925570","targetHints":{"allow":["GET"]}}],"collection":[{"href":"https:\/\/www.europesays.com\/de\/wp-json\/wp\/v2\/posts"}],"about":[{"href":"https:\/\/www.europesays.com\/de\/wp-json\/wp\/v2\/types\/post"}],"author":[{"embeddable":true,"href":"https:\/\/www.europesays.com\/de\/wp-json\/wp\/v2\/users\/2"}],"replies":[{"embeddable":true,"href":"https:\/\/www.europesays.com\/de\/wp-json\/wp\/v2\/comments?post=925570"}],"version-history":[{"count":0,"href":"https:\/\/www.europesays.com\/de\/wp-json\/wp\/v2\/posts\/925570\/revisions"}],"wp:featuredmedia":[{"embeddable":true,"href":"https:\/\/www.europesays.com\/de\/wp-json\/wp\/v2\/media\/925418"}],"wp:attachment":[{"href":"https:\/\/www.europesays.com\/de\/wp-json\/wp\/v2\/media?parent=925570"}],"wp:term":[{"taxonomy":"category","embeddable":true,"href":"https:\/\/www.europesays.com\/de\/wp-json\/wp\/v2\/categories?post=925570"},{"taxonomy":"post_tag","embeddable":true,"href":"https:\/\/www.europesays.com\/de\/wp-json\/wp\/v2\/tags?post=925570"}],"curies":[{"name":"wp","href":"https:\/\/api.w.org\/{rel}","templated":true}]}}