{"id":925621,"date":"2026-04-06T15:02:18","date_gmt":"2026-04-06T15:02:18","guid":{"rendered":"https:\/\/www.europesays.com\/de\/925621\/"},"modified":"2026-04-06T15:02:18","modified_gmt":"2026-04-06T15:02:18","slug":"kurzes-surf-comeback-am-eisbach-in-muenchen-sorgt-fuer-wirbel","status":"publish","type":"post","link":"https:\/\/www.europesays.com\/de\/925621\/","title":{"rendered":"Kurzes Surf-Comeback am Eisbach in M\u00fcnchen sorgt f\u00fcr Wirbel"},"content":{"rendered":"<p>Englischer Garten <\/p>\n<p>Osterwelle: Kurzes Surf-Comeback am Eisbach l\u00f6st Wirbel aus<\/p>\n<p>Aktualisiert am 06.04.2026 &#8211; 16:08 UhrLesedauer: 3 Min.<\/p>\n<p><a href=\"#focus-0\" class=\"transition-colors duration-200 block text-current relative\" data-sctrack=\"FocusGalleryImage.Reference\"><img fetchpriority=\"high\" data-testid=\"Opener.Image\" style=\"--lqipURL:url('https:\/\/images.t-online.de\/2026\/04\/CvQ-kSEjWS9Q\/46x26:1858x1045\/fit-in\/150x0\/filters:blur(25)\/ein-mann-versucht-mit-einem-grossen-sprung-auf-die-provisorische-eisbachwelle-im-englischen-garten-zu-springen-die-welle-verschwand-im-vergangenen-herbst-und-hat-sich-seitdem-nicht-mehr-stabil-aufgebaut-es-gab-inzwischen-mehrere-versuche-sie-wieder-verlaesslich-surfbar-zu-machen-die-welle-ist-normalerweise-zu-jeder-jahres-und-tageszeit-ein-wahrer-hotspot-fuer-touristen-und-surfer-aus-der-ganzen-welt-zu-dpa-osterwelle-kurzes-surf-comeback-am-eisbach-sorgt-fuer-wirbel.jpg')\"   loading=\"eager\" src=\"https:\/\/www.europesays.com\/de\/wp-content\/uploads\/2026\/04\/ein-mann-versucht-mit-einem-grossen-sprung-auf-die-provisorische-eisbachwelle-im-englischen-garten-z.jpeg\" alt=\"Surfer an der Eisbachwelle\" title=\"Surfer an der Eisbachwelle\" width=\"1858\" height=\"1045\" class=\"bg-[url:var(--lqipURL)] bg-cover bg-center flex h-full w-full max-w-full\" decoding=\"async\"\/><img style=\"--width:32;--height:32\" loading=\"lazy\" src=\"https:\/\/www.t-online.de\/s\/paper\/_next\/static\/media\/zoom-in.f7dae02f.svg\" alt=\"Vergr\u00f6\u00dfern des Bildes\" title=\"Vergr\u00f6\u00dfern des Bildes\" class=\"block h-[calc(var(--height)_\/_16_*_1rem)] w-[calc(var(--width)_\/_16_*_1rem)] max-w-none absolute bottom-8 right-8 rounded-4 bg-snow p-8\" decoding=\"async\"\/><\/a><\/p>\n<p>An Ostern war die ber\u00fchmte Eisbachwelle in M\u00fcnchen f\u00fcr kurze Zeit zur\u00fcck. (Quelle: Peter Kneffel\/dpa\/dpa-bilder)<\/p>\n<p class=\"font-bold text-18 leading-17 user-text-lg:text-22 user-text-xl:text-24\">Vor Ostern ist die weltber\u00fchmte Eisbachwelle in M\u00fcnchen kurz auferstanden. Schon am Ostersonntag war sie wieder weg. Zwischen technischen Debatten und Haftungsfragen k\u00e4mpft die Szene um ihr Paradies.<\/p>\n<p class=\"text-18 leading-17 user-text-lg:text-22 user-text-xl:text-24\">Pl\u00f6tzlich war sie wieder da \u2013 und genauso schnell wieder weg: Die ber\u00fchmte Surfwelle am Eisbach hat \u00fcber die Ostertage einmal mehr Aufmerksamkeit erregt. Fast genau ein Jahr nach dem t\u00f6dlichen Unfall einer Surferin an der Stelle waren am <a class=\"transition-colors duration-200 cursor-pointer text-inherit no-underline text-salemsfur md:hover:text-magenta md:hover:border-magenta md:focus:text-magenta border-current border-b border-solid break-words\" data-tracking=\"{&quot;action&quot;:&quot;click&quot;,&quot;category&quot;:&quot;intextLink&quot;,&quot;label&quot;:&quot;\/leben\/familie\/feiertage\/id_77369126\/karfreitag-2026-tanzverbot-traditionen-und-braeuche-an-ostern.html&quot;}\" href=\"https:\/\/www.t-online.de\/leben\/familie\/feiertage\/id_77369126\/karfreitag-2026-tanzverbot-traditionen-und-braeuche-an-ostern.html\" data-sctrack=\"BodyAnchor\" rel=\"nofollow noopener\" target=\"_blank\">Karfreitag<\/a> erstmals seit Wochen wieder Surfer zu sehen. Die Welle stand, mancher sprach von einer &#8222;Auferstehung&#8220;. Zahlreiche Schaulustige verfolgten das kurze Intermezzo. Doch schon am n\u00e4chsten Tag war sie wieder nahezu verschwunden.<\/p>\n<p class=\"text-18 leading-17 user-text-lg:text-22 user-text-xl:text-24\">Manche vermuteten, dass Surf-Aktivisten ohne Genehmigung Gegenst\u00e4nde unter Wasser platziert hatten. Erlaubt ist das nicht; schon fr\u00fcher waren Einbauten von st\u00e4dtischen Beh\u00f6rden entfernt worden.<\/p>\n<p class=\"text-18 leading-17 user-text-lg:text-22 user-text-xl:text-24\">Seit das Bachbett im vergangenen Herbst ausgekehrt wurde, funktioniert die Welle nicht mehr wie fr\u00fcher. Surfer gehen davon aus, dass sich bei der Kehraus-Aktion etwas am Untergrund und damit an dem sensiblen Str\u00f6mungsgef\u00fcge ver\u00e4ndert hat. Seither wird diskutiert, wie die Welle wieder stabil surfbar gemacht werden kann. Einige offizielle Versuche blieben erfolglos. <\/p>\n<p class=\"text-18 leading-17 user-text-lg:text-22 user-text-xl:text-24\">Nach Angaben von Surfern und laut einem Bericht der &#8222;S\u00fcddeutschen Zeitung&#8220; soll diesmal ein Gitter versenkt worden sein, das an einem graugr\u00fcnen Seil auf der in Flie\u00dfrichtung rechten Seite montiert war \u2013 und das Wasser wieder zum Aufb\u00e4umen brachte.<\/p>\n<p class=\"text-18 leading-17 user-text-lg:text-22 user-text-xl:text-24\">Zudem sei seit langem wieder deutlich mehr Wasser im Bach; auch das sei eine Voraussetzung f\u00fcr die Welle, sagt Surf-Club-Mitglied Klaus Rudolf. &#8222;Man sieht auf jeden Fall, dass ordentlich Wasser da ist, etwa 23 oder 24 Kubikmeter pro Sekunde. Der Pegel schwankte zwischen 140 und 150 Zentimetern. Das w\u00e4re unsere Wunschh\u00f6he. Mit dem Pegel k\u00f6nnen alle, die es k\u00f6nnen, sehr gut surfen.&#8220;<\/p>\n<p class=\"text-18 leading-17 user-text-lg:text-22 user-text-xl:text-24\">Das Gitter soll nun wieder verschwunden sein. Die Welle brach nicht sofort zusammen, am Ostermontag war sie aber wieder nahezu weg. Das kurze Intermezzo l\u00f6ste erheblichen Wirbel aus \u2013 und zeugt von der Ungeduld der Surf-Community. Seit einem Jahr geht es mit der Welle hin und her.<\/p>\n<p class=\"text-18 leading-17 user-text-lg:text-22 user-text-xl:text-24\">Am sp\u00e4ten Abend des 16. April 2025, am Vorabend des Gr\u00fcndonnerstags, war an dem bei Touristen und Wassersportlern aus aller Welt beliebten Ort eine 33 Jahre alte Surferin ums Leben gekommen. Ihre Sicherungsleine (Leash) hatte sich unter Wasser verfangen. Sie konnte sich nicht befreien und wurde unter die Wasseroberfl\u00e4che gedr\u00fcckt. Eine Woche sp\u00e4ter starb sie im Krankenhaus. Danach war die Welle abgeriegelt, die Staatsanwaltschaft ermittelte.<\/p>\n<p class=\"text-18 leading-17 user-text-lg:text-22 user-text-xl:text-24\">Im Sommer erlaubte der damalige Oberb\u00fcrgermeister Dieter Reiter (SPD) das Surfen wieder, laut &#8222;S\u00fcddeutscher Zeitung&#8220; wurde das allerdings von Sicherheitsleuten \u00fcberwacht, die dem Bericht zufolge auch einigen Unf\u00e4lle dokumentierten.<\/p>\n<p class=\"text-18 leading-17 user-text-lg:text-22 user-text-xl:text-24\">Die Szene betonte stets, das Surfen sei vergleichsweise ungef\u00e4hrlich und es gebe kaum nennenswerte Unf\u00e4lle. Im \u00dcbrigen surfe jeder auf eigene Verantwortung. Dennoch: Seit Februar hat die Stadt das Surfen per Allgemeinverf\u00fcgung wieder verboten. <\/p>\n","protected":false},"excerpt":{"rendered":"Englischer Garten Osterwelle: Kurzes Surf-Comeback am Eisbach l\u00f6st Wirbel aus Aktualisiert am 06.04.2026 &#8211; 16:08 UhrLesedauer: 3 Min.&hellip;\n","protected":false},"author":2,"featured_media":925622,"comment_status":"","ping_status":"","sticky":false,"template":"","format":"standard","meta":{"footnotes":"","_share_on_mastodon":"0"},"categories":[1827],"tags":[772,29,25027,30,643,202441,1268,2454,10685,202440,4403],"class_list":["post-925621","post","type-post","status-publish","format-standard","has-post-thumbnail","category-muenchen","tag-bayern","tag-deutschland","tag-eisbachwelle","tag-germany","tag-karfreitag","tag-klaus-rudolf","tag-muenchen","tag-ostern","tag-ostersonntag","tag-osterwelle","tag-sz"],"share_on_mastodon":{"url":"https:\/\/pubeurope.com\/@de\/116358371686990122","error":""},"_links":{"self":[{"href":"https:\/\/www.europesays.com\/de\/wp-json\/wp\/v2\/posts\/925621","targetHints":{"allow":["GET"]}}],"collection":[{"href":"https:\/\/www.europesays.com\/de\/wp-json\/wp\/v2\/posts"}],"about":[{"href":"https:\/\/www.europesays.com\/de\/wp-json\/wp\/v2\/types\/post"}],"author":[{"embeddable":true,"href":"https:\/\/www.europesays.com\/de\/wp-json\/wp\/v2\/users\/2"}],"replies":[{"embeddable":true,"href":"https:\/\/www.europesays.com\/de\/wp-json\/wp\/v2\/comments?post=925621"}],"version-history":[{"count":0,"href":"https:\/\/www.europesays.com\/de\/wp-json\/wp\/v2\/posts\/925621\/revisions"}],"wp:featuredmedia":[{"embeddable":true,"href":"https:\/\/www.europesays.com\/de\/wp-json\/wp\/v2\/media\/925622"}],"wp:attachment":[{"href":"https:\/\/www.europesays.com\/de\/wp-json\/wp\/v2\/media?parent=925621"}],"wp:term":[{"taxonomy":"category","embeddable":true,"href":"https:\/\/www.europesays.com\/de\/wp-json\/wp\/v2\/categories?post=925621"},{"taxonomy":"post_tag","embeddable":true,"href":"https:\/\/www.europesays.com\/de\/wp-json\/wp\/v2\/tags?post=925621"}],"curies":[{"name":"wp","href":"https:\/\/api.w.org\/{rel}","templated":true}]}}