{"id":925637,"date":"2026-04-06T15:10:15","date_gmt":"2026-04-06T15:10:15","guid":{"rendered":"https:\/\/www.europesays.com\/de\/925637\/"},"modified":"2026-04-06T15:10:15","modified_gmt":"2026-04-06T15:10:15","slug":"gunnar-schupelius-anschlag-auf-la-belle-war-krieg-gegen-den-westen-regional","status":"publish","type":"post","link":"https:\/\/www.europesays.com\/de\/925637\/","title":{"rendered":"Gunnar Schupelius: Anschlag auf La Belle war Krieg gegen den Westen | Regional"},"content":{"rendered":"<p><a class=\"skip-content skip-content--link\" href=\"#in-content-skip-link-target-v-0-0\">TTS-Player \u00fcberspringen\u21b5<\/a><a id=\"in-content-skip-link-target-v-0-0\" class=\"skip-content--target-link-hidden skip-content skip-content--target-link\" href=\"#in-content-skip-link-target-v-0-0\">Artikel weiterlesen<\/a><\/p>\n<p>Berlin \u2013 <b>Beim Gedenken an den Terroranschlag vor 40 Jahren wurden allgemeine Worte gesprochen, die T\u00e4ter und ihr Motiv aber nicht genannt. Wie konnte das geschehen?<\/b><\/p>\n<p>Am 5. April 1986 ging in der Diskothek \u201eLa Belle\u201c (Hauptstra\u00dfe 74, Friedenau) eine Bombe hoch. Drei Besucher waren sofort tot, 104 wurden schwer verletzt. Die meisten Opfer waren US-Soldaten.<\/p>\n<p>Zur Erinnerung an den Terroranschlag legte der B\u00fcrgermeister von Tempelhof-Sch\u00f6neberg, J\u00f6rn Oltmann (Gr\u00fcne), am Ostersamstag einen Kranz am Ort des Geschehens nieder. \u201eDer Anschlag auf die Diskothek La Belle war ein Akt des Hasses und der Gewalt\u201c, sagte er. Gerade heute, in einer Zeit, in der wir weltweit mit Konflikten, Terror und Polarisierung konfrontiert sind, bleibt die Erinnerung von besonderer Bedeutung.<\/p>\n<p><img decoding=\"async\" width=\"992\" height=\"1178\" alt=\"Am Ort des Anschlag, Hauptstra\u00dfe 74, legte B\u00fcrgermeister Jens Oltmann (Gr\u00fcne), am Ostersamstag einen Kranz nieder\" src=\"https:\/\/www.europesays.com\/de\/wp-content\/uploads\/2026\/04\/fc0f987a4ea76532d1b404e390c9da50,e68efebd.jpeg\"   class=\"portrait\" loading=\"lazy\"\/><\/p>\n<p class=\"fig__caption__text\">Am Ort des Anschlags, Hauptstra\u00dfe 74, legte Bezirks-B\u00fcrgermeister Jens Oltmann (Gr\u00fcne) am Ostersamstag einen Kranz nieder<\/p>\n<p>Foto: Bezirksamt Tempelhof-Sch\u00f6neberg<\/p>\n<p>Diese allgemeinen Worte werden der Sache nicht gerecht. Der Anschlag wurde auf Befehl des libyschen Diktators Muammar al-Gaddafi (1942-2011) von der Botschaft Libyens in Ost-Berlin organisiert, das DDR-Ministerium f\u00fcr Staatssicherheit (MFS) half dabei.<\/p>\n<p>Gaddafi hatte 1969 eine sozialistische Diktatur im islamischen Gewand errichtet und dem Westen den Terror-Krieg erkl\u00e4rt. Zu seinen zahlreichen spektakul\u00e4ren Zielen geh\u00f6rte neben dem La Belle auch eine Boeing 747 der Fluglinie Pan American, die am 21. Dezember 1988 \u00fcber dem schottischen Lockerbie gesprengt wurde. Alle 259 Menschen an Bord starben.<\/p>\n<p>Der Anschlag auf La Belle war also viel mehr als \u201eein Akt des Hasses und der Gewalt\u201c, wie der B\u00fcrgermeister es formuliert. Der Anschlag\u00a0 war Teil eines Terrorkrieges islamischer Staaten und Gruppen, der am 11. September 2001 seinen H\u00f6hepunkt erreichte und seitdem auch in Europa tobt. Wer die T\u00e4ter nicht beim Namen nennt, der hat nicht verstanden, wie stark wir bedroht sind.<\/p>\n<p>Hat Gunnar Schupelius recht? Schreiben Sie an: <a href=\"https:\/\/www.bild.de\/regional\/berlin\/mailto:gunnar.schupelius@axelspringer.de\" target=\"_blank\" rel=\"nofollow noopener\" class=\"text-link--external text-link\">gunnar.schupelius@axelspringer.de<\/a><\/p>\n","protected":false},"excerpt":{"rendered":"TTS-Player \u00fcberspringen\u21b5Artikel weiterlesen Berlin \u2013 Beim Gedenken an den Terroranschlag vor 40 Jahren wurden allgemeine Worte gesprochen, die&hellip;\n","protected":false},"author":2,"featured_media":925638,"comment_status":"","ping_status":"","sticky":false,"template":"","format":"standard","meta":{"footnotes":"","_share_on_mastodon":"0"},"categories":[1825],"tags":[296,29,30,36002,37860,121,10037,2544,45],"class_list":["post-925637","post","type-post","status-publish","format-standard","has-post-thumbnail","category-berlin","tag-berlin","tag-deutschland","tag-germany","tag-isis","tag-libyen","tag-polizei","tag-terroranschlag","tag-terrorismus","tag-texttospeech"],"share_on_mastodon":{"url":"https:\/\/pubeurope.com\/@de\/116358403159481856","error":""},"_links":{"self":[{"href":"https:\/\/www.europesays.com\/de\/wp-json\/wp\/v2\/posts\/925637","targetHints":{"allow":["GET"]}}],"collection":[{"href":"https:\/\/www.europesays.com\/de\/wp-json\/wp\/v2\/posts"}],"about":[{"href":"https:\/\/www.europesays.com\/de\/wp-json\/wp\/v2\/types\/post"}],"author":[{"embeddable":true,"href":"https:\/\/www.europesays.com\/de\/wp-json\/wp\/v2\/users\/2"}],"replies":[{"embeddable":true,"href":"https:\/\/www.europesays.com\/de\/wp-json\/wp\/v2\/comments?post=925637"}],"version-history":[{"count":0,"href":"https:\/\/www.europesays.com\/de\/wp-json\/wp\/v2\/posts\/925637\/revisions"}],"wp:featuredmedia":[{"embeddable":true,"href":"https:\/\/www.europesays.com\/de\/wp-json\/wp\/v2\/media\/925638"}],"wp:attachment":[{"href":"https:\/\/www.europesays.com\/de\/wp-json\/wp\/v2\/media?parent=925637"}],"wp:term":[{"taxonomy":"category","embeddable":true,"href":"https:\/\/www.europesays.com\/de\/wp-json\/wp\/v2\/categories?post=925637"},{"taxonomy":"post_tag","embeddable":true,"href":"https:\/\/www.europesays.com\/de\/wp-json\/wp\/v2\/tags?post=925637"}],"curies":[{"name":"wp","href":"https:\/\/api.w.org\/{rel}","templated":true}]}}