{"id":925659,"date":"2026-04-06T15:23:15","date_gmt":"2026-04-06T15:23:15","guid":{"rendered":"https:\/\/www.europesays.com\/de\/925659\/"},"modified":"2026-04-06T15:23:15","modified_gmt":"2026-04-06T15:23:15","slug":"behoerden-geben-vorsichtig-eine-erste-entwarnung","status":"publish","type":"post","link":"https:\/\/www.europesays.com\/de\/925659\/","title":{"rendered":"Beh\u00f6rden geben vorsichtig eine erste Entwarnung"},"content":{"rendered":"<p class=\"tspBOli tspBOlj\">Nach dem Fund eines Fl\u00e4schchens mit der Aufschrift \u201ePolonium 210\u201c in Vaihingen an der Enz nordwestlich von Stuttgart und einem Gro\u00dfeinsatz von Spezialisten gibt das baden-w\u00fcrttembergische Umweltministerium vorsichtig eine erste Entwarnung.<strong> \u201eDie erste Einsch\u00e4tzung von unseren Fachleuten ist, dass es sich bei dem Fund nicht um Polonium 210 handelt\u201c<\/strong>, sagte eine Sprecherin. \u201eSicher ist das aber noch nicht\u201c, betonte sie.\u00a0<\/p>\n<p class=\"tspBOli\">Der Fund werde nun in die Landesanstalt f\u00fcr Umwelt (LUBW) nach Karlsruhe gebracht. Dort werde er genauer analysiert.\u00a0Nach der Entdeckung waren zahlreiche Feuerwehrleute in die Stadt im Nordosten von Stuttgart gekommen.\u00a0<\/p>\n<p class=\"tspBOli\">Die Feuerwehr sch\u00e4tzte das Fl\u00e4schchen und den Inhalt am Sonntag aufgrund des Aussehens und des Gewichts zun\u00e4chst als echt ein. \u201eDas Beh\u00e4ltnis passt zum Stoff\u201c, sagte Kreisbrandmeister Andy Dorroch. \u201e<strong>Der Stoff ist auch nicht irgendwie handschriftlich draufgekritzelt<\/strong>, sondern der ist sauber offiziell beschriftet.\u201c Zudem sei das Fl\u00e4schchen mit gesch\u00e4tzten 200 Gramm Gewicht relativ schwer \u2013 was wiederum dazu passe, dass Polonium 210 ein relativ schwerer Stoff sei.<\/p>\n<p> Messungen im Umfeld negativ <\/p>\n<p class=\"tspBOli\">Zun\u00e4chst waren allerdings <strong>alle Messungen im Umfeld des Fl\u00e4schchens negativ<\/strong> gewesen. Es sei keine Radioaktivit\u00e4t gemessen worden. Das Polizeipr\u00e4sidium Ludwigsburg \u00fcbernahm die Ermittlungen zu dem Gegenstand.<\/p>\n<p class=\"tspBOli\">Zwei M\u00e4nner hatten im Garten am Ortsrand von Vaihingen an der Enz Ostereier gesucht und dabei das wei\u00dfe Kunststofffl\u00e4schchen mit rotem Deckel entdeckt, wie der Kreisbrandmeister sagte. Weitere Angaben zu den M\u00e4nnern machte er nicht. Die beiden h\u00e4tten nach dem Fund den Notruf gew\u00e4hlt.<\/p>\n<p> Fund l\u00f6ste Gro\u00dfeinsatz von Feuerwehr und Polizei aus <\/p>\n<p class=\"tspBOli\">Der Fund f\u00fchrte zu einem <a href=\"https:\/\/www.tagesspiegel.de\/berlin\/massenanfall-von-verletzten-feuerwehr-fahrt-mit-grossaufgebot-zu-wohnungsbrand-in-berlin-neukolln-15404663.html?icid=in-text-link_15438278\" class=\"link link--internal\" data-gtm-class=\"article-text-link\" data-gtm-val=\"internal\" rel=\"nofollow noopener\" target=\"_blank\">Gro\u00dfeinsatz von Feuerwehr und Polizei.<\/a> Die Feuerwehr war nach eigenen Angaben mit 138 Einsatzkr\u00e4ften und 41 Fahrzeugen vor Ort \u2013 darunter ein Strahlenschutzzug und Gefahrgutzug sowie eine Fachberaterin Strahlenschutz, die beruflich im Kernkraftwerk arbeitet, wie der Kreisbrandmeister sagte.\u00a0<\/p>\n<p class=\"tspBOli\">Laut Polizei ist das Ministerium im Sinne der Gefahrenabwehr f\u00fcr die Untersuchung des Inhalts der kleinen Kunststoffflasche zust\u00e4ndig. Zudem m\u00fcssen die Beh\u00f6rden kl\u00e4ren, woher das Fl\u00e4schchen stammt und wie es in den Garten am Ortsrand der 11.000-Einwohner-Kommune gekommen ist.\u00a0<\/p>\n<p>Lesen Sie auch<a href=\"https:\/\/www.tagesspiegel.de\/gesellschaft\/panorama\/mutter-baby-und-jugendliche-sterben-umsturzender-baum-erschlagt-drei-menschen-bei-ostereiersuche-nahe-flensburg-15437310.html?icid=topic-list_15438278___\" data-gtm-class=\"article-mzt-link\" data-hydrate-fingerprint=\"09740a54944caac75fd2c0c63fd5c5df\" data-hydrate-props=\"{&amp;escapedquot;element&amp;escapedquot;:{&amp;escapedquot;type&amp;escapedquot;:&amp;escapedquot;relatedContent&amp;escapedquot;,&amp;escapedquot;fieldMap&amp;escapedquot;:{},&amp;escapedquot;relation&amp;escapedquot;:{&amp;escapedquot;fields&amp;escapedquot;:{&amp;escapedquot;isPaid&amp;escapedquot;:null},&amp;escapedquot;href&amp;escapedquot;:&amp;escapedquot;\/gesellschaft\/panorama\/mutter-baby-und-jugendliche-sterben-umsturzender-baum-erschlagt-drei-menschen-bei-ostereiersuche-nahe-flensburg-15437310.html&amp;escapedquot;,&amp;escapedquot;teaserTitle&amp;escapedquot;:{&amp;escapedquot;kicker&amp;escapedquot;:&amp;escapedquot;Mutter, Baby und Jugendliche sterben&amp;escapedquot;,&amp;escapedquot;headline&amp;escapedquot;:&amp;escapedquot;Umst\u00fcrzender Baum erschl\u00e4gt drei Menschen bei Ostereiersuche nahe Flensburg&amp;escapedquot;},&amp;escapedquot;id&amp;escapedquot;:&amp;escapedquot;15437310&amp;escapedquot;,&amp;escapedquot;type&amp;escapedquot;:&amp;escapedquot;story&amp;escapedquot;},&amp;escapedquot;isPartOfList&amp;escapedquot;:true,&amp;escapedquot;topicListType&amp;escapedquot;:&amp;escapedquot;topic-list&amp;escapedquot;},&amp;escapedquot;showArrow&amp;escapedquot;:true}\" data-hydrate-slots=\"{&#039;default&#039;:[]}\" class=\"tspC3qm tspC4qt\" rel=\"nofollow noopener\" target=\"_blank\">Mutter, Baby und Jugendliche sterben Umst\u00fcrzender Baum erschl\u00e4gt drei Menschen bei Ostereiersuche nahe Flensburg <\/a><a href=\"https:\/\/www.tagesspiegel.de\/gesellschaft\/panorama\/ja-meldet-euch-pierre-m-krause-kampfte-gegen-den-krebs--und-verlor-dabei-freunde-15437727.html?icid=topic-list_15438278___\" data-gtm-class=\"article-mzt-link\" data-hydrate-fingerprint=\"09740a54944caac75fd2c0c63fd5c5df\" data-hydrate-props=\"{&amp;escapedquot;element&amp;escapedquot;:{&amp;escapedquot;type&amp;escapedquot;:&amp;escapedquot;relatedContent&amp;escapedquot;,&amp;escapedquot;fieldMap&amp;escapedquot;:{},&amp;escapedquot;relation&amp;escapedquot;:{&amp;escapedquot;fields&amp;escapedquot;:{&amp;escapedquot;isPaid&amp;escapedquot;:null},&amp;escapedquot;href&amp;escapedquot;:&amp;escapedquot;\/gesellschaft\/panorama\/ja-meldet-euch-pierre-m-krause-kampfte-gegen-den-krebs--und-verlor-dabei-freunde-15437727.html&amp;escapedquot;,&amp;escapedquot;teaserTitle&amp;escapedquot;:{&amp;escapedquot;kicker&amp;escapedquot;:&amp;escapedquot;\u201eJa, meldet euch!\u201c&amp;escapedquot;,&amp;escapedquot;headline&amp;escapedquot;:&amp;escapedquot;Pierre M. Krause k\u00e4mpfte gegen den Krebs\u00a0\u2013 und verlor dabei Freunde&amp;escapedquot;},&amp;escapedquot;id&amp;escapedquot;:&amp;escapedquot;15437727&amp;escapedquot;,&amp;escapedquot;type&amp;escapedquot;:&amp;escapedquot;story&amp;escapedquot;},&amp;escapedquot;isPartOfList&amp;escapedquot;:true,&amp;escapedquot;topicListType&amp;escapedquot;:&amp;escapedquot;topic-list&amp;escapedquot;},&amp;escapedquot;showArrow&amp;escapedquot;:true}\" data-hydrate-slots=\"{&#039;default&#039;:[]}\" class=\"tspC3qm tspC4qt\" rel=\"nofollow noopener\" target=\"_blank\">\u201eJa, meldet euch!\u201c Pierre M. Krause k\u00e4mpfte gegen den Krebs\u00a0\u2013 und verlor dabei Freunde <\/a><a href=\"https:\/\/www.tagesspiegel.de\/gesellschaft\/panorama\/vorher-nicht-gesehen-weitere-verletzungen-an-buckelwal-entdeckt--wasserproben-werden-untersucht-15433898.html?icid=topic-list_15438278___\" data-gtm-class=\"article-mzt-link\" data-hydrate-fingerprint=\"09740a54944caac75fd2c0c63fd5c5df\" data-hydrate-props=\"{&amp;escapedquot;element&amp;escapedquot;:{&amp;escapedquot;type&amp;escapedquot;:&amp;escapedquot;relatedContent&amp;escapedquot;,&amp;escapedquot;fieldMap&amp;escapedquot;:{},&amp;escapedquot;relation&amp;escapedquot;:{&amp;escapedquot;fields&amp;escapedquot;:{&amp;escapedquot;isPaid&amp;escapedquot;:null},&amp;escapedquot;href&amp;escapedquot;:&amp;escapedquot;\/gesellschaft\/panorama\/vorher-nicht-gesehen-weitere-verletzungen-an-buckelwal-entdeckt--wasserproben-werden-untersucht-15433898.html&amp;escapedquot;,&amp;escapedquot;teaserTitle&amp;escapedquot;:{&amp;escapedquot;kicker&amp;escapedquot;:&amp;escapedquot;\u201eEs geht ihm wirklich ganz schlecht\u201c&amp;escapedquot;,&amp;escapedquot;headline&amp;escapedquot;:&amp;escapedquot;Weitere Verletzungen an Buckelwal entdeckt \u2013 Rettung mit Katamaran wird gepr\u00fcft&amp;escapedquot;},&amp;escapedquot;id&amp;escapedquot;:&amp;escapedquot;15433898&amp;escapedquot;,&amp;escapedquot;type&amp;escapedquot;:&amp;escapedquot;story&amp;escapedquot;},&amp;escapedquot;isPartOfList&amp;escapedquot;:true,&amp;escapedquot;topicListType&amp;escapedquot;:&amp;escapedquot;topic-list&amp;escapedquot;},&amp;escapedquot;showArrow&amp;escapedquot;:true}\" data-hydrate-slots=\"{&#039;default&#039;:[]}\" class=\"tspC3qm tspC4qt\" rel=\"nofollow noopener\" target=\"_blank\">\u201eEs geht ihm wirklich ganz schlecht\u201c Weitere Verletzungen an Buckelwal entdeckt \u2013 Rettung mit Katamaran wird gepr\u00fcft <\/a><\/p>\n<p class=\"tspBOli\"><strong>Polonium ist ein chemisches Element mit hoher Radiotoxizit\u00e4t<\/strong> und deshalb sehr gesundheitssch\u00e4dlich. Laut Bundesamt f\u00fcr Strahlenschutz (BfS) ist der Stoff vor allem dann gef\u00e4hrlich, wenn er eingeatmet oder aufgrund offener Wunden \u00fcber die Haut aufgenommen wird. Der Putin-Kritiker und fr\u00fchere Geheimdienstoffizier Alexander Litwinenko starb 2006 in London nach einem Anschlag mit Polonium 210. (dpa)<\/p>\n","protected":false},"excerpt":{"rendered":"Nach dem Fund eines Fl\u00e4schchens mit der Aufschrift \u201ePolonium 210\u201c in Vaihingen an der Enz nordwestlich von Stuttgart&hellip;\n","protected":false},"author":2,"featured_media":923720,"comment_status":"","ping_status":"","sticky":false,"template":"","format":"standard","meta":{"footnotes":"","_share_on_mastodon":"0"},"categories":[2],"tags":[29,985,598,30,13,14,15,12,164019,10,8,9,11,1284],"class_list":["post-925659","post","type-post","status-publish","format-standard","has-post-thumbnail","category-deutschland","tag-deutschland","tag-feuerwehr","tag-garten","tag-germany","tag-headlines","tag-nachrichten","tag-news","tag-schlagzeilen","tag-strahlung","tag-top-news","tag-top-meldungen","tag-topmeldungen","tag-topnews","tag-unfall"],"share_on_mastodon":{"url":"https:\/\/pubeurope.com\/@de\/116358454245631296","error":""},"_links":{"self":[{"href":"https:\/\/www.europesays.com\/de\/wp-json\/wp\/v2\/posts\/925659","targetHints":{"allow":["GET"]}}],"collection":[{"href":"https:\/\/www.europesays.com\/de\/wp-json\/wp\/v2\/posts"}],"about":[{"href":"https:\/\/www.europesays.com\/de\/wp-json\/wp\/v2\/types\/post"}],"author":[{"embeddable":true,"href":"https:\/\/www.europesays.com\/de\/wp-json\/wp\/v2\/users\/2"}],"replies":[{"embeddable":true,"href":"https:\/\/www.europesays.com\/de\/wp-json\/wp\/v2\/comments?post=925659"}],"version-history":[{"count":0,"href":"https:\/\/www.europesays.com\/de\/wp-json\/wp\/v2\/posts\/925659\/revisions"}],"wp:featuredmedia":[{"embeddable":true,"href":"https:\/\/www.europesays.com\/de\/wp-json\/wp\/v2\/media\/923720"}],"wp:attachment":[{"href":"https:\/\/www.europesays.com\/de\/wp-json\/wp\/v2\/media?parent=925659"}],"wp:term":[{"taxonomy":"category","embeddable":true,"href":"https:\/\/www.europesays.com\/de\/wp-json\/wp\/v2\/categories?post=925659"},{"taxonomy":"post_tag","embeddable":true,"href":"https:\/\/www.europesays.com\/de\/wp-json\/wp\/v2\/tags?post=925659"}],"curies":[{"name":"wp","href":"https:\/\/api.w.org\/{rel}","templated":true}]}}