{"id":926158,"date":"2026-04-06T20:12:31","date_gmt":"2026-04-06T20:12:31","guid":{"rendered":"https:\/\/www.europesays.com\/de\/926158\/"},"modified":"2026-04-06T20:12:31","modified_gmt":"2026-04-06T20:12:31","slug":"raetselhafte-angriffe-polizei-jagt-die-bein-schiesser-von-bremen-regional","status":"publish","type":"post","link":"https:\/\/www.europesays.com\/de\/926158\/","title":{"rendered":"R\u00e4tselhafte Angriffe: Polizei jagt die Bein-Schie\u00dfer von Bremen | Regional"},"content":{"rendered":"<p><a class=\"skip-content skip-content--link\" href=\"#in-content-skip-link-target-v-0-0\">TTS-Player \u00fcberspringen\u21b5<\/a><a id=\"in-content-skip-link-target-v-0-0\" class=\"skip-content--target-link-hidden skip-content skip-content--target-link\" href=\"#in-content-skip-link-target-v-0-0\">Artikel weiterlesen<\/a><\/p>\n<p>Bremen \u2013 <b>Immer wieder schlugen die T\u00e4ter in Bremen zu: Bei ihren insgesamt f\u00fcnf Schusswaffen-Attacken mitten in der Stadt starb ein Mann (32), vier Opfer (zwischen 25 und 60 Jahren) wurden verletzt. Jetzt steht die Gewaltserie offenbar kurz vor der Aufkl\u00e4rung. Die Polizei fahndet dringend nach zwei Verd\u00e4chtigen.<\/b><\/p>\n<p>Das Vorgehen war stets gleich: Auf offener Stra\u00dfe in <a href=\"https:\/\/www.bild.de\/regional\/bremen\/bremen-regional\/home-16292312.bild.html\" class=\"text-link\" rel=\"nofollow noopener\" target=\"_blank\">Bremen<\/a> zogen die Angreifer die Waffe, zielten auf die Beine ihrer Opfer und verschwanden unerkannt. Die Bev\u00f6lkerung war extrem verunsichert, die eigens gegr\u00fcndete Soko \u201eFokus\u201c ermittelte rund um die Uhr. <\/p>\n<p>Jetzt wissen die Ermittler, wer mutma\u00dflich hinter den Attacken steckt: \u201eZwei M\u00e4nner konnten als Tatverd\u00e4chtige identifiziert werden. Beide sind derzeit fl\u00fcchtig, nach ihnen wird mit Hochdruck gefahndet\u201c, teilt die Polizei mit. \u201eDie M\u00e4nner stehen im dringenden Verdacht, an den <a href=\"https:\/\/www.bild.de\/regional\/bremen\/grosseinsatz-in-bremen-streit-an-haltestelle-zeugen-melden-schuesse-69ba3b5e17184da7cffdd510\" class=\"text-link\" rel=\"nofollow noopener\" target=\"_blank\">Schusswaffenvorf\u00e4llen in Walle<\/a>, in der Neustadt und in Obervieland beteiligt gewesen zu sein.\u201c Die Gesuchten sind t\u00fcrkische Staatsb\u00fcrger.<\/p>\n<p><img decoding=\"async\" width=\"992\" height=\"558\" alt=\"Bremen, 17. M\u00e4rz: Die Polizei sichert Spuren nach den t\u00f6dlichen Sch\u00fcssen auf einen Mann\" src=\"https:\/\/www.europesays.com\/de\/wp-content\/uploads\/2026\/04\/727b8955f4f4063bcba279e780cb6c6b,8ac13812.jpeg\"   class=\"landscape\" loading=\"lazy\"\/><\/p>\n<p class=\"fig__caption__text\">Bremen, 17. M\u00e4rz: Die Polizei sichert Spuren nach den t\u00f6dlichen Sch\u00fcssen auf einen Mann<\/p>\n<p>Foto: Sebastian Peters\/NEWS5\/dpa<\/p>\n<p><b>Die Chronologie der Schuss-Attacken in Bremen<\/b><\/p>\n<p><b>1. M\u00e4rz<\/b>, 17.25 Uhr (Stadtteil \u00dcberseestadt\/Huckelriede): Einem Mann (43) wird in beide Beine geschossen <\/p>\n<p><b>1. M\u00e4rz<\/b>, 23.20 Uhr (Walle\/Neustadt): Ein Mann (42) erleidet eine Schusswunde im Fu\u00df<\/p>\n<p><b>17. M\u00e4rz<\/b> (Neustadt): Ein Mann (32) wird bei Sch\u00fcssen get\u00f6tet <\/p>\n<p><b>28. M\u00e4rz<\/b> (Neustadt): Ein Mann (25) wird mehrfach in beide Beine geschossen<\/p>\n<p><b>31. M\u00e4rz<\/b> (Obervieland\/Kattenturm): Ein Mann (60) erleidet Schusswunden in beiden Beinen. Er ist das bisher letzte Opfer<\/p>\n<p>Was steckt hinter den Attacken?<\/p>\n<p>Wie die Polizei auf die Spur des bewaffneten Duos kam, will sie auf BILD-Nachfrage aus ermittlungstaktischen Gr\u00fcnden nicht bekannt geben. Aber sie ist sich sicher: \u201eDer Fall steht kurz vor der Aufkl\u00e4rung.\u201c Die Ermittlungen zu den Hintergr\u00fcnden dauern an, die Motive seien \u201eeher im pers\u00f6nlichen Bereich zu suchen\u201c, hei\u00dft es weiter. Clan- bzw. Drogenkriminalit\u00e4t sind ausdr\u00fccklich nicht ausgeschlossen.<\/p>\n<p>Das erste Opfer der Serie kam nach dem Angriff am 1. M\u00e4rz wegen einer Straftat aus dem Jahr 2016 selbst in Haft, wie mehrere Medien berichteten. Ob die Sch\u00fcsse damit in Verbindung standen, ist aber noch unklar.<\/p>\n<p><img decoding=\"async\" width=\"992\" height=\"558\" alt=\"Diese Gastst\u00e4tte wurde nach dem Schussangriff auf der Kornstra\u00dfe durchsucht\" src=\"https:\/\/www.europesays.com\/de\/wp-content\/uploads\/2026\/04\/ad9c402210e4279024e81f734e526bee,3ff1af18.jpeg\"   class=\"landscape\" loading=\"lazy\"\/><\/p>\n<p class=\"fig__caption__text\">Diese Gastst\u00e4tte wurde nach dem Schussangriff auf der Kornstra\u00dfe durchsucht<\/p>\n<p>Foto: NEWS5<\/p>\n<p>So sehen die bewaffneten T\u00e4ter aus<\/p>\n<p>Wer die M\u00e4nner aus der <a href=\"https:\/\/www.bild.de\/news\/ausland\/tuerkei\/thema-tuerkei-alle-infos-80032998.bild.html\" class=\"text-link\" rel=\"nofollow noopener\" target=\"_blank\">T\u00fcrkei<\/a> sieht, sollte sie keinesfalls ansprechen, sondern sofort den Notruf 110 w\u00e4hlen. Sie sind gef\u00e4hrlich und bewaffnet. Die Polizei fahndet mit Fotos nach ihnen.<\/p>\n<p><b>Osman S\u00f6nmez <\/b>ist etwa 180 Zentimeter gro\u00df, wiegt rund 90 Kilogramm, hat dunkle Haare und ver\u00e4ndert wiederholt sein \u00e4u\u00dferes Erscheinungsbild. <\/p>\n<p><img decoding=\"async\" width=\"992\" height=\"697\" alt=\"Osman S\u00f6mnez wird dringend gesucht, ver\u00e4ndert immer wieder sein \u00c4u\u00dferes\" src=\"https:\/\/www.europesays.com\/de\/wp-content\/uploads\/2026\/04\/9a9560455c2601dc1c9434206dece8de,4cdd0c87.jpeg\"   class=\"dynamic\" loading=\"lazy\"\/><\/p>\n<p class=\"fig__caption__text\">Osman S\u00f6mnez wird dringend gesucht, ver\u00e4ndert immer wieder sein \u00c4u\u00dferes<\/p>\n<p>Foto: Polizei Bremen<\/p>\n<p><b>Ferhat Kocakelci<\/b> ist etwa 169 Zentimeter gro\u00df, hat schwarze, sch\u00fcttere Haare und trug zuletzt einen Vollbart.<\/p>\n<p><img decoding=\"async\" width=\"992\" height=\"944\" alt=\"Ferhat Kocakelci ist kleiner und k\u00f6nnte den Bart abrasiert haben\" src=\"https:\/\/www.europesays.com\/de\/wp-content\/uploads\/2026\/04\/edbb9260e0c0e7c1614b6506db915c2a,a841adb6.jpeg\"   class=\"dynamic\" loading=\"lazy\"\/><\/p>\n<p class=\"fig__caption__text\">Ferhat Kocakelci ist ebenfalls T\u00fcrke, etwas kleiner als der andere Tatverd\u00e4chtige und k\u00f6nnte den Bart abrasiert haben<\/p>\n<p>Foto: Polizei Bremen<\/p>\n<p>Wer Hinweise zum Aufenthaltsort der Gesuchten geben kann, wird gebeten, sich beim Kriminaldauerdienst unter Tel. 0421 3623888 zu melden.<\/p>\n","protected":false},"excerpt":{"rendered":"TTS-Player \u00fcberspringen\u21b5Artikel weiterlesen Bremen \u2013 Immer wieder schlugen die T\u00e4ter in Bremen zu: Bei ihren insgesamt f\u00fcnf Schusswaffen-Attacken&hellip;\n","protected":false},"author":2,"featured_media":926159,"comment_status":"","ping_status":"","sticky":false,"template":"","format":"standard","meta":{"footnotes":"","_share_on_mastodon":"0"},"categories":[5],"tags":[331,332,41276,2420,3364,29,122,123,30,13,85365,2183,14,15,19170,121,9116,12,138370,45,143,4743],"class_list":["post-926158","post","type-post","status-publish","format-standard","has-post-thumbnail","category-nachrichten","tag-aktuelle-nachrichten","tag-aktuelle-news","tag-auftragsmord","tag-bremen","tag-de","tag-deutschland","tag-fahndungen","tag-fahndungsfoto","tag-germany","tag-headlines","tag-maennlich","tag-mord","tag-nachrichten","tag-news","tag-opfer","tag-polizei","tag-schiessen","tag-schlagzeilen","tag-team-first","tag-texttospeech","tag-tuerkei","tag-waffen"],"share_on_mastodon":{"url":"https:\/\/pubeurope.com\/@de\/116359590972520745","error":""},"_links":{"self":[{"href":"https:\/\/www.europesays.com\/de\/wp-json\/wp\/v2\/posts\/926158","targetHints":{"allow":["GET"]}}],"collection":[{"href":"https:\/\/www.europesays.com\/de\/wp-json\/wp\/v2\/posts"}],"about":[{"href":"https:\/\/www.europesays.com\/de\/wp-json\/wp\/v2\/types\/post"}],"author":[{"embeddable":true,"href":"https:\/\/www.europesays.com\/de\/wp-json\/wp\/v2\/users\/2"}],"replies":[{"embeddable":true,"href":"https:\/\/www.europesays.com\/de\/wp-json\/wp\/v2\/comments?post=926158"}],"version-history":[{"count":0,"href":"https:\/\/www.europesays.com\/de\/wp-json\/wp\/v2\/posts\/926158\/revisions"}],"wp:featuredmedia":[{"embeddable":true,"href":"https:\/\/www.europesays.com\/de\/wp-json\/wp\/v2\/media\/926159"}],"wp:attachment":[{"href":"https:\/\/www.europesays.com\/de\/wp-json\/wp\/v2\/media?parent=926158"}],"wp:term":[{"taxonomy":"category","embeddable":true,"href":"https:\/\/www.europesays.com\/de\/wp-json\/wp\/v2\/categories?post=926158"},{"taxonomy":"post_tag","embeddable":true,"href":"https:\/\/www.europesays.com\/de\/wp-json\/wp\/v2\/tags?post=926158"}],"curies":[{"name":"wp","href":"https:\/\/api.w.org\/{rel}","templated":true}]}}