{"id":926226,"date":"2026-04-06T21:06:19","date_gmt":"2026-04-06T21:06:19","guid":{"rendered":"https:\/\/www.europesays.com\/de\/926226\/"},"modified":"2026-04-06T21:06:19","modified_gmt":"2026-04-06T21:06:19","slug":"gewinnerin-steht-fest-sie-gewinnt-die-show","status":"publish","type":"post","link":"https:\/\/www.europesays.com\/de\/926226\/","title":{"rendered":"Gewinnerin steht fest! SIE gewinnt die Show"},"content":{"rendered":"<p>  &#8222;Promis unter Palmen&#8220; 2026: Gewinnerin steht fest! SIE gewinnt die Show<\/p>\n<p>Es ist entschieden, die Siegerin von &#8222;Promis unter Palmen&#8220; 2026 steht fest. In einem spannenden Finale, in dem Dilara Kruse, Gina-Lisa Lohfink, Edith Stehfest und Franziska Temme gegeneinander antreten musste, setzte sich eine Promi-Dame am Ende dann doch durch. OKmag.de verr\u00e4t vorab, wer sich den Sieg holt! <strong>Achtung, Spoiler!<\/strong><\/p>\n<p>&#8222;Promis unter Palmen&#8220; 2026: Diese Kandidatin holt sich den Sieg<\/p>\n<p>&#8222;Promis unter Palmen&#8220; neigt sich dem Ende: Eigentlich flimmert die achte und damit letzte Folge der diesj\u00e4hrigen Staffel erst am 6. April \u00fcber die Mattscheiben, doch schon jetzt ist das gro\u00dfe Finale auf Joyn verf\u00fcgbar, in dem sich entscheidet, welcher Promi sich die &#8222;goldene Kokosnuss&#8220; sichern konnte &#8211; und es wird spannend. Denn zu Beginn der letzten Episode mussten zun\u00e4chst <strong>Edith Stehfest (30) und Maurice Dziwak (27) <\/strong>nach einem Gleichstand in einem Spiel in ein finales W\u00fcrfel-Duell um den Einzug ins Finale buhlen &#8211; und bei diesem Duell setzte sich die Ex von Eric Stehfest (36) schlie\u00dflich durch. Doch von Dauer war die Freude nicht: Nach einer explosiven Aussprache mit den bereits ausgeschiedenen &#8222;Promis unter Palmen&#8220;-Kandidaten, an denen es nahezu an allen Fronten zu Diskussionen und Konflikten kam, musste Edith die Show dann doch kurz vor dem Ziel verlassen &#8230;<\/p>\n<p>Franziska Temme gewinnt die &#8222;goldene Kokosnuss&#8220; und 83.000 Euro<\/p>\n<p>Bei einer Poker-Partie der besonderen Art sollten Dilara Kruse (34), Gina-Lisa Lohfink (39), Edith Stehfest und Franziska Temme (30) n\u00e4mlich einen Teil ihrer Gage als Einsatz opfern, um sich den Final-Platz zu sichern. Da die 30-J\u00e4hrige <strong>mit knapp 1.400 Euro die geringste Summe<\/strong> als Einsatz ins Spiel brachte, musste sie letztlich vor dem Finale das Feld r\u00e4umen &#8230;<\/p>\n<p>Im gro\u00dfen &#8222;Promis unter Palmen&#8220;-Finale traten dann nur noch <strong>Dilara Kruse, Gina-Lisa Lohfink und Franziska Temme<\/strong> noch einmal gegeneinander an, doch das Spiel brachte nicht die erhoffte eindeutige Entscheidung und so kam es &#8211; mal wieder &#8211; zu einem W\u00fcrfelduell. Letztlich konnte sich dann <strong>tats\u00e4chlich Franziska Temme <\/strong>mit einer gro\u00dfen Portion Gl\u00fcck gegen Dilara und Gina-Lisa durchsetzen und gewann am Ende so die &#8222;goldene Kokosnuss&#8220; und <strong>ein Preisgeld von \u00fcber 83.000 Euro.<\/strong> Die Freude bei der Blondine war riesig: Noch bei der Poker-Partie hatte sie enth\u00fcllt, eine vergleichsweise geringe Gage f\u00fcr ihre Teilnahme an der Sat.1-Show zu erhalten und auch in ihrem Beruf als Sozialarbeiterin nicht viel zu verdienen.\u00a0<\/p>\n<p>&#8222;Promis unter Palmen&#8220; l\u00e4uft montags um 20:15 Uhr in Sat.1 und auf Joyn. Das Finale l\u00e4uft am 6. April im TV.\u00a0<\/p>\n<p>\n            Woher kennt man Franziska Temme?\n        <\/p>\n<p>2022 war Franziska Temme bei <strong>&#8222;Der Bachelor&#8220; <\/strong>erstmals in einer TV-Show zu sehen. Damals k\u00e4mpfte sie um das Herz von Dominik Stuckmann, der sich aber letztlich gegen sie entschied. Im Anschluss suchte sie in der RTL-Datingshow<strong> &#8222;Are You The One &#8211; Reality-Stars in Love&#8220;<\/strong> ihr Perfect Match und bandelte mit Ballermann-Star Calvin Kleinen an, doch aus der kurzen Liebelei wurde am Ende nichts.\u00a0<\/p>\n<p>Im Jahr 2023 war Franzi dann bei <strong>&#8222;Bachelor in Paradise&#8220; <\/strong>zu sehen, 2024 nahm sie als Nachr\u00fcckerin f\u00fcr Claudia Haas bei <strong>&#8222;Reality Queens&#8220; <\/strong>dabei. Nach einer Teilnahme an <strong>&#8222;Ex on the Beach&#8220;<\/strong> war sie 2026 dann schlie\u00dflich bei<strong> &#8222;Promis unter Palmen&#8220; <\/strong>zu sehen &#8211; und gewann die Sat.1-Show am Ende.\u00a0<\/p>\n","protected":false},"excerpt":{"rendered":"&#8222;Promis unter Palmen&#8220; 2026: Gewinnerin steht fest! SIE gewinnt die Show Es ist entschieden, die Siegerin von &#8222;Promis&hellip;\n","protected":false},"author":2,"featured_media":926227,"comment_status":"","ping_status":"","sticky":false,"template":"","format":"standard","meta":{"footnotes":"","_share_on_mastodon":"0"},"categories":[1773],"tags":[2125,29,103464,116596,214,30,66528,168661,471,1780,215],"class_list":["post-926226","post","type-post","status-publish","format-standard","has-post-thumbnail","category-serien","tag-promis-unter-palmen","tag-deutschland","tag-dilara-kruse","tag-edith-stehfest","tag-entertainment","tag-germany","tag-gina-lisa-lohfink","tag-reality-shows","tag-serien","tag-series","tag-unterhaltung"],"share_on_mastodon":{"url":"https:\/\/pubeurope.com\/@de\/116359802673186874","error":""},"_links":{"self":[{"href":"https:\/\/www.europesays.com\/de\/wp-json\/wp\/v2\/posts\/926226","targetHints":{"allow":["GET"]}}],"collection":[{"href":"https:\/\/www.europesays.com\/de\/wp-json\/wp\/v2\/posts"}],"about":[{"href":"https:\/\/www.europesays.com\/de\/wp-json\/wp\/v2\/types\/post"}],"author":[{"embeddable":true,"href":"https:\/\/www.europesays.com\/de\/wp-json\/wp\/v2\/users\/2"}],"replies":[{"embeddable":true,"href":"https:\/\/www.europesays.com\/de\/wp-json\/wp\/v2\/comments?post=926226"}],"version-history":[{"count":0,"href":"https:\/\/www.europesays.com\/de\/wp-json\/wp\/v2\/posts\/926226\/revisions"}],"wp:featuredmedia":[{"embeddable":true,"href":"https:\/\/www.europesays.com\/de\/wp-json\/wp\/v2\/media\/926227"}],"wp:attachment":[{"href":"https:\/\/www.europesays.com\/de\/wp-json\/wp\/v2\/media?parent=926226"}],"wp:term":[{"taxonomy":"category","embeddable":true,"href":"https:\/\/www.europesays.com\/de\/wp-json\/wp\/v2\/categories?post=926226"},{"taxonomy":"post_tag","embeddable":true,"href":"https:\/\/www.europesays.com\/de\/wp-json\/wp\/v2\/tags?post=926226"}],"curies":[{"name":"wp","href":"https:\/\/api.w.org\/{rel}","templated":true}]}}