{"id":926252,"date":"2026-04-06T21:21:16","date_gmt":"2026-04-06T21:21:16","guid":{"rendered":"https:\/\/www.europesays.com\/de\/926252\/"},"modified":"2026-04-06T21:21:16","modified_gmt":"2026-04-06T21:21:16","slug":"hsv-fans-wundern-sich-was-machte-glatzel-in-kiel-sport","status":"publish","type":"post","link":"https:\/\/www.europesays.com\/de\/926252\/","title":{"rendered":"HSV-Fans wundern sich: Was machte Glatzel in Kiel? | Sport"},"content":{"rendered":"<p><a class=\"skip-content skip-content--link\" href=\"#in-content-skip-link-target-v-0-0\">TTS-Player \u00fcberspringen\u21b5<\/a><a id=\"in-content-skip-link-target-v-0-0\" class=\"skip-content--target-link-hidden skip-content skip-content--target-link\" href=\"#in-content-skip-link-target-v-0-0\">Artikel weiterlesen<\/a><\/p>\n<p><b>\u201eBis zum Ende der Saison werde ich alles geben, damit wir drinbleiben. Das wei\u00df auch der Trainer, dass ich f\u00fcr den Verein brenne.\u201c So sprach HSV-St\u00fcrmer Robert Glatzel (32) nach dem 1:1 gegen Augsburg, bei dem er mal wieder von Beginn an ran durfte und den Ausgleichstreffer von Ransford K\u00f6nigsd\u00f6rffer (24) vorbereitete. Vollgas bis Saisonende f\u00fcr den Klassenerhalt \u2013 und dann?<\/b><\/p>\n<p>Der Vertrag von Glatzel beim HSV l\u00e4uft bis 2027. Aktuell eher unwahrscheinlich, dass er ihn erf\u00fcllt. Zu sehr ist der Chef-Knipser aus Zweitliga-Zeiten beim <a href=\"https:\/\/www.bild.de\/sport\/fussball\/hsv\/startseite-hsv-31074410.bild.html\" class=\"text-link\" rel=\"nofollow noopener\" target=\"_blank\">HSV<\/a> zur Nebenrolle verkommen. Umso genauer guckten die HSV-Fans hin, als am Ostersonntag pl\u00f6tzlich Bilder von Glatzel auf der Trib\u00fcne von Zweitligist <a href=\"https:\/\/www.bild.de\/sport\/fussball\/kieler-sv-holstein\/startseite-kiel-52363046.bild.html\" class=\"text-link\" rel=\"nofollow noopener\" target=\"_blank\">Holstein Kiel<\/a> auftauchten. Wie auch Ex-HSV-Boss Jonas Boldt (44) schaute sich Glatzel das 0:0 im Abstiegskampf gegen Preu\u00dfen M\u00fcnster an. Bei Kiel steht Ex-HSV-Trainer Tim Walter (50) an der Seitenlinie, mit Jonas Meffert (31) ein alter Hamburger Weggef\u00e4hrte im Mittelfeld auf dem Platz. Zieht es mit Glatzel \u2013 sofern Kiel (steht derzeit auf Relegationsplatz 16) in der 2.\u00a0Liga bleibt \u2013 den n\u00e4chsten Hamburger zu Holstein?<\/p>\n<p>Eher nicht. Zwar wurde der Name Glatzel bei Holstein in der Vergangenheit mal locker diskutiert, hei\u00df ist das Thema aber aktuell nicht. Am Ostersonntag handelte es sich nicht mehr und nicht weniger als um einen Besuch. Wie geht es im Sommer also weiter mit Glatzel? \u00dcber eine m\u00f6gliche Zukunft beim HSV sagte er nach dem <a href=\"https:\/\/www.bild.de\/sport\/fussball\/hsv-ueberraschungs-comeback-was-glatzel-ueber-polzin-sagt-69d140d58ba297d4b122f232\" class=\"text-link\" rel=\"nofollow noopener\" target=\"_blank\">Augsburg-Spiel<\/a>: \u201eDas wird man sehen. Erst mal m\u00fcssen wir die n\u00f6tigen Punkte einsammeln. Es kommen noch einige schwere Gegner. Wir sind noch lange nicht durch. Das Wichtigste ist, dass wir die Klasse halten. Es kommt noch ein langer Sommer. Das ist noch alles Zukunftsmusik.\u201c<\/p>\n<p>Mehr zum Thema<\/p>\n<p>Und auf die letzten Sommerpausen mit Wechselgedanken bei Glatzel angesprochen, sagte er: \u201eDie waren nie langweilig&#8230;\u201c<\/p>\n","protected":false},"excerpt":{"rendered":"TTS-Player \u00fcberspringen\u21b5Artikel weiterlesen \u201eBis zum Ende der Saison werde ich alles geben, damit wir drinbleiben. Das wei\u00df auch&hellip;\n","protected":false},"author":2,"featured_media":926253,"comment_status":"","ping_status":"","sticky":false,"template":"","format":"standard","meta":{"footnotes":"","_share_on_mastodon":"0"},"categories":[1852],"tags":[3364,29,548,663,3934,30,10165,3150,13,4949,21431,53915,14,15,12,1971,542,45,154189,784],"class_list":["post-926252","post","type-post","status-publish","format-standard","has-post-thumbnail","category-kiel","tag-de","tag-deutschland","tag-eu","tag-europa","tag-europe","tag-germany","tag-glatzel-robert","tag-hamburger-sv","tag-headlines","tag-kiel","tag-kieler-sv-holstein","tag-meffert-jonas","tag-nachrichten","tag-news","tag-schlagzeilen","tag-schleswig-holstein","tag-sport-leuchtturm-hamburg","tag-texttospeech","tag-walter-tim","tag-zweite-bundesliga"],"share_on_mastodon":{"url":"https:\/\/pubeurope.com\/@de\/116359861973958528","error":""},"_links":{"self":[{"href":"https:\/\/www.europesays.com\/de\/wp-json\/wp\/v2\/posts\/926252","targetHints":{"allow":["GET"]}}],"collection":[{"href":"https:\/\/www.europesays.com\/de\/wp-json\/wp\/v2\/posts"}],"about":[{"href":"https:\/\/www.europesays.com\/de\/wp-json\/wp\/v2\/types\/post"}],"author":[{"embeddable":true,"href":"https:\/\/www.europesays.com\/de\/wp-json\/wp\/v2\/users\/2"}],"replies":[{"embeddable":true,"href":"https:\/\/www.europesays.com\/de\/wp-json\/wp\/v2\/comments?post=926252"}],"version-history":[{"count":0,"href":"https:\/\/www.europesays.com\/de\/wp-json\/wp\/v2\/posts\/926252\/revisions"}],"wp:featuredmedia":[{"embeddable":true,"href":"https:\/\/www.europesays.com\/de\/wp-json\/wp\/v2\/media\/926253"}],"wp:attachment":[{"href":"https:\/\/www.europesays.com\/de\/wp-json\/wp\/v2\/media?parent=926252"}],"wp:term":[{"taxonomy":"category","embeddable":true,"href":"https:\/\/www.europesays.com\/de\/wp-json\/wp\/v2\/categories?post=926252"},{"taxonomy":"post_tag","embeddable":true,"href":"https:\/\/www.europesays.com\/de\/wp-json\/wp\/v2\/tags?post=926252"}],"curies":[{"name":"wp","href":"https:\/\/api.w.org\/{rel}","templated":true}]}}