{"id":926543,"date":"2026-04-07T00:27:20","date_gmt":"2026-04-07T00:27:20","guid":{"rendered":"https:\/\/www.europesays.com\/de\/926543\/"},"modified":"2026-04-07T00:27:20","modified_gmt":"2026-04-07T00:27:20","slug":"sarah-connor-macht-die-loreley-zur-sommerbuehne","status":"publish","type":"post","link":"https:\/\/www.europesays.com\/de\/926543\/","title":{"rendered":"Sarah Connor macht die Loreley zur Sommerb\u00fchne"},"content":{"rendered":"<p>Wenn Sarah Connor auf der Loreley singt, wird Sommer laut, z\u00e4rtlich und wild. \u201eWilde N\u00e4chte\u201c bringen Hits, Herz und G\u00e4nsehaut auf die B\u00fchne.<\/p>\n<p>Wenn Sarah Connor den Sommer ruft, dann antwortet das Publikum \u2013 laut, offen, bereit f\u00fcr alles. 2026 zieht sie mit ihrem neuen Album \u201eFREIGEISTIN\u201c durch die Republik. Und sie macht auch Halt an einem Ort, der mehr ist als nur B\u00fchne: auf der Loreley Freilichtb\u00fchne. Dort, wo der Rhein Geschichten tr\u00e4gt und Felsen den Sound zur\u00fcckwerfen.<\/p>\n<p>Wenn Pop auf Panorama trifft<\/p>\n<p>Connor kommt nicht leise. Sie kommt mit Haltung, mit Stimme, mit Songs, die sich nicht verstecken. <strong>\u201eWilde N\u00e4chte \u2013 Open Air 2026\u201c<\/strong> nennt sie ihre Sommertour \u2013 und der Titel h\u00e4lt, was er verspricht. Zwischen Mai und August bringt sie ihre Musik in 15 St\u00e4dte. Doch die Loreley? Die wird zum H\u00f6hepunkt.<\/p>\n<p>Hier z\u00e4hlt kein Filter. Hier tr\u00e4gt der Wind jede Zeile weiter. <strong>Hier kippt ein Refrain schnell ins Kollektive<\/strong>. Wer schon einmal dort stand, wei\u00df: Konzerte passieren hier nicht nur \u2013 sie greifen.<\/p>\n<p>Freigeistin auf freier B\u00fchne<\/p>\n<p>Connor singt nicht einfach Hits. <strong>Sie erz\u00e4hlt. Von Sehnsucht, von Zweifel, von Aufbruch. Ihr<\/strong> aktuelles Nummer-1-Album \u201eFREIGEISTIN\u201c treibt genau das voran. Es fragt, wo Freiheit beginnt \u2013 und wo sie aufh\u00f6rt. Live verwandelt sie diese Fragen in Energie.<\/p>\n<p>Das Publikum bekommt keine Nostalgieshow. Es bekommt Bewegung. <strong>Alte Songs treffen auf neue<\/strong>. Intime Momente kippen in gro\u00dfe Gesten. Und irgendwo zwischen zwei Takten entsteht dieses Gef\u00fchl: Jetzt passiert etwas.<\/p>\n<p>N\u00e4chte, die bleiben wollen<\/p>\n<p>Die Tour tr\u00e4gt ihren Namen nicht zuf\u00e4llig. \u201eWilde N\u00e4chte\u201c sind kein Versprechen, sie sind eine Einladung. Tanzen, singen, loslassen. Sich erinnern. Vielleicht auch sich selbst neu entdecken \u2013 zumindest f\u00fcr einen Abend. Und wenn die letzten T\u00f6ne \u00fcber den Rhein ziehen, bleibt mehr als Musik. Es bleibt ein Echo.<\/p>\n<p>Tourdaten Sarah Conner<\/p>\n<tr>\nDatum<br \/>\nUhrzeit<br \/>\nOrt<br \/>\nLocation<br \/>\n<\/tr>\n<tr>\n<td>07.05.2026<\/td>\n<td>20:00<\/td>\n<td>Esch-sur-Alzette<\/td>\n<td>Rockhal<\/td>\n<\/tr>\n<tr>\n<td>08.05.2026<\/td>\n<td>18:35<\/td>\n<td>Bad Segeberg<\/td>\n<td>Kalkberg Arena<\/td>\n<\/tr>\n<tr>\n<td>04.06.2026<\/td>\n<td>20:00<\/td>\n<td>Schladming<\/td>\n<td>Planai Stadion<\/td>\n<\/tr>\n<tr>\n<td>05.06.2026<\/td>\n<td>19:30<\/td>\n<td>Tettnang<\/td>\n<td>Neues Schloss Tettnang<\/td>\n<\/tr>\n<tr>\n<td>18.06.2026<\/td>\n<td>19:30<\/td>\n<td>Fulda<\/td>\n<td>Domplatz<\/td>\n<\/tr>\n<tr>\n<td>19.06.2026<\/td>\n<td>18:40<\/td>\n<td>M\u00f6nchengladbach<\/td>\n<td>SparkassenPark M\u00f6nchengladbach<\/td>\n<\/tr>\n<tr>\n<td>20.06.2026<\/td>\n<td>19:00<\/td>\n<td>St. Goarshausen<\/td>\n<td>Loreley Freilichtb\u00fchne<\/td>\n<\/tr>\n<tr>\n<td>27.06.2026<\/td>\n<td>19:00<\/td>\n<td>B\u00fcren<\/td>\n<td>Almeauen<\/td>\n<\/tr>\n<tr>\n<td>03.07.2026<\/td>\n<td>18:40<\/td>\n<td>Rostock<\/td>\n<td>IGA Parkb\u00fchne Rostock<\/td>\n<\/tr>\n<tr>\n<td>04.07.2026<\/td>\n<td>19:00<\/td>\n<td>Dortmund<\/td>\n<td>Westfalenpark Dortmund<\/td>\n<\/tr>\n<tr>\n<td>17.07.2026<\/td>\n<td>19:00<\/td>\n<td>Rosenheim<\/td>\n<td>Mangfallpark<\/td>\n<\/tr>\n<tr>\n<td>19.07.2026<\/td>\n<td>19:45<\/td>\n<td>Locarno<\/td>\n<td>Moon &amp; Stars Festival<\/td>\n<\/tr>\n<tr>\n<td>29.07.2026<\/td>\n<td>19:30<\/td>\n<td>Lauchheim<\/td>\n<td>Schloss Kapfenburg<\/td>\n<\/tr>\n<tr>\n<td>31.07.2026<\/td>\n<td>20:30<\/td>\n<td>Norderney<\/td>\n<td>Summertime@Norderney<\/td>\n<\/tr>\n<tr>\n<td>01.08.2026<\/td>\n<td>20:30<\/td>\n<td>Norderney<\/td>\n<td>Summertime@Norderney<\/td>\n<\/tr>\n<tr>\n<td>07.08.2026<\/td>\n<td>19:30<\/td>\n<td>F\u00fcssen<\/td>\n<td>Barockgarten am Festspielhaus<\/td>\n<\/tr>\n<tr>\n<td>13.08.2026<\/td>\n<td>19:00<\/td>\n<td>Braunschweig<\/td>\n<td>Volksbank BraWo B\u00fchne<\/td>\n<\/tr>\n<tr>\n<td>14.08.2026<\/td>\n<td>18:00<\/td>\n<td>Osnabr\u00fcck<\/td>\n<td>Schlossgarten<\/td>\n<\/tr>\n<tr>\n<td>15.08.2026<\/td>\n<td>19:30<\/td>\n<td>Berlin<\/td>\n<td>Waldb\u00fchne Berlin<\/td>\n<\/tr>\n<tr>\n<td>26.08.2026<\/td>\n<td>19:15<\/td>\n<td>Bruchsal<\/td>\n<td>Schlossgarten Bruchsal<\/td>\n<\/tr>\n<tr>\n<td>27.08.2026<\/td>\n<td>20:00<\/td>\n<td>Coburg<\/td>\n<td>Schlossplatz Coburg<\/td>\n<\/tr>\n<tr>\n<td>28.08.2026<\/td>\n<td>19:30<\/td>\n<td>Osterholz-Scharmbeck<\/td>\n<td>Freigel\u00e4nde an der Stadthalle<\/td>\n<\/tr>\n<p>Foto \u2013 Sarah Connor bringt ihre \u201eWilde N\u00e4chte\u201c-Tour auf die Loreley \u2013 dort, wo Musik auf Landschaft trifft und Emotionen den Ton angeben. \u00a92026 Julian Mathieu<\/p>\n<p>Weitere Nachrichten zu <a href=\"http:\/\/wiesbaden-lebt.de\/tag\/konzert\" rel=\"nofollow noopener\" target=\"_blank\"><strong>Konzerten<\/strong> in und um Wiesbaden<\/a>.<\/p>\n<p>Karten f\u00fcr das Konzert von <strong><a href=\"https:\/\/www.eventim.de\/artist\/sarah-connor\/sarah-connor-wilde-naechte-open-air-2026-2792244\/?srsltid=AfmBOoqO90_t8TKmhSoyg_Byw5DInLtOGN1JBZX59BqbI7crHTEPT_tH\" target=\"_blank\" rel=\"noreferrer noopener nofollow\">Sarah Connor<\/a><\/strong> bei Eventim.<\/p>\n<p><img loading=\"lazy\" decoding=\"async\" id=\"metis-img-pixel\" src=\"https:\/\/www.europesays.com\/de\/wp-content\/uploads\/2026\/04\/c5e72eb8859f495588b3b54b6339378f.gif\" width=\"1\" height=\"1\" alt=\"\"\/>\t\t\t\t\t\t<\/p>\n","protected":false},"excerpt":{"rendered":"Wenn Sarah Connor auf der Loreley singt, wird Sommer laut, z\u00e4rtlich und wild. \u201eWilde N\u00e4chte\u201c bringen Hits, Herz&hellip;\n","protected":false},"author":2,"featured_media":926544,"comment_status":"","ping_status":"","sticky":false,"template":"","format":"standard","meta":{"footnotes":"","_share_on_mastodon":"0"},"categories":[1847],"tags":[3364,29,548,663,3934,30,13,2052,194499,202635,14,15,201074,12,4544],"class_list":["post-926543","post","type-post","status-publish","format-standard","has-post-thumbnail","category-wiesbaden","tag-de","tag-deutschland","tag-eu","tag-europa","tag-europe","tag-germany","tag-headlines","tag-hessen","tag-konzert-2026","tag-lore-ley","tag-nachrichten","tag-news","tag-sarah-conner","tag-schlagzeilen","tag-wiesbaden"],"share_on_mastodon":{"url":"https:\/\/pubeurope.com\/@de\/116360593512854438","error":""},"_links":{"self":[{"href":"https:\/\/www.europesays.com\/de\/wp-json\/wp\/v2\/posts\/926543","targetHints":{"allow":["GET"]}}],"collection":[{"href":"https:\/\/www.europesays.com\/de\/wp-json\/wp\/v2\/posts"}],"about":[{"href":"https:\/\/www.europesays.com\/de\/wp-json\/wp\/v2\/types\/post"}],"author":[{"embeddable":true,"href":"https:\/\/www.europesays.com\/de\/wp-json\/wp\/v2\/users\/2"}],"replies":[{"embeddable":true,"href":"https:\/\/www.europesays.com\/de\/wp-json\/wp\/v2\/comments?post=926543"}],"version-history":[{"count":0,"href":"https:\/\/www.europesays.com\/de\/wp-json\/wp\/v2\/posts\/926543\/revisions"}],"wp:featuredmedia":[{"embeddable":true,"href":"https:\/\/www.europesays.com\/de\/wp-json\/wp\/v2\/media\/926544"}],"wp:attachment":[{"href":"https:\/\/www.europesays.com\/de\/wp-json\/wp\/v2\/media?parent=926543"}],"wp:term":[{"taxonomy":"category","embeddable":true,"href":"https:\/\/www.europesays.com\/de\/wp-json\/wp\/v2\/categories?post=926543"},{"taxonomy":"post_tag","embeddable":true,"href":"https:\/\/www.europesays.com\/de\/wp-json\/wp\/v2\/tags?post=926543"}],"curies":[{"name":"wp","href":"https:\/\/api.w.org\/{rel}","templated":true}]}}