{"id":926672,"date":"2026-04-07T01:59:18","date_gmt":"2026-04-07T01:59:18","guid":{"rendered":"https:\/\/www.europesays.com\/de\/926672\/"},"modified":"2026-04-07T01:59:18","modified_gmt":"2026-04-07T01:59:18","slug":"2-bundesliga-kein-osterleckerbissen-kiels-frust-nach-00-gegen-muenster","status":"publish","type":"post","link":"https:\/\/www.europesays.com\/de\/926672\/","title":{"rendered":"2. Bundesliga: &#8222;Kein Osterleckerbissen&#8220;: Kiels Frust nach 0:0 gegen M\u00fcnster"},"content":{"rendered":"<p class=\"paragraph article__item\">Erst ideenlos, dann frustriert nach der entt\u00e4uschenden Nullnummer gegen Schlusslicht Preu\u00dfen M\u00fcnster. <a class=\"rtr-entity\" href=\"https:\/\/www.zeit.de\/thema\/holstein-kiel\" rel=\"nofollow noopener\" target=\"_blank\">Holstein Kiel<\/a> verpasste im Zweitliga-Abstiegskampf den Heimsieg gegen einen direkten Konkurrenten. \u00abDie Null steht mal wieder und den Punkt nehmen wir auch mit. Der kann sehr wichtig sein in den n\u00e4chsten Wochen. Trotzdem war das nicht der Anspruch\u00bb, sagte Holstein-Torwart Timon Weiner. Sein Blick ging schon nach vorn, am Freitag (18.30 Uhr\/Sky) steht f\u00fcr den Club die n\u00e4chste Partie bei Fortuna D\u00fcsseldorf an: \u00abWir haben jetzt nicht so viel Zeit bis Freitag, um das besser zu machen. Deswegen m\u00fcssen wir die Zeit gut nutzen.\u00bb\n<\/p>\n<p>Aktuelles<\/p>\n<p>                <a href=\"https:\/\/www.zeit.de\/sport\/2026-04\/bundesliga-28-spieltag-samstag-freiburg-bayern-stuttgart-dortmund\" data-ct-label=\"Bundesliga, 28. Spieltag \u2013 Samstag: Dortmund gewinnt in Stuttgart, Bayern dreht Partie gegen Freiburg\" data-uuid=\"eb9a0a4a-43a1-4b2e-9399-08b9e1110123\" rel=\"nofollow noopener\" target=\"_blank\"><\/p>\n<p>                        Bundesliga, 28. Spieltag \u2013 Samstag:<br \/>\n                        Dortmund gewinnt in Stuttgart, Bayern dreht Partie gegen Freiburg<\/p>\n<p>                <\/a><\/p>\n<p>                <a href=\"https:\/\/www.zeit.de\/sport\/2026-03\/bundesliga-werder-bremen-fsv-mainz\" data-ct-label=\"Bundesliga, 26. Spieltag \u2013 Sonntag: Stuttgart bleibt vor Leipzig, Union Berlin gewinnt in Freiburg\" data-uuid=\"c0936dc4-b865-4838-b927-80fccc98018a\" rel=\"nofollow noopener\" target=\"_blank\"><\/p>\n<p>                        Bundesliga, 26. Spieltag \u2013 Sonntag:<br \/>\n                        Stuttgart bleibt vor Leipzig, Union Berlin gewinnt in Freiburg<\/p>\n<p>                <\/a><\/p>\n<p>                <a href=\"https:\/\/www.zeit.de\/sport\/2026-03\/bundesliga-26-spieltag-freitag-gladbach-st-pauli\" data-ct-label=\"Bundesliga, 26. Spieltag \u2013 Freitag: Gladbach gewinnt Abstiegsduell gegen St. Pauli\" data-uuid=\"2a54019e-cdd7-4552-84be-0c7dd46a8595\" rel=\"nofollow noopener\" target=\"_blank\"><\/p>\n<p>                        Bundesliga, 26. Spieltag \u2013 Freitag:<br \/>\n                        Gladbach gewinnt Abstiegsduell gegen St. Pauli<\/p>\n<p>                <\/a><\/p>\n<p>                    M\u00fcnster macht Kiel das Leben schwer        <\/p>\n<p class=\"paragraph article__item\">Im engen Abstiegskampf der 2. Liga stehen die Kieler auf dem Relegationsrang, D\u00fcsseldorf ist zwei Punkte entfernt und Tabellenzw\u00f6lfter.\u00a0\n<\/p>\n<p class=\"paragraph article__item\">Von einem Drei-Punkte-Erfolg gegen <a class=\"rtr-entity\" href=\"https:\/\/www.zeit.de\/thema\/muenster\" rel=\"nofollow noopener\" target=\"_blank\">M\u00fcnster<\/a> beim 0:0 waren die Kieler weit entfernt. Die zwei Z\u00e4hler hinter den Kielern stehenden M\u00fcnsteraner auf dem letzten Tabellenrang machten dem Absteiger aus der Bundesliga das Leben schwer. \u00abEs war kein Osterleckerbissen, sondern einfach ein 0:0\u00bb, sagte Kiels Trainer Tim Walter.\u00a0\n<\/p>\n<p class=\"paragraph article__item\">Seine Kieler lie\u00dfen sich gegen einen tief stehenden Gegner zu wenig einfallen. \u00abEs geht ja nicht darum, dass Preu\u00dfen M\u00fcnster jetzt Letzter in der Tabelle ist, sondern die spielen auch Fu\u00dfball, und sie versuche auch Spiele zu gewinnen und zu verteidigen. Und es ist nicht einfach\u00bb, sagte der genervt wirkende Trainer.\n<\/p>\n<p class=\"paragraph article__item\">Das Unentschieden war letztendlich gerechtfertigt, da beide Teams f\u00fcr nur wenig Gefahr sorgten. In einer umk\u00e4mpfen, aber vor dem Tor ereignisarmen Partie gab es kaum klare Chancen.\u00a0\n<\/p>\n<p class=\"paragraph article__item\">Nach dem furiosen 3:2-Sieg in Bochum vor der L\u00e4nderspielpause entt\u00e4uschten die Norddeutschen. \u00abKeiner geht heute zufrieden vom Platz\u00bb, versicherte Torwart Weiner. \u00abWir hatten zwar viel den Ball, aber haben wenig kreiert.\u00bb\n<\/p>\n<p class=\"paragraph article__item\">\u00a9 dpa-infocom, dpa:260406-930-911506\/1<\/p>\n","protected":false},"excerpt":{"rendered":"Erst ideenlos, dann frustriert nach der entt\u00e4uschenden Nullnummer gegen Schlusslicht Preu\u00dfen M\u00fcnster. Holstein Kiel verpasste im Zweitliga-Abstiegskampf den&hellip;\n","protected":false},"author":2,"featured_media":926673,"comment_status":"","ping_status":"","sticky":false,"template":"","format":"standard","meta":{"footnotes":"","_share_on_mastodon":"0"},"categories":[1852],"tags":[621,299,3364,29,548,663,3934,5913,30,13,29068,10243,4949,8970,14,15,202653,7650,12,1971,172183],"class_list":["post-926672","post","type-post","status-publish","format-standard","has-post-thumbnail","category-kiel","tag-2-bundesliga","tag-bundesliga","tag-de","tag-deutschland","tag-eu","tag-europa","tag-europe","tag-frust","tag-germany","tag-headlines","tag-holstein","tag-holstein-kiel","tag-kiel","tag-muenster","tag-nachrichten","tag-news","tag-osterleckerbissen","tag-preussen-muenster","tag-schlagzeilen","tag-schleswig-holstein","tag-timon-weiner"],"share_on_mastodon":{"url":"https:\/\/pubeurope.com\/@de\/116360955186223662","error":""},"_links":{"self":[{"href":"https:\/\/www.europesays.com\/de\/wp-json\/wp\/v2\/posts\/926672","targetHints":{"allow":["GET"]}}],"collection":[{"href":"https:\/\/www.europesays.com\/de\/wp-json\/wp\/v2\/posts"}],"about":[{"href":"https:\/\/www.europesays.com\/de\/wp-json\/wp\/v2\/types\/post"}],"author":[{"embeddable":true,"href":"https:\/\/www.europesays.com\/de\/wp-json\/wp\/v2\/users\/2"}],"replies":[{"embeddable":true,"href":"https:\/\/www.europesays.com\/de\/wp-json\/wp\/v2\/comments?post=926672"}],"version-history":[{"count":0,"href":"https:\/\/www.europesays.com\/de\/wp-json\/wp\/v2\/posts\/926672\/revisions"}],"wp:featuredmedia":[{"embeddable":true,"href":"https:\/\/www.europesays.com\/de\/wp-json\/wp\/v2\/media\/926673"}],"wp:attachment":[{"href":"https:\/\/www.europesays.com\/de\/wp-json\/wp\/v2\/media?parent=926672"}],"wp:term":[{"taxonomy":"category","embeddable":true,"href":"https:\/\/www.europesays.com\/de\/wp-json\/wp\/v2\/categories?post=926672"},{"taxonomy":"post_tag","embeddable":true,"href":"https:\/\/www.europesays.com\/de\/wp-json\/wp\/v2\/tags?post=926672"}],"curies":[{"name":"wp","href":"https:\/\/api.w.org\/{rel}","templated":true}]}}