{"id":926941,"date":"2026-04-07T05:06:28","date_gmt":"2026-04-07T05:06:28","guid":{"rendered":"https:\/\/www.europesays.com\/de\/926941\/"},"modified":"2026-04-07T05:06:28","modified_gmt":"2026-04-07T05:06:28","slug":"knappes-unterliegen-fuer-1-fc-gievenbeck-gegen-tus-ennepetal","status":"publish","type":"post","link":"https:\/\/www.europesays.com\/de\/926941\/","title":{"rendered":"Knappes Unterliegen f\u00fcr 1. FC Gievenbeck gegen TuS Ennepetal"},"content":{"rendered":"<p>                                Spielinfos:<br \/>\nDatum &amp; Uhrzeit: 06.04.2026 15.30 Uhr<br \/>Austragungsort: Ennepetal<br \/>Wettbewerb: Oberliga Westfalen<br \/>Spieltag: 30<\/p>\n<p>Spielbericht: TuS Ennepetal gegen 1. FC Gievenbeck 3:2 (1:2)<\/p>\n<p id=\"absatz2\" class=\"em_text\">Ennepetal. B\u00f6ses Erwachen im Ennepetaler Bremenstadion RP: Nach einem souver\u00e4nen Start wendet sich das Blatt f\u00fcr die Gievenbecker G\u00e4ste zum Jubel des TuS Ennepetal.<\/p>\n<p id=\"absatz3\" class=\"em_text\">Bereits kurz nach Beginn der ersten Spielzeit erzielt Fabian Witt den ersten Treffer und setzt die Gastgeber unter Druck (6). Das zweite Tor folgt in Minute 23: Diesmal setzt Ben Matteo Wolf das Leder ins Netz. Innerhalb der n\u00e4chsten Minuten greift der Schiri in die Tasche. Der 1. FC Gievenbeck kassiert einmal Gelb. Ennepetal ist zwei Tore im R\u00fcckstand. Doch dann wendet sich das Blatt: Kevin Hagemann startet zum Gegenangriff, schie\u00dft und trifft (31). Der Beginn eines wunderbaren Comebacks. Innerhalb der n\u00e4chsten 50 Minuten legt das Team von Maximilian Borchmann nach und locht ein weiteres Mal ein (81). Es steht 2:2.<\/p>\n<p id=\"absatz4\" class=\"em_text\">Den Ennepetalern gelingt es unmittelbar darauf, die Partie f\u00fcr sich zu entscheiden. David Vaitkevicius kann sechs Minuten vor Spielende mit einem Strafsto\u00df mit Erfolg abschlie\u00dfen und erringt so den Sieg f\u00fcr sein Team.<\/p>\n<p id=\"absatz5\" class=\"em_text\">Tore fallen keine mehr. In Spielminute 91 handelt sich der TuS Ennepetal noch eine Gelbe Karte ein.<\/p>\n<p>Die Aufstellungen: TuS Ennepetal &#8211; 1. FC Gievenbeck<br \/>\nTuS Ennepetal: Maxwell Bimpeh (2), Francesco Santacroce Di Gregorio (18), Joel Westheide (23), Kevin Hagemann (9), Sebastian L\u00f6tters (21), Mehmet Serif Dalyanoglu (35), Cedrick Hupka (7), Duje Goles (10), Robin Gallus (19), David Vaitkevicius (11), Marvin Weusthoff (1)<\/p>\n<p id=\"absatz6\" class=\"em_text\">FC Gievenbeck: Ben Matteo Wolf (25), Nico Eschhaus (1), Alexander Wieth\u00f6lter (9), Jelke Willem Elferink (14), Mika Keute (6), Malte Wesberg (4), Louis Elias Martin (7), Leo Scheipers (17), Niklas Beil (12), Fabian Witt (10), Niklas Klinke (19)<\/p>\n<p id=\"absatz7\" class=\"em_text\">Schiedsrichter: Sven Wensing<\/p>\n<p id=\"absatz8\" class=\"em_text\">Assistent: Jan Lohmann<\/p>\n<p id=\"absatz9\" class=\"em_text\">Assistent: Justin Boom<\/p>\n<p id=\"absatz10\" class=\"em_text\" style=\"font-size: .8em;\">Die Inhalte dieses Berichts wurden automatisch auf der Basis von DFB-Daten zusammengestellt.<\/p>\n","protected":false},"excerpt":{"rendered":"Spielinfos: Datum &amp; Uhrzeit: 06.04.2026 15.30 UhrAustragungsort: EnnepetalWettbewerb: Oberliga WestfalenSpieltag: 30 Spielbericht: TuS Ennepetal gegen 1. FC Gievenbeck&hellip;\n","protected":false},"author":2,"featured_media":158064,"comment_status":"","ping_status":"","sticky":false,"template":"","format":"standard","meta":{"footnotes":"","_share_on_mastodon":"0"},"categories":[1843],"tags":[17783,7763,67825,3364,29,40654,55181,5282,30,17786,202690,734,7774,1613,8970,1209,12006,17712,7773,7765,7764,8404],"class_list":["post-926941","post","type-post","status-publish","format-standard","has-post-thumbnail","category-muenster","tag-1-fc-gievenbeck","tag-austragungsort","tag-ben-matteo-wolf","tag-de","tag-deutschland","tag-ennepetal","tag-fabian-witt","tag-fuball","tag-germany","tag-gievenbeck","tag-kevin-hagemann","tag-meta_artikelklasse_nachricht","tag-meta_themen_sport","tag-meta_userneeds_informieremich","tag-muenster","tag-nordrhein-westfalen","tag-oberliga","tag-serie_ligaid_210198","tag-serie_ligaid_all","tag-spielinfo","tag-uhrzeit","tag-westfalen"],"share_on_mastodon":{"url":"https:\/\/pubeurope.com\/@de\/116361690769146398","error":""},"_links":{"self":[{"href":"https:\/\/www.europesays.com\/de\/wp-json\/wp\/v2\/posts\/926941","targetHints":{"allow":["GET"]}}],"collection":[{"href":"https:\/\/www.europesays.com\/de\/wp-json\/wp\/v2\/posts"}],"about":[{"href":"https:\/\/www.europesays.com\/de\/wp-json\/wp\/v2\/types\/post"}],"author":[{"embeddable":true,"href":"https:\/\/www.europesays.com\/de\/wp-json\/wp\/v2\/users\/2"}],"replies":[{"embeddable":true,"href":"https:\/\/www.europesays.com\/de\/wp-json\/wp\/v2\/comments?post=926941"}],"version-history":[{"count":0,"href":"https:\/\/www.europesays.com\/de\/wp-json\/wp\/v2\/posts\/926941\/revisions"}],"wp:featuredmedia":[{"embeddable":true,"href":"https:\/\/www.europesays.com\/de\/wp-json\/wp\/v2\/media\/158064"}],"wp:attachment":[{"href":"https:\/\/www.europesays.com\/de\/wp-json\/wp\/v2\/media?parent=926941"}],"wp:term":[{"taxonomy":"category","embeddable":true,"href":"https:\/\/www.europesays.com\/de\/wp-json\/wp\/v2\/categories?post=926941"},{"taxonomy":"post_tag","embeddable":true,"href":"https:\/\/www.europesays.com\/de\/wp-json\/wp\/v2\/tags?post=926941"}],"curies":[{"name":"wp","href":"https:\/\/api.w.org\/{rel}","templated":true}]}}