{"id":926972,"date":"2026-04-07T05:24:14","date_gmt":"2026-04-07T05:24:14","guid":{"rendered":"https:\/\/www.europesays.com\/de\/926972\/"},"modified":"2026-04-07T05:24:14","modified_gmt":"2026-04-07T05:24:14","slug":"koenigswinter-neue-bahnbruecke-in-zehn-monaten-bauzeit","status":"publish","type":"post","link":"https:\/\/www.europesays.com\/de\/926972\/","title":{"rendered":"K\u00f6nigswinter: Neue Bahnbr\u00fccke in zehn Monaten Bauzeit"},"content":{"rendered":"<p>Daf\u00fcr wird sie komplett abgerissen und durch eine moderne Stahlbr\u00fccke ersetzt. Ab heute beginnt Stra\u00dfen NRW mit den Bauarbeiten. Deshalb muss die Landstra\u00dfe gesperrt werden, eine Umleitung wird aber eingerichtet. Ein Neubau der Br\u00fccke sei notwendig, weil die bisherige Br\u00fccke von 1963 nicht mehr den heutigen Sicherheitsanforderungen entspricht, hei\u00dft es. Mit dem Br\u00fcckeneubau werden auch die Bedingungen f\u00fcr Fu\u00dfg\u00e4nger und Radfahrer besser. Das Projekt soll innerhalb von zehn Monaten fertig werden. Anfang n\u00e4chsten Jahres soll die Br\u00fccke also schon f\u00fcr den Verkehr freigegeben werden.\u00a0<\/p>\n","protected":false},"excerpt":{"rendered":"Daf\u00fcr wird sie komplett abgerissen und durch eine moderne Stahlbr\u00fccke ersetzt. Ab heute beginnt Stra\u00dfen NRW mit den&hellip;\n","protected":false},"author":2,"featured_media":558632,"comment_status":"","ping_status":"","sticky":false,"template":"","format":"standard","meta":{"footnotes":"","_share_on_mastodon":"0"},"categories":[1842],"tags":[17628,202693,202694,1741,3364,29,30,1209],"class_list":["post-926972","post","type-post","status-publish","format-standard","has-post-thumbnail","category-bonn","tag-knigswinter","tag-bahnbrcke","tag-l193","tag-bonn","tag-de","tag-deutschland","tag-germany","tag-nordrhein-westfalen"],"share_on_mastodon":{"url":"https:\/\/pubeurope.com\/@de\/116361760985605353","error":""},"_links":{"self":[{"href":"https:\/\/www.europesays.com\/de\/wp-json\/wp\/v2\/posts\/926972","targetHints":{"allow":["GET"]}}],"collection":[{"href":"https:\/\/www.europesays.com\/de\/wp-json\/wp\/v2\/posts"}],"about":[{"href":"https:\/\/www.europesays.com\/de\/wp-json\/wp\/v2\/types\/post"}],"author":[{"embeddable":true,"href":"https:\/\/www.europesays.com\/de\/wp-json\/wp\/v2\/users\/2"}],"replies":[{"embeddable":true,"href":"https:\/\/www.europesays.com\/de\/wp-json\/wp\/v2\/comments?post=926972"}],"version-history":[{"count":0,"href":"https:\/\/www.europesays.com\/de\/wp-json\/wp\/v2\/posts\/926972\/revisions"}],"wp:featuredmedia":[{"embeddable":true,"href":"https:\/\/www.europesays.com\/de\/wp-json\/wp\/v2\/media\/558632"}],"wp:attachment":[{"href":"https:\/\/www.europesays.com\/de\/wp-json\/wp\/v2\/media?parent=926972"}],"wp:term":[{"taxonomy":"category","embeddable":true,"href":"https:\/\/www.europesays.com\/de\/wp-json\/wp\/v2\/categories?post=926972"},{"taxonomy":"post_tag","embeddable":true,"href":"https:\/\/www.europesays.com\/de\/wp-json\/wp\/v2\/tags?post=926972"}],"curies":[{"name":"wp","href":"https:\/\/api.w.org\/{rel}","templated":true}]}}