{"id":927005,"date":"2026-04-07T05:42:14","date_gmt":"2026-04-07T05:42:14","guid":{"rendered":"https:\/\/www.europesays.com\/de\/927005\/"},"modified":"2026-04-07T05:42:14","modified_gmt":"2026-04-07T05:42:14","slug":"die-gefaehrlichsten-kreuzungen-der-stadt","status":"publish","type":"post","link":"https:\/\/www.europesays.com\/de\/927005\/","title":{"rendered":"Die gef\u00e4hrlichsten Kreuzungen der Stadt"},"content":{"rendered":"<p class=\"text_ohne_einzug richtext text-em-55 !leading-serif mx-6 desktop:mx-0\">Fast 30.000 Unf\u00e4lle mit 3000 Verletzten \u2013 diese H\u00f6chstwerte hat D\u00fcsseldorf im vergangenen Jahr erreicht. Die Unf\u00e4lle verteilen sich zwar auf das gesamte Stadtgebiet, einige Ecken fallen aber immer wieder auf, weil es dort so h\u00e4ufig kracht. Allen voran die Kreuzungen M\u00f6rsenbroicher Ei, Nordstern und Worringer Platz, die seit vielen Jahren nahezu unver\u00e4ndert die Rangliste der Unfallschwerpunkte anf\u00fchren.<\/p>\n","protected":false},"excerpt":{"rendered":"Fast 30.000 Unf\u00e4lle mit 3000 Verletzten \u2013 diese H\u00f6chstwerte hat D\u00fcsseldorf im vergangenen Jahr erreicht. Die Unf\u00e4lle verteilen&hellip;\n","protected":false},"author":2,"featured_media":927006,"comment_status":"","ping_status":"","sticky":false,"template":"","format":"standard","meta":{"footnotes":"","_share_on_mastodon":"0"},"categories":[1831],"tags":[6175,202699,3364,29,3405,202698,30,18491,51654,1209,202697,62530,120631,2624,32679,56763,5185,15181],"class_list":["post-927005","post","type-post","status-publish","format-standard","has-post-thumbnail","category-duesseldorf","tag-autofahrer","tag-bagatellunfaellen","tag-de","tag-deutschland","tag-duesseldorf","tag-fahrstreifenwechsel","tag-germany","tag-kreuzung","tag-moersenbroicher","tag-nordrhein-westfalen","tag-nordstern","tag-schwerpunkt","tag-streifen","tag-unfaelle","tag-unfaellen","tag-unfallschwerpunkte","tag-verletzt","tag-worringer"],"share_on_mastodon":{"url":"https:\/\/pubeurope.com\/@de\/116361831761421074","error":""},"_links":{"self":[{"href":"https:\/\/www.europesays.com\/de\/wp-json\/wp\/v2\/posts\/927005","targetHints":{"allow":["GET"]}}],"collection":[{"href":"https:\/\/www.europesays.com\/de\/wp-json\/wp\/v2\/posts"}],"about":[{"href":"https:\/\/www.europesays.com\/de\/wp-json\/wp\/v2\/types\/post"}],"author":[{"embeddable":true,"href":"https:\/\/www.europesays.com\/de\/wp-json\/wp\/v2\/users\/2"}],"replies":[{"embeddable":true,"href":"https:\/\/www.europesays.com\/de\/wp-json\/wp\/v2\/comments?post=927005"}],"version-history":[{"count":0,"href":"https:\/\/www.europesays.com\/de\/wp-json\/wp\/v2\/posts\/927005\/revisions"}],"wp:featuredmedia":[{"embeddable":true,"href":"https:\/\/www.europesays.com\/de\/wp-json\/wp\/v2\/media\/927006"}],"wp:attachment":[{"href":"https:\/\/www.europesays.com\/de\/wp-json\/wp\/v2\/media?parent=927005"}],"wp:term":[{"taxonomy":"category","embeddable":true,"href":"https:\/\/www.europesays.com\/de\/wp-json\/wp\/v2\/categories?post=927005"},{"taxonomy":"post_tag","embeddable":true,"href":"https:\/\/www.europesays.com\/de\/wp-json\/wp\/v2\/tags?post=927005"}],"curies":[{"name":"wp","href":"https:\/\/api.w.org\/{rel}","templated":true}]}}