{"id":927461,"date":"2026-04-07T10:06:29","date_gmt":"2026-04-07T10:06:29","guid":{"rendered":"https:\/\/www.europesays.com\/de\/927461\/"},"modified":"2026-04-07T10:06:29","modified_gmt":"2026-04-07T10:06:29","slug":"freundin-meldet-sich-erstmals-nach-seinem-tod","status":"publish","type":"post","link":"https:\/\/www.europesays.com\/de\/927461\/","title":{"rendered":"Freundin meldet sich erstmals nach seinem Tod"},"content":{"rendered":"<p>Acht Monate nach seinem Tod <\/p>\n<p>Freundin von Felix Baumgartner bricht ihr Schweigen<\/p>\n<p>07.04.2026 &#8211; 10:56 UhrLesedauer: 2 Min.<\/p>\n<p><a href=\"#focus-0\" class=\"transition-colors duration-200 block text-current relative\" data-sctrack=\"FocusGalleryImage.Reference\"><img fetchpriority=\"high\" data-testid=\"Opener.Image\" style=\"--lqipURL:url('https:\/\/images.t-online.de\/2026\/04\/58Ps1Ztx59Q5\/0x0:3500x1969\/fit-in\/150x0\/filters:blur(25)\/09-072017-red-bull-ring-spielberg-aut-fia-formel-1-grosser-preis-von-oesterreich-rennen-im-bild-felix-baumgartner-mit-freundin-mihaela-schwartzenberg-felix-baumgartner-with-his-girlfriend-mihaela-schwartzenberg-during-the-race-of-the-austrian-fia-formula-one-grand-prix-at-the-red-bull-ring-in-spielberg-austria-on-2017-07-09-pictures-a-2017-photocredit-jfk-spielberg-publicationxnotxinxaut-kein-release-verfuegbar-publicationxnotxinxaut-publicationxnotxinxaut.jpg')\"   loading=\"eager\" src=\"https:\/\/www.europesays.com\/de\/wp-content\/uploads\/2026\/04\/09-072017-red-bull-ring-spielberg-aut-fia-formel-1-grosser-preis-von-oesterreich-rennen-im-bild-feli.jpeg\" alt=\"imago 28989401\" title=\"imago 28989401\" width=\"3500\" height=\"1969\" class=\"bg-[url:var(--lqipURL)] bg-cover bg-center flex h-full w-full max-w-full\" decoding=\"async\"\/><img style=\"--width:32;--height:32\" loading=\"lazy\" src=\"https:\/\/www.t-online.de\/s\/paper\/_next\/static\/media\/zoom-in.f7dae02f.svg\" alt=\"Vergr\u00f6\u00dfern des Bildes\" title=\"Vergr\u00f6\u00dfern des Bildes\" class=\"block h-[calc(var(--height)_\/_16_*_1rem)] w-[calc(var(--width)_\/_16_*_1rem)] max-w-none absolute bottom-8 right-8 rounded-4 bg-snow p-8\" decoding=\"async\"\/><\/a><\/p>\n<p>Felix Baumgartner mit Freundin Mihaela Radulescu Schwartzenberg beim Formel-1-Rennen in Spielberg im Jahr 2017: Die beiden waren jahrelang ein Paar. (Quelle: \/ JFK\/imago)<\/p>\n<p class=\"font-bold text-18 leading-17 user-text-lg:text-22 user-text-xl:text-24\">Im Juli 2025 starb Extremsportler Felix Baumgartner bei einem Absturz mit seinem Gleitschirm. Seine Partnerin zog sich seitdem aus der \u00d6ffentlichkeit zur\u00fcck. Nun bricht sie ihr Schweigen.<\/p>\n<p class=\"text-18 leading-17 user-text-lg:text-22 user-text-xl:text-24\">Der \u00f6sterreichische Extremsportler Felix Baumgartner kam im vergangenen Sommer bei einem Unfall mit seinem motorisierten Gleitschirm in Italien ums Leben. Er wurde nur 56 Jahre alt. Baumgartner hinterlie\u00df seine Lebensgef\u00e4hrtin Mihaela Radulescu Schwartzenberg, die das letzte Geleit an der Ungl\u00fccksstelle hielt. Danach zog sie sich f\u00fcr Monate bewusst aus der \u00d6ffentlichkeit zur\u00fcck.<\/p>\n<p class=\"text-18 leading-17 user-text-lg:text-22 user-text-xl:text-24\">Zu Ostern brach die 56-j\u00e4hrige Rum\u00e4nin mit einer pers\u00f6nlichen Botschaft \u00fcber Soziale Netzwerke ihr acht Monate langes Schweigen. Darin machte sie deutlich, wie tief der Schmerz sitzt, denn Baumgartners Tod war nicht ihr einziger Verlust: &#8222;Meinen Mann und meine Mutter in nur sechs Monaten zu verlieren, war die dunkelste Zeit in meinem Leben&#8220;, schrieb sie.<\/p>\n<p>Empfohlener externer Inhalt<img style=\"--height:24\" loading=\"lazy\" src=\"https:\/\/www.t-online.de\/s\/paper\/_next\/static\/media\/facebook.62c97f9a.svg\" alt=\"Facebook\" title=\"Facebook\" class=\"block h-[calc(var(--height)_\/_16_*_1rem)] w-[calc(var(--width)_\/_16_*_1rem)] max-w-none undefined\" decoding=\"async\"\/>Facebook<\/p>\n<p class=\"text-14 leading-15\">Wir ben\u00f6tigen Ihre Einwilligung, um den von unserer Redaktion eingebundenen Facebook-Inhalt anzuzeigen. Sie k\u00f6nnen diesen (und damit auch alle weiteren Facebook-Inhalte auf t-online.de) mit einem Klick anzeigen lassen und auch wieder deaktivieren.<\/p>\n<p>Facebook-Inhalte immer anzeigen<\/p>\n<p>Ich bin damit einverstanden, dass mir externe Inhalte angezeigt werden. Damit k\u00f6nnen personenbezogene Daten an Drittplattformen \u00fcbermittelt werden. <a target=\"_blank\" class=\"transition-colors duration-200 cursor-pointer text-inherit no-underline text-magenta\" href=\"https:\/\/www.t-online.de\/datenschutz\/id_88397036\/index#17-externe-inhalte\" rel=\"nofollow noopener\">Mehr dazu in unseren Datenschutzhinweisen<\/a>.<\/p>\n<p class=\"text-18 leading-17 user-text-lg:text-22 user-text-xl:text-24\">Ihr R\u00fcckzug aus der \u00d6ffentlichkeit sei eine bewusste Entscheidung gewesen. In dieser Phase habe sie Unterst\u00fctzung von Familie und engen Freunden erhalten. Auch die Anteilnahme von Menschen, die sie nicht pers\u00f6nlich kennt, habe ihr Kraft gegeben.<\/p>\n<p class=\"text-18 leading-17 user-text-lg:text-22 user-text-xl:text-24\">&#8222;Ich habe jedes Interview abgelehnt, aus welchem Land auch immer; ich wollte nicht, dass es um mich ging, ich wollte nicht das Opfer sein, das vor den Kameras weint&#8220;, erkl\u00e4rte sie. Stattdessen habe sie Wert darauf gelegt, diesen Abschnitt ihres Lebens f\u00fcr sich zu verarbeiten.<\/p>\n<p class=\"text-18 leading-17 user-text-lg:text-22 user-text-xl:text-24\">Dabei betonte sie auch, dass ihr Status und beruflicher Erfolg nicht mit einer Partnerschaft verbunden seien, sondern auf ihrer eigenen Arbeit und Leistung basierten.<\/p>\n","protected":false},"excerpt":{"rendered":"Acht Monate nach seinem Tod Freundin von Felix Baumgartner bricht ihr Schweigen 07.04.2026 &#8211; 10:56 UhrLesedauer: 2 Min.&hellip;\n","protected":false},"author":2,"featured_media":927462,"comment_status":"","ping_status":"","sticky":false,"template":"","format":"standard","meta":{"footnotes":"","_share_on_mastodon":"0"},"categories":[1776],"tags":[623,722,10075,1801,29,460,214,82071,2979,30,202771,355,202770,1802,215],"class_list":["post-927461","post","type-post","status-publish","format-standard","has-post-thumbnail","category-prominente","tag-1-fc-koeln","tag-722","tag-absturz","tag-celebrities","tag-deutschland","tag-eintracht-frankfurt","tag-entertainment","tag-felix-baumgartner","tag-formel-1-rennen","tag-germany","tag-gleitschirm","tag-italien","tag-mihaela-radulescu","tag-prominente","tag-unterhaltung"],"share_on_mastodon":{"url":"https:\/\/pubeurope.com\/@de\/116362870104343818","error":""},"_links":{"self":[{"href":"https:\/\/www.europesays.com\/de\/wp-json\/wp\/v2\/posts\/927461","targetHints":{"allow":["GET"]}}],"collection":[{"href":"https:\/\/www.europesays.com\/de\/wp-json\/wp\/v2\/posts"}],"about":[{"href":"https:\/\/www.europesays.com\/de\/wp-json\/wp\/v2\/types\/post"}],"author":[{"embeddable":true,"href":"https:\/\/www.europesays.com\/de\/wp-json\/wp\/v2\/users\/2"}],"replies":[{"embeddable":true,"href":"https:\/\/www.europesays.com\/de\/wp-json\/wp\/v2\/comments?post=927461"}],"version-history":[{"count":0,"href":"https:\/\/www.europesays.com\/de\/wp-json\/wp\/v2\/posts\/927461\/revisions"}],"wp:featuredmedia":[{"embeddable":true,"href":"https:\/\/www.europesays.com\/de\/wp-json\/wp\/v2\/media\/927462"}],"wp:attachment":[{"href":"https:\/\/www.europesays.com\/de\/wp-json\/wp\/v2\/media?parent=927461"}],"wp:term":[{"taxonomy":"category","embeddable":true,"href":"https:\/\/www.europesays.com\/de\/wp-json\/wp\/v2\/categories?post=927461"},{"taxonomy":"post_tag","embeddable":true,"href":"https:\/\/www.europesays.com\/de\/wp-json\/wp\/v2\/tags?post=927461"}],"curies":[{"name":"wp","href":"https:\/\/api.w.org\/{rel}","templated":true}]}}