{"id":927481,"date":"2026-04-07T10:18:22","date_gmt":"2026-04-07T10:18:22","guid":{"rendered":"https:\/\/www.europesays.com\/de\/927481\/"},"modified":"2026-04-07T10:18:22","modified_gmt":"2026-04-07T10:18:22","slug":"nach-schuessen-in-bremen-polizei-veroeffentlicht-fahndungsfotos","status":"publish","type":"post","link":"https:\/\/www.europesays.com\/de\/927481\/","title":{"rendered":"Nach Sch\u00fcssen in Bremen: Polizei ver\u00f6ffentlicht Fahndungsfotos"},"content":{"rendered":"<p>        <img decoding=\"async\" src=\"https:\/\/www.europesays.com\/de\/wp-content\/uploads\/2026\/04\/fahndung-214.webp.webp\" alt=\"Zwei Verd\u00e4chtige, die von der Polizei Bremen gesucht werden.\" title=\"Zwei Verd\u00e4chtige, die von der Polizei Bremen gesucht werden. | Polizei Bremen\" class=\"responsive\"\/><\/p>\n<p>\n                Stand: 07.04.2026 11:06 Uhr<\/p>\n<p class=\"preface\">Nach mehreren teils t\u00f6dlichen Schussangriffen in der Stadt Bremen hat die Polizei Fotos von zwei Verd\u00e4chtigen ver\u00f6ffentlicht und r\u00e4t zur Vorsicht. In Verbindung mit den Vorf\u00e4llen durchsuchten Beamte auch Wohnungen in Niedersachsen.<\/p>\n<p class=\"\">Zu den Tatverd\u00e4chtigen sagte die Polizei am Montag: &#8222;Beide sind derzeit fl\u00fcchtig, nach ihnen wird mit Hochdruck gefahndet.&#8220; Bei den Gesuchten handele sich um einen 35-J\u00e4hrigen sowie um einen 39-J\u00e4hrigen. &#8222;Beide M\u00e4nner gelten als gef\u00e4hrlich&#8220;, teilten die Beamten mit. Daher sollten m\u00f6gliche Zeugen die Verd\u00e4chtigen nicht ansprechen, sondern die Polizei verst\u00e4ndigen.<\/p>\n<p>    Mehrerer Gewalttaten verd\u00e4chtig<\/p>\n<p>                    <a href=\"https:\/\/images.ndr.de\/image\/bd7fb965-2b46-41dc-a819-b645442fe5fe\/AAABnWKo1Lk\/AAABnSSvrFg\/16x9-big\/fahndung-216.webp?width=576\" class=\"zoomimage\" title=\"Bild vergr\u00f6\u00dfern\" rel=\"nofollow noopener\" target=\"_blank\"><\/p>\n<p>        <img decoding=\"async\" src=\"https:\/\/www.europesays.com\/de\/wp-content\/uploads\/2026\/04\/fahndung-216.webp.webp\" alt=\"Ein Verd\u00e4chtiger, die von der Polizei Bremen gesucht werden.\" title=\"Ein Verd\u00e4chtiger, die von der Polizei Bremen gesucht werden. | Polizei Bremen\" class=\"responsive\" loading=\"lazy\"\/><\/p>\n<p>                    <\/a><\/p>\n<p class=\"\">Die M\u00e4nner st\u00fcnden im dringenden Verdacht, an Gewalttaten mit Sch\u00fcssen in Walle, in der Neustadt und in Obervieland beteiligt gewesen zu sein. Der 35-J\u00e4hrige wird als 1,80 Meter gro\u00df beschrieben und soll dunkle Haare haben. Nach Angaben der Polizei habe er mehrfach sein Aussehen ver\u00e4ndert. Der 39 Jahre alte Verd\u00e4chtige soll etwa 1,69 Meter gro\u00df sein, schwarzes, sch\u00fctteres Haar und zuletzt einen Vollbart getragen haben.<\/p>\n<p>    Durchsuchungen in Niedersachsen<\/p>\n<p class=\"\">Am Donnerstag hatten Einsatzkr\u00e4fte der eingerichteten <a href=\"https:\/\/www.ndr.de\/nachrichten\/niedersachsen\/oldenburg_ostfriesland\/textlink-313524~splash.html\" title=\"Link zum Hinweispotal\" data-url=\"https:\/\/hb.hinweisportal.de\/\" class=\"extlink-preface\" data-type=\"external\" rel=\"nofollow noopener\" target=\"_blank\">Sonderkommission &#8222;Fokus&#8220;<\/a> in Bremen und in Niedersachsen Wohnungen durchsucht. Zu den genauen Standorten machten die Beamten keine Angaben &#8211; &#8222;aus ermittlungstaktischen Gr\u00fcnden&#8220;, hie\u00df es am Freitag. Bei den Durchsuchungen seien &#8222;relevante Beweismittel&#8220; beschlagnahmt worden. Insgesamt &#8222;weitere bedeutende Fortschritte erzielt&#8220; worden, so die Polizei. Wie diese aussehen, nannte sie nicht. Die Erkenntnisse tr\u00fcgen aber dazu bei, &#8222;die Hintergr\u00fcnde der Taten weiter aufzuhellen und m\u00f6gliche Zusammenh\u00e4nge besser einzuordnen&#8220;.<\/p>\n<p>    Ein Toter, mehrere Verletzte<\/p>\n<p class=\"\">Seit Anfang M\u00e4rz hat es f\u00fcnf Schussangriffe in der Stadt Bremen gegeben. Ein 32-J\u00e4hriger war Mitte M\u00e4rz <a href=\"https:\/\/www.ndr.de\/nachrichten\/niedersachsen\/oldenburg_ostfriesland\/toedliche-schuesse-auf-32-jaehrigen-hinweisportal-eingerichtet-bremen,schuesse-128.html\" title=\"T\u00f6dliche Sch\u00fcsse auf 32-J\u00e4hrigen in Bremen: Hinweisportal eingerichtet\" rel=\"nofollow noopener\" target=\"_blank\">an seinen Schussverletzungen gestorben<\/a>, mehrere Menschen erlitten schwere Verletzungen durch Schusswaffen.<\/p>\n<p>    Chronologie der Schusswaffenangriffe in Bremen<\/p>\n<ul>\n<li>1. M\u00e4rz, 17.25 Uhr (\u00dcberseestadt\/Huckelriede): 43-J\u00e4hriger erleidet mehrere Schusswunden in beiden Beinen.<\/li>\n<li>1. M\u00e4rz, 23.20 Uhr (Walle\/Neustadt): 42-J\u00e4hriger erleidet eine Schusswunde im Fu\u00df.<\/li>\n<li>17. M\u00e4rz (Neustadt): <a href=\"https:\/\/www.ndr.de\/nachrichten\/niedersachsen\/oldenburg_ostfriesland\/toedliche-schuesse-auf-32-jaehrigen-hinweisportal-eingerichtet-bremen,schuesse-128.html\" title=\"T\u00f6dliche Sch\u00fcsse auf 32-J\u00e4hrigen in Bremen: Hinweisportal eingerichtet\" rel=\"nofollow noopener\" target=\"_blank\">32-J\u00e4hriger<\/a> stirbt an Schussverletzungen.<\/li>\n<li>28. M\u00e4rz (Neustadt): <a href=\"https:\/\/www.ndr.de\/nachrichten\/niedersachsen\/oldenburg_ostfriesland\/erneut-mann-durch-schuesse-verletzt-sonderkommission-ermittelt,bremen-416.html\" title=\"Erneut Mann durch Sch\u00fcsse verletzt - Sonderkommission ermittelt\" rel=\"nofollow noopener\" target=\"_blank\">25-J\u00e4hriger<\/a> erleidet mehrere Schusswunden in beiden Beinen.<\/li>\n<li>31. M\u00e4rz (Kattenturm): <a href=\"https:\/\/www.ndr.de\/nachrichten\/niedersachsen\/oldenburg_ostfriesland\/wieder-schuesse-in-bremen-60-jaehriger-schwer-verletzt,bremen-422.html\" title=\"Wieder Sch\u00fcsse in Bremen: 60-J\u00e4hriger schwer verletzt\" rel=\"nofollow noopener\" target=\"_blank\">60-J\u00e4hriger<\/a> erleidet Schusswunden in beiden Beinen.<\/li>\n<\/ul>\n<p class=\"\">Die Angaben stammen von der Polizei Bremen.<\/p>\n<p>    Bev\u00f6lkerung offenbar beunruhigt<\/p>\n<p class=\"\">Die Polizei Bremen betont, sie sei sich der Verunsicherung unter den B\u00fcrgerinnen und B\u00fcrgern bewusst und nehme sie ernst. Es werde alles darangesetzt, die Vorf\u00e4lle aufzukl\u00e4ren. Hinweise nimmt sie unter anderem anonym \u00fcber ein <a href=\"https:\/\/www.ndr.de\/nachrichten\/niedersachsen\/oldenburg_ostfriesland\/textlink-313524~splash.html\" title=\"Link zum Hinweispotal\" data-url=\"https:\/\/hb.hinweisportal.de\/\" class=\"extlink-preface\" data-type=\"external\" rel=\"nofollow noopener\" target=\"_blank\">Online-Hinweisportal<\/a> entgegen.<\/p>\n<p>        <img decoding=\"async\" src=\"https:\/\/www.europesays.com\/de\/wp-content\/uploads\/2026\/04\/bremen-426.webp.webp\" alt=\"Eine Polizeibeamtin sucht nach Spuren, nachdem in Bremen ein 60-J\u00e4hriger angeschossen wurde.\" title=\"Eine Polizeibeamtin sucht nach Spuren, nachdem in Bremen ein 60-J\u00e4hriger angeschossen wurde. | TeleNewsNetwork\" class=\"responsive\" loading=\"lazy\"\/><\/p>\n<p>Es ist die f\u00fcnfte Gewalttat mit Sch\u00fcssen in der Stadt innerhalb eines Monats. Die Polizei fahndet nach dem T\u00e4ter.<\/p>\n<p>        <img decoding=\"async\" src=\"https:\/\/www.europesays.com\/de\/wp-content\/uploads\/2026\/04\/bremen-424.webp.webp\" alt=\"Ein 60-J\u00e4hriger wurde schwer verletzt. Er hatte Schusswunden in beiden Beinen.\" title=\"Ein 60-J\u00e4hriger wurde schwer verletzt. Er hatte Schusswunden in beiden Beinen. | dpa\/ Kai Moorschlatt \" class=\"responsive\" loading=\"lazy\"\/><\/p>\n<p>Der Mann erlitt Schusswunden in den Beinen. Es ist die f\u00fcnfte Gewalttat mit Sch\u00fcssen in der Stadt in einem Monat.<\/p>\n<p>        <img decoding=\"async\" src=\"https:\/\/www.europesays.com\/de\/wp-content\/uploads\/2026\/04\/bremen-412.webp.webp\" alt=\"Mitarbeitende der Spurensicherung untersuchen eine Stra\u00dfe in Bremen.\" title=\"Mitarbeitende der Spurensicherung untersuchen eine Stra\u00dfe in Bremen. | TeleNewsNetwork\" class=\"responsive\" loading=\"lazy\"\/><\/p>\n<p>Am Samstag war ein 25-J\u00e4hriger in Bremen schwer verletzt worden. Ein Zusammenhang zu \u00e4hnlichen Vorf\u00e4llen wird gepr\u00fcft.<\/p>\n<p>        <img decoding=\"async\" src=\"https:\/\/www.europesays.com\/de\/wp-content\/uploads\/2026\/03\/1774865776_929_polizei-646.webp.webp\" alt=\"Mehrere Polizisten stehen nach Sch\u00fcssen in Bremen vor einem Kiosk.\" title=\"Mehrere Polizisten stehen nach Sch\u00fcssen in Bremen vor einem Kiosk. | Sebastian Peters\/NEWS5\/dpa\" class=\"responsive\" loading=\"lazy\"\/><\/p>\n<p>Der Mann war am Dienstag in eine Klinik gebracht worden, wo er starb. Die Polizei Bremen sucht Zeugen.<\/p>\n","protected":false},"excerpt":{"rendered":"Stand: 07.04.2026 11:06 Uhr Nach mehreren teils t\u00f6dlichen Schussangriffen in der Stadt Bremen hat die Polizei Fotos von&hellip;\n","protected":false},"author":2,"featured_media":927482,"comment_status":"","ping_status":"","sticky":false,"template":"","format":"standard","meta":{"footnotes":"","_share_on_mastodon":"0"},"categories":[2],"tags":[4067,2420,29,6978,30,13,14,4229,15,84937,12,2688,200978,10,8,9,11,80512],"class_list":["post-927481","post","type-post","status-publish","format-standard","has-post-thumbnail","category-deutschland","tag-ermittlungen","tag-bremen","tag-deutschland","tag-durchsuchungen","tag-germany","tag-headlines","tag-nachrichten","tag-neustadt","tag-news","tag-obervieland","tag-schlagzeilen","tag-schuesse","tag-soko-fokus","tag-top-news","tag-top-meldungen","tag-topmeldungen","tag-topnews","tag-walle"],"share_on_mastodon":{"url":"https:\/\/pubeurope.com\/@de\/116362918686911007","error":""},"_links":{"self":[{"href":"https:\/\/www.europesays.com\/de\/wp-json\/wp\/v2\/posts\/927481","targetHints":{"allow":["GET"]}}],"collection":[{"href":"https:\/\/www.europesays.com\/de\/wp-json\/wp\/v2\/posts"}],"about":[{"href":"https:\/\/www.europesays.com\/de\/wp-json\/wp\/v2\/types\/post"}],"author":[{"embeddable":true,"href":"https:\/\/www.europesays.com\/de\/wp-json\/wp\/v2\/users\/2"}],"replies":[{"embeddable":true,"href":"https:\/\/www.europesays.com\/de\/wp-json\/wp\/v2\/comments?post=927481"}],"version-history":[{"count":0,"href":"https:\/\/www.europesays.com\/de\/wp-json\/wp\/v2\/posts\/927481\/revisions"}],"wp:featuredmedia":[{"embeddable":true,"href":"https:\/\/www.europesays.com\/de\/wp-json\/wp\/v2\/media\/927482"}],"wp:attachment":[{"href":"https:\/\/www.europesays.com\/de\/wp-json\/wp\/v2\/media?parent=927481"}],"wp:term":[{"taxonomy":"category","embeddable":true,"href":"https:\/\/www.europesays.com\/de\/wp-json\/wp\/v2\/categories?post=927481"},{"taxonomy":"post_tag","embeddable":true,"href":"https:\/\/www.europesays.com\/de\/wp-json\/wp\/v2\/tags?post=927481"}],"curies":[{"name":"wp","href":"https:\/\/api.w.org\/{rel}","templated":true}]}}