{"id":927695,"date":"2026-04-07T12:27:14","date_gmt":"2026-04-07T12:27:14","guid":{"rendered":"https:\/\/www.europesays.com\/de\/927695\/"},"modified":"2026-04-07T12:27:14","modified_gmt":"2026-04-07T12:27:14","slug":"nach-hertha-drama-droht-dynamo-dresden-jetzt-ein-dreifach-schock-sport","status":"publish","type":"post","link":"https:\/\/www.europesays.com\/de\/927695\/","title":{"rendered":"Nach Hertha-Drama! Droht Dynamo Dresden jetzt ein Dreifach-Schock? | Sport"},"content":{"rendered":"<p><a class=\"skip-content skip-content--link\" href=\"#in-content-skip-link-target-v-0-0\">TTS-Player \u00fcberspringen\u21b5<\/a><a id=\"in-content-skip-link-target-v-0-0\" class=\"skip-content--target-link-hidden skip-content skip-content--target-link\" href=\"#in-content-skip-link-target-v-0-0\">Artikel weiterlesen<\/a><\/p>\n<p><b>Randale-\u00c4rger, Elfer-Fehlschuss, keine Punkte \u2013 und jetzt auch noch das! Beim 0:1 gegen Hertha holte sich Dynamo Dresdens kongeniales Mittelfeld-Duo aus Kofi Amoako (20) und Robert Wagner (22) gleichzeitig die f\u00fcnfte Gelbe Karte ab und fehlt beim n\u00e4chsten Spiel am Samstag in N\u00fcrnberg. Noch dramatischer: Niklas Hauptmann (29) musste zus\u00e4tzlich untersucht werden.<\/b><\/p>\n<p>Droht der SGD jetzt ein Dreifach-Schock im Mittelfeld?<\/p>\n<p>Fakt: Hauptmann rauschte in der ersten H\u00e4lfte mit Berlins Verteidiger Toni Leistner (35) zusammen, hatte seitdem Schmerzen an der Schulter &#8211; obwohl er letztlich bis zur 81. Minute spielte.<\/p>\n<p>Mehr zum Thema<\/p>\n<p>Trainer Thomas Stamm (43) sagte direkt nach Spielende: \u201eDie Auswechslung stand in keinem Zusammenhang mit der Schulter. Trotzdem ist es so, dass er dort etwas sp\u00fcrt. Das lassen wir checken, um auf Nummer sicher zu gehen. Wir wissen die n\u00e4chsten Tage mehr. Es ist ein Kontaktsport, Haupe ist sehr z\u00e4h und erstmal ist es ein gutes Zeichen, dass er bis zum Ende verf\u00fcgbar war.\u201c<\/p>\n<p>Nach BILD-Informationen wird Hauptmann erstmal mit dem Training pausieren. Dynamo will von Tag zu Tag schauen, geht aber im Moment davon aus, dass der Kapit\u00e4n rechtzeitig f\u00fcr N\u00fcrnberg bereit sein wird.<\/p>\n<p><img decoding=\"async\" width=\"992\" height=\"618\" alt=\"Niklas Hauptmann (re.) ist einer der drei wichtigen K\u00f6pfe im Dynamo-Mittelfeld\" src=\"https:\/\/www.europesays.com\/de\/wp-content\/uploads\/2026\/04\/887f99f933023699636c5678b0f01d95,67128bc6.jpeg\"   class=\"dynamic\" loading=\"lazy\"\/><\/p>\n<p class=\"fig__caption__text\">Niklas Hauptmann (re.) ist einer der drei wichtigen K\u00f6pfe im Dynamo-Mittelfeld<\/p>\n<p>Foto: Olaf Rentsch<\/p>\n<p>Gerade wegen der Gelbsperren von Wagner und Amoako ist es umso wichtiger. Denn der Dresdner Routinier k\u00f6nnte am Samstag von der Spielmacher-Rolle aus auch eine Position nach hinten auf die Acht r\u00fccken. Als Alternativen hat Stamm in der Mittelfeldzentrale vor allem Lukas Boeder (28), Luca Herrmann (27) und Tony Menzel (21).<\/p>\n<p>Wagner sieht \u201ekeinen R\u00fcckschlag\u201c<\/p>\n<p>Der Chefcoach: \u201eWir reden immer viel \u00fcber diese Jungs &#8211; wir haben gen\u00fcgend und auch ausreichend fitte Spieler, die die Position ausf\u00fcllen k\u00f6nnen. Wenn mal der ein oder andere Gelbgesperrte da ist, ist es ganz normal. Dass es beide auf einmal trifft und auch innerhalb von f\u00fcnf bis sieben Minuten, da war ich nicht einverstanden mit der Linie sowie der Art und Weise der Schiedsrichter, die sonst eine gute Partie gemacht haben.\u201c<\/p>\n<p><img decoding=\"async\" width=\"992\" height=\"647\" alt=\"Robert Wagner fehlt Dynamo in N\u00fcrnberg gelbgesperrt, hat sich gegen Hertha zus\u00e4tzlich eine Blessur abgeholt.\" src=\"https:\/\/www.europesays.com\/de\/wp-content\/uploads\/2026\/04\/5b29a0d426b5f1531cc0d738c7e4b0cd,ad76f70c.jpeg\"   class=\"dynamic\" loading=\"lazy\"\/><\/p>\n<p class=\"fig__caption__text\">Robert Wagner fehlt Dynamo in N\u00fcrnberg gelbgesperrt<\/p>\n<p>Foto: Olaf Rentsch<\/p>\n<p>Wagner, der sich zudem beim mit Rot geahndeten Foul von Josip Brekalo eine Schwellung am Schienbein zuzog, meinte hinterher: \u201eMan kann sagen, es war ein gebrauchter Tag. Aber ich w\u00fcrde es nicht als R\u00fcckschlag im Abstiegskampf bezeichnen. Wir sind auf dem richtigen Weg. Dass wir nicht einfach so durch die R\u00fcckrunde marschieren, war klar. Daher m\u00fcssen wir die positiven Dinge sehen.\u201c<\/p>\n<p>Vor allem durch die Ergebnisse am Sonntag steht <a href=\"https:\/\/www.bild.de\/sport\/fussball\/dynamo-dresden\/startseite-dynamo-46789412.bild.html\" class=\"text-link\" rel=\"nofollow noopener\" target=\"_blank\">Dynamo Dresden<\/a> immer noch auf Platz 15 &#8211; und der reicht bekanntlich, um n\u00e4chste Saison weiter in der <a href=\"https:\/\/www.bild.de\/sport\/fussball\/2-bundesliga\/2-liga-startseite-52368772.bild.html\" class=\"text-link\" rel=\"nofollow noopener\" target=\"_blank\">2. Liga<\/a> zu sein &#8230;<\/p>\n","protected":false},"excerpt":{"rendered":"TTS-Player \u00fcberspringen\u21b5Artikel weiterlesen Randale-\u00c4rger, Elfer-Fehlschuss, keine Punkte \u2013 und jetzt auch noch das! Beim 0:1 gegen Hertha holte&hellip;\n","protected":false},"author":2,"featured_media":927696,"comment_status":"","ping_status":"","sticky":false,"template":"","format":"standard","meta":{"footnotes":"","_share_on_mastodon":"0"},"categories":[1835],"tags":[783,3364,29,2386,3766,30,1088,4917,859,202802,3460,45,5843,162394,784],"class_list":["post-927695","post","type-post","status-publish","format-standard","has-post-thumbnail","category-dresden","tag-1-fc-nuernberg","tag-de","tag-deutschland","tag-dresden","tag-dynamo-dresden","tag-germany","tag-hertha-bsc","tag-kapitaen","tag-sachsen","tag-spielsperre","tag-sport-leuchtturm-leipzig","tag-texttospeech","tag-trainer","tag-wagner-robert","tag-zweite-bundesliga"],"share_on_mastodon":{"url":"https:\/\/pubeurope.com\/@de\/116363424606991012","error":""},"_links":{"self":[{"href":"https:\/\/www.europesays.com\/de\/wp-json\/wp\/v2\/posts\/927695","targetHints":{"allow":["GET"]}}],"collection":[{"href":"https:\/\/www.europesays.com\/de\/wp-json\/wp\/v2\/posts"}],"about":[{"href":"https:\/\/www.europesays.com\/de\/wp-json\/wp\/v2\/types\/post"}],"author":[{"embeddable":true,"href":"https:\/\/www.europesays.com\/de\/wp-json\/wp\/v2\/users\/2"}],"replies":[{"embeddable":true,"href":"https:\/\/www.europesays.com\/de\/wp-json\/wp\/v2\/comments?post=927695"}],"version-history":[{"count":0,"href":"https:\/\/www.europesays.com\/de\/wp-json\/wp\/v2\/posts\/927695\/revisions"}],"wp:featuredmedia":[{"embeddable":true,"href":"https:\/\/www.europesays.com\/de\/wp-json\/wp\/v2\/media\/927696"}],"wp:attachment":[{"href":"https:\/\/www.europesays.com\/de\/wp-json\/wp\/v2\/media?parent=927695"}],"wp:term":[{"taxonomy":"category","embeddable":true,"href":"https:\/\/www.europesays.com\/de\/wp-json\/wp\/v2\/categories?post=927695"},{"taxonomy":"post_tag","embeddable":true,"href":"https:\/\/www.europesays.com\/de\/wp-json\/wp\/v2\/tags?post=927695"}],"curies":[{"name":"wp","href":"https:\/\/api.w.org\/{rel}","templated":true}]}}