{"id":927731,"date":"2026-04-07T12:48:20","date_gmt":"2026-04-07T12:48:20","guid":{"rendered":"https:\/\/www.europesays.com\/de\/927731\/"},"modified":"2026-04-07T12:48:20","modified_gmt":"2026-04-07T12:48:20","slug":"brandenburg-energiepreise-treiben-inflation-wieder-nach-oben","status":"publish","type":"post","link":"https:\/\/www.europesays.com\/de\/927731\/","title":{"rendered":"Brandenburg: Energiepreise treiben Inflation wieder nach oben"},"content":{"rendered":"<p>              <a href=\"https:\/\/www.rathenow24.de\/files\/cto_layout\/img\/Fotolia_176861185_XS.png\" data-lightbox=\"3ae750\" rel=\"nofollow noopener\" target=\"_blank\"><\/p>\n<p><img loading=\"lazy\" decoding=\"async\" src=\"https:\/\/www.europesays.com\/de\/wp-content\/uploads\/2026\/04\/Fotolia_176861185_XS-9283932b.png\" width=\"1000\" height=\"666\" alt=\"\"\/><\/p>\n<p>              <\/a><\/p>\n<p data-start=\"295\" data-end=\"507\">Die Inflation in Brandenburg hat im M\u00e4rz 2026 erneut angezogen. Nach aktuellen Daten lag die Teuerung bei <strong data-start=\"401\" data-end=\"448\">2,8 Prozent im Vergleich zum Vorjahresmonat<\/strong>. Im Februar hatte sie noch bei rund <strong data-start=\"485\" data-end=\"498\">2 Prozent<\/strong> gelegen.<\/p>\n<p><strong data-start=\"518\" data-end=\"562\">Energie als Haupttreiber der Entwicklung<\/strong><\/p>\n<p data-start=\"564\" data-end=\"700\">Ausschlaggebend f\u00fcr den erneuten Anstieg sind vor allem die Energiepreise. Diese verteuerten sich im Jahresvergleich um <strong data-start=\"684\" data-end=\"699\">8,5 Prozent<\/strong>.<\/p>\n<p data-start=\"702\" data-end=\"915\">Besonders betroffen sind <strong data-start=\"727\" data-end=\"753\">Heiz\u00f6l und Kraftstoffe<\/strong>. Hintergrund sind unter anderem internationale Entwicklungen wie der Konflikt im Nahen Osten sowie Einschr\u00e4nkungen im Schiffsverkehr durch die Stra\u00dfe von Hormus.<\/p>\n<p data-start=\"917\" data-end=\"1010\">Ohne diesen Einfluss w\u00e4re die Inflation deutlich niedriger ausgefallen \u2013 bei <strong data-start=\"994\" data-end=\"1009\">1,9 Prozent<\/strong>.<\/p>\n<p><strong data-start=\"1021\" data-end=\"1060\">Auch Dienstleistungen werden teurer<\/strong><\/p>\n<p data-start=\"1062\" data-end=\"1162\">Neben Energie verteuerten sich auch andere Bereiche \u00fcberdurchschnittlich. Dazu z\u00e4hlen unter anderem:<\/p>\n<ul data-start=\"1164\" data-end=\"1294\">\n<li data-section-id=\"oikdw3\" data-start=\"1164\" data-end=\"1204\">alkoholische Getr\u00e4nke und Tabakwaren<\/li>\n<li data-section-id=\"1clovnr\" data-start=\"1205\" data-end=\"1255\">Beherbergungs- und Gastst\u00e4ttendienstleistungen<\/li>\n<li data-section-id=\"1bqgqyc\" data-start=\"1256\" data-end=\"1294\">weitere Waren und Dienstleistungen<\/li>\n<\/ul>\n<p><strong data-start=\"1305\" data-end=\"1342\">Lebensmittel bremsen die Teuerung<\/strong><\/p>\n<p data-start=\"1344\" data-end=\"1475\">Die Preise f\u00fcr Nahrungsmittel stiegen im Vergleich zum Vorjahr nur um <strong data-start=\"1414\" data-end=\"1429\">0,6 Prozent<\/strong> und wirkten damit d\u00e4mpfend auf die Inflation.<\/p>\n<p data-start=\"1477\" data-end=\"1526\">Einige Produkte wurden sogar g\u00fcnstiger, darunter:<\/p>\n<ul data-start=\"1528\" data-end=\"1582\">\n<li data-section-id=\"x5uxi2\" data-start=\"1528\" data-end=\"1552\">Speisefette und -\u00f6le<\/li>\n<li data-section-id=\"wdhx90\" data-start=\"1553\" data-end=\"1582\">Molkereiprodukte und Eier<\/li>\n<\/ul>\n<p data-start=\"1584\" data-end=\"1621\">Teurer wurden hingegen unter anderem:<\/p>\n<ul data-start=\"1623\" data-end=\"1685\">\n<li data-section-id=\"1sdqyv6\" data-start=\"1623\" data-end=\"1631\">Obst<\/li>\n<li data-section-id=\"4cvdrw\" data-start=\"1632\" data-end=\"1659\">Fleisch- und Wurstwaren<\/li>\n<li data-section-id=\"10andoq\" data-start=\"1660\" data-end=\"1685\">Kaffee, Tee und Kakao<\/li>\n<\/ul>\n<p><strong data-start=\"1696\" data-end=\"1744\">Inflation bleibt abh\u00e4ngig von Energiepreisen<\/strong><\/p>\n<p data-start=\"1746\" data-end=\"1974\">Die aktuellen Zahlen zeigen, dass die Preisentwicklung weiterhin stark von Energie abh\u00e4ngig ist. W\u00e4hrend sich Lebensmittelpreise stabilisieren, sorgen steigende Kosten f\u00fcr Kraftstoffe und Heiz\u00f6l erneut f\u00fcr Druck auf Verbraucher.<\/p>\n<p data-start=\"1746\" data-end=\"1974\">Quelle:\u00a0Amt f\u00fcr Statistik Berlin-Brandenburg<\/p>\n","protected":false},"excerpt":{"rendered":"Die Inflation in Brandenburg hat im M\u00e4rz 2026 erneut angezogen. Nach aktuellen Daten lag die Teuerung bei 2,8&hellip;\n","protected":false},"author":2,"featured_media":927732,"comment_status":"","ping_status":"","sticky":false,"template":"","format":"standard","meta":{"footnotes":"","_share_on_mastodon":"0"},"categories":[1816],"tags":[1960,1958,1959,1957,1956,1890,29,8409,24916,30,24915,24917,24912,14,15,14773,24914,6431,24913],"class_list":["post-927731","post","type-post","status-publish","format-standard","has-post-thumbnail","category-brandenburg","tag-aktuelle-nachrichten-aus-berlin-und-brandenburg","tag-aktuelle-nachrichten-aus-brandenburg","tag-aktuelle-news-aus-berlin-und-brandenburg","tag-aktuelle-news-aus-brandenburg","tag-berlin-und-brandenburg","tag-brandenburg","tag-deutschland","tag-fahrradtour","tag-ferienhaus","tag-germany","tag-havel","tag-havel-radweg","tag-havelland","tag-nachrichten","tag-news","tag-optik","tag-optikstadt","tag-rathenow","tag-westhavelland"],"share_on_mastodon":{"url":"https:\/\/pubeurope.com\/@de\/116363507164198820","error":""},"_links":{"self":[{"href":"https:\/\/www.europesays.com\/de\/wp-json\/wp\/v2\/posts\/927731","targetHints":{"allow":["GET"]}}],"collection":[{"href":"https:\/\/www.europesays.com\/de\/wp-json\/wp\/v2\/posts"}],"about":[{"href":"https:\/\/www.europesays.com\/de\/wp-json\/wp\/v2\/types\/post"}],"author":[{"embeddable":true,"href":"https:\/\/www.europesays.com\/de\/wp-json\/wp\/v2\/users\/2"}],"replies":[{"embeddable":true,"href":"https:\/\/www.europesays.com\/de\/wp-json\/wp\/v2\/comments?post=927731"}],"version-history":[{"count":0,"href":"https:\/\/www.europesays.com\/de\/wp-json\/wp\/v2\/posts\/927731\/revisions"}],"wp:featuredmedia":[{"embeddable":true,"href":"https:\/\/www.europesays.com\/de\/wp-json\/wp\/v2\/media\/927732"}],"wp:attachment":[{"href":"https:\/\/www.europesays.com\/de\/wp-json\/wp\/v2\/media?parent=927731"}],"wp:term":[{"taxonomy":"category","embeddable":true,"href":"https:\/\/www.europesays.com\/de\/wp-json\/wp\/v2\/categories?post=927731"},{"taxonomy":"post_tag","embeddable":true,"href":"https:\/\/www.europesays.com\/de\/wp-json\/wp\/v2\/tags?post=927731"}],"curies":[{"name":"wp","href":"https:\/\/api.w.org\/{rel}","templated":true}]}}