{"id":928090,"date":"2026-04-07T16:15:25","date_gmt":"2026-04-07T16:15:25","guid":{"rendered":"https:\/\/www.europesays.com\/de\/928090\/"},"modified":"2026-04-07T16:15:25","modified_gmt":"2026-04-07T16:15:25","slug":"hut-ab-in-der-bielefelder-city-alles-was-sie-zum-verkaufsoffenen-sonntag-wissen-muessen","status":"publish","type":"post","link":"https:\/\/www.europesays.com\/de\/928090\/","title":{"rendered":"\u201eHut ab!\u201c in der Bielefelder City: Alles, was Sie zum verkaufsoffenen Sonntag wissen m\u00fcssen"},"content":{"rendered":"<p id=\"absatz1\" class=\"em_text\">Bielefeld. Zum achten Mal findet am Sonntag, 12. April, das Bielefelder Stra\u00dfenkunst-Festival \u201eHut ab\u201c statt. Artistik, Unterhaltung, Clownerie und viel Musik gibt es drau\u00dfen auf den Stra\u00dfen und im Loom. Drinnen in den L\u00e4den der Altstadt, der Bahnhof- und der Stresemannstra\u00dfe darf gebummelt und eingekauft werden. Und das an einem Sonntag!<\/p>\n<p id=\"absatz2\" class=\"em_text\">Bei \u201eHut ab!\u201c haben die Gesch\u00e4fte auf und fast alle machen mit. \u201eWir gehen davon aus, dass 90 Prozent der Einzelhandelsgesch\u00e4fte ihre T\u00fcren weit \u00f6ffnen\u201c, freut sich J\u00f6rg Beyer vom Handelsverband OWL auf dieses Event. Zwischen 13 Uhr und 18 Uhr, genauer gesagt.<\/p>\n<p id=\"absatz3\" class=\"em_text\">Und er freut sich auf noch etwas: \u201eHalb OWL macht sich wieder auf den Weg nach Bielefeld.\u201c Die j\u00fcngst kolportierten Besucherzahlen, mit denen die Veranstalter rund um die Agentur \u201eExtrem beweglich\u201c kalkulierten, wurden nach oben korrigiert: Nicht 70.000, sondern wom\u00f6glich doppelt so viele \u2013 je nach Wetterlage \u2013 werden am Sonntag die Stadt heimsuchen. \u201eDie Rolle Bielefelds als Oberzentrum wird durch diese Veranstaltung weiter gest\u00e4rkt\u201c, so Beyer.<\/p>\n<p id=\"absatz4\"><b class=\"bold\">Auch interessant: <\/b><a href=\"https:\/\/www.nw.de\/lokal\/bielefeld\/mitte\/24300385_Hut-ab-das-Strassenkunstfestival-im-Herzen-von-Bielefeld.html\" rel=\"nofollow noopener\" target=\"_blank\">\u201eHut ab!\u201c &#8211; das Stra\u00dfenkunstfestival im Herzen von Bielefeld<\/a><\/p>\n<p>\n        \u00d7\n    <\/p>\n<p>\n            Sie erhalten in wenigen Minuten eine E-Mail zur Best\u00e4tigung Ihrer Anmeldung.\n        <\/p>\n<p>Erst danach ist diese abgeschlossen.<\/p>\n<p>Bitte pr\u00fcfen Sie auch den Spam-Ordner.<\/p>\n<p>\n        \u00d7\n    <\/p>\n<p>\n            Sie haben bisher Ihre E-Mail-Adresse noch nicht best\u00e4tigt.\n        <\/p>\n<p>Erst danach ist diese abgeschlossen.<\/p>\n<p>Bitte pr\u00fcfen Sie auch den Spam-Ordner.<\/p>\n<p>\n        \u00d7\n    <\/p>\n<p>\n            Es ist einen Fehler aufgetreten\n        <\/p>\n<p>Bei Fragen hilft unser Newsletter-Support<\/p>\n<p> Newsletter<\/p>\n<p> Essen &amp; Erleben<\/p>\n<p>Die besten Restaurants, Events und Trends aus Bielefeld.<\/p>\n<p>                Jetzt anmelden<\/p>\n<p>        <a href=\"https:\/\/www.nw.de\/_em_daten\/_cache\/image\/1xRDhlVms3Mk03Y3o2VzVYUUVVNzVjVEJiR25wWnNOVWdjOGJCenZERGJtcWIvUHRmeVRrNzBScHd0YndwQzdWMGRicjFTT1NobWVWU0JZVERxZzlWakZCdFJ6a2dzUjFQc2dkOTN1b3UwSk09\/260407-1745-883420183.jpg\" class=\"nw-article-image\" title=\"\u0084Hut ab \u2013 das Festival f\u00fcr Stra\u00dfenkunst in Bielefeld\u0093 und der erste verkaufsoffener Sonntag in 2026 mit Kathi Schilberg (Bielefeld Marketing, v.l.), J\u00f6rg Beyer (Handelsverband OWL), Andrea Windmann (Dehoga Ostwestfalen), Henner Zimmat (Altstadt Team Bielefeld) und Julius Birnbaum (Loom).\" data-glightbox=\"type: image; description: \u0084Hut ab \u2013 das Festival f\u00fcr Stra\u00dfenkunst in Bielefeld\u0093 und der erste verkaufsoffener Sonntag in 2026 mit Kathi Schilberg (Bielefeld Marketing, v.l.), J\u00f6rg Beyer (Handelsverband OWL), Andrea Windmann (Dehoga Ostwestfalen), Henner Zimmat (Altstadt Team Bielefeld) und Julius Birnbaum (Loom).  | \u00a9 Peter Unger \" rel=\"nofollow noopener\" target=\"_blank\"><br \/>\n            <img decoding=\"async\" src=\"https:\/\/www.europesays.com\/de\/wp-content\/uploads\/2026\/04\/260407-1745-883420183.jpg\" class=\"nw-img-fluid nw-w-full nw-lazy nw-rounded-t-md\" alt=\"\u0084Hut ab \u2013 das Festival f\u00fcr Stra\u00dfenkunst in Bielefeld\u0093 und der erste verkaufsoffener Sonntag in 2026 mit Kathi Schilberg (Bielefeld Marketing, v.l.), J\u00f6rg Beyer (Handelsverband OWL), Andrea Windmann (Dehoga Ostwestfalen), Henner Zimmat (Altstadt Team Bielefeld) und Julius Birnbaum (Loom). - \u00a9 Peter Unger\" data-format=\"16:9\"\/><br \/>\n        <\/a><\/p>\n<p>                \u0084Hut ab \u2013 das Festival f\u00fcr Stra\u00dfenkunst in Bielefeld\u0093 und der erste verkaufsoffener Sonntag in 2026 mit Kathi Schilberg (Bielefeld Marketing, v.l.), J\u00f6rg Beyer (Handelsverband OWL), Andrea Windmann (Dehoga Ostwestfalen), Henner Zimmat (Altstadt Team Bielefeld) und Julius Birnbaum (Loom).<br \/>\n                                    | \u00a9 Peter Unger<\/p>\n<p>Parkpl\u00e4tze am verkaufsoffenen Sonntag in Bielefeld<\/p>\n<p class=\"em_text\">F\u00fcr alle, die sich mit dem Auto nach Bielefeld bewegen, hat Kathi Schilberg, Projektleiterin bei Bielefeld Marketing, noch einen wichtige Information: \u201e9.000 Parkpl\u00e4tze stehen zur Verf\u00fcgung, auch in den Parkh\u00e4usern, die teils vom Handelsverband betrieben werden.\u201c<\/p>\n<p id=\"absatz6\" class=\"em_text\">F\u00fcr Gro\u00df und Klein, f\u00fcr Jung und Alt ist das Angebot mit mehr als 100 aktiven Mitwirkenden. Vom Spindelbrunnen in der Bahnhofstra\u00dfe bis zum Brunnen auf dem Alten Markt erstrecken sich die Performances der K\u00fcnstlinnen und K\u00fcnstlern aus aller Welt.<\/p>\n<p id=\"absatz7\">Der vertr\u00e4umte und manchmal auch etwas verpeilte <b class=\"bold\">Monsieur Momo<\/b> erz\u00e4hlt poetisch-komische Geschichten am Bunnemannplatz, <b class=\"bold\">Mago Masin<\/b> zeigt seine Show \u201eKleinkunstflieger\u201c nicht nur am Alten Markt, <b class=\"bold\">Feuerb\u00e4lle<\/b> fliegen durch die Luft an der Bahnhof-, Ecke Stresemannstra\u00dfe, <b class=\"bold\">Stevie Wheels<\/b> jongliert auf seinem Drahtesel, w\u00e4hrend dieser sich um die eigene Achse dreht im Schatten der Jahnplatz-Uhr, <b class=\"bold\">S\u00f6ren Niemann<\/b> entf\u00fchrt die Zuschauerinnen und Zuschauer in seine \u201eBubblewelt\u201c vor der NW an der Niedernstra\u00dfe und <b class=\"bold\">Pirat Backenbart-Bernd<\/b> l\u00fcftet mithilfe seiner Flaschenpost ein Geheimnis: Er ist zwar ein gef\u00fcrchteter Seer\u00e4uber, aber eben auch Nichtschwimmer!<\/p>\n<p id=\"absatz8\"><b class=\"bold\">Mehr zum Thema:<\/b><a href=\"https:\/\/www.nw.de\/lokal\/bielefeld\/mitte\/23969558_Parkhaeuser-und-Parkplaetze-in-der-Bielefelder-City-2025-im-grossen-Ueberblick.html\" rel=\"nofollow noopener\" target=\"_blank\"> \u00dcbersicht der Parkpl\u00e4tze und Parkh\u00e4user in Bielefeld<\/a><\/p>\n<p>        <a href=\"https:\/\/www.nw.de\/_em_daten\/_cache\/image\/1xRjMrUDJ2SmRVSk9DVSs3d0VWbGhaY1oxWWQwSUgyMkF3bmNPQm1SQWdlQVFkOG82L0M1YzZRMGV4VkgzUFNkZk9jVDM2N2k4d1YwMzRyNCtFSGlabEE9PQ\/260407-1746-883462802.jpg\" class=\"nw-article-image\" title=\"Dieses Stra\u00dfenk\u00fcnstler-Duo gibt bei \" hut=\"\" ab=\"\" in=\"\" der=\"\" bielefelder=\"\" innenstadt=\"\" alles.=\"\" data-glightbox=\"type: image; description: Dieses Stra\u00dfenk\u00fcnstler-Duo gibt bei &quot;Hut ab!&quot; in der Bielefelder Innenstadt alles.  | \u00a9 Archivfoto: Barbara Franke \" bielefel rel=\"nofollow noopener\" target=\"_blank\"><br \/>\n            <img decoding=\"async\" src=\"https:\/\/www.europesays.com\/de\/wp-content\/uploads\/2026\/04\/260407-1746-883462802.jpg\" class=\"nw-img-fluid nw-w-full nw-lazy nw-rounded-t-md\" alt=\"Dieses Stra\u00dfenk\u00fcnstler-Duo gibt bei &quot;Hut ab!&quot; in der Bielefelder Innenstadt alles. - \u00a9 Archivfoto: Barbara Franke\" data-format=\"16:9\"\/><br \/>\n        <\/a><\/p>\n<p>                Dieses Stra\u00dfenk\u00fcnstler-Duo gibt bei &#8222;Hut ab!&#8220; in der Bielefelder Innenstadt alles.<br \/>\n                                    | \u00a9 Archivfoto: Barbara Franke<\/p>\n<p>Kindermusik-Festival im Loom<\/p>\n<p>Trommelwirbel bei den <b class=\"bold\">Cometas Felices<\/b>, einer Murga-Truppe, die Tanz, Musik, farbenpr\u00e4chtige Kost\u00fcme und B\u00fchnen-Performance unter einen Hut bringt am Spindelbrunnen und im Biergarten des Hofbr\u00e4uhauses neben dem Rathaus. Weniger Tanz gibt es bei <b class=\"bold\">Shantallica<\/b> ab 17 Uhr im Alt Bielefeld, daf\u00fcr wird es dort lustig zugehen. Die <b class=\"bold\">No Cessation Crew<\/b> tanzt HipHop an der roten Telefonzelle (Niedernstra\u00dfe), die <b class=\"bold\">Shademakers<\/b> pr\u00e4sentieren die kleinste Disco mit dem gr\u00f6\u00dften T\u00fcrsteher, <b class=\"bold\">DansArt<\/b> tanzen Respekt, Toleranz, Verst\u00e4ndnis und Akzeptanz am Alten Markt und <b class=\"bold\">Emily Beadle <\/b>singt solo und mit viel Gef\u00fchl selbst komponierte Indie-Pop-St\u00fccke vor der NW.<\/p>\n<p id=\"absatz10\">In der riesigen Einkaufspassage Loom an der Stresemannstra\u00dfe steppen der B\u00e4r und <b class=\"bold\">Punkpanda Peter<\/b> um die Wette f\u00fcr die lieben Kleinen, die sich die \u00d6hrchen so richtig durchpusten lassen mit dem familienerprobten <b class=\"bold\">Quartett Randale<\/b>, mit <b class=\"bold\">Lieselotte<\/b> an der Quetschkommode, die ein paar Freunde an der Trommel und mit Gitarre mitgebracht hat und mit dem Duo <b class=\"bold\">Die schiefe Bahn<\/b>, also Philipp und Ingo, die Klassenraum-Klassiker zum Besten geben.<\/p>\n<p id=\"absatz11\" class=\"em_text\">Loom-Manager Julius Birnbaum ist wohl auch der Einzige der mitwirkenden \u201eHut ab\u201c-Veranstalter, der nicht nerv\u00f6s auf die Wetter-App gucken muss. Er verr\u00e4t: \u201eDas Sch\u00f6ne am ,Hut ab!\u2019 ist, dass es an diesem Sonntag weniger Zielk\u00e4ufer gibt, daf\u00fcr vielmehr Spontank\u00e4ufe.\u201c<\/p>\n<p id=\"absatz12\"><b class=\"bold\">So lief die Veranstaltung im vergangenen Jahr: <\/b><a href=\"https:\/\/www.nw.de\/lokal\/bielefeld\/mitte\/24074361_Mit-ganz-vielen-Fotos-Grosser-Andrang-beim-verkaufsoffenen-Sonntag-in-Bielefeld.html\" rel=\"nofollow noopener\" target=\"_blank\">Gro\u00dfer Andrang beim \u201eHut ab!\u201c 2025 in Bielefeld<\/a><\/p>\n<p>Immer unterwegs: die Walking-Acts<\/p>\n<p id=\"absatz13\">Die Bielefelder City wird auch zur Fan-Meile f\u00fcr Freunde von Stelzenl\u00e4ufern, Unterwegs-Artisten und \u201eTo go\u201c-Jongleuren: Der <b class=\"bold\">Klabauterjahn<\/b> brilliert mit nautischem Fachwissen. Vor der Truppe von <b class=\"bold\">Dr. Clown<\/b>, die sonst in Kinderkliniken und Pflegeheimen f\u00fcr Kurzweil sorgen, darf man ohnehin den Hut ziehen, <b class=\"bold\">G\u00e4rtner Gunter<\/b> hat den Fr\u00fchling im Gep\u00e4ck \u2013 und seinen kleinen Kobold \u201eLilumo\u201c, Luftakrobatik pr\u00e4sentiert <b class=\"bold\">Hoopela<\/b>, <b class=\"bold\">Rainer Bl\u00f6dsinn<\/b> macht reinen Bl\u00f6dsinn auf Stelzen, <b class=\"bold\">Schornsteinfeger<\/b> haben das Gl\u00fcck im Gep\u00e4ck und das <b class=\"bold\">Team Herzen<\/b> verschenkt Herzen.<\/p>\n<p id=\"absatz14\" class=\"em_text\">Auch Speisen und Getr\u00e4nke wird es in H\u00fclle und F\u00fclle geben. \u201eNahezu alle Gastronomen in der City haben ge\u00f6ffnet\u201c, darauf weist Andrea Windmann von der Dehoga Ostwestfalen hin.<\/p>\n<p id=\"absatz15\"><b class=\"NormalTextRun SCXW255721648 BCX0 NormalTextRun SCXW44374146 BCX0 TextRun SCXW211236704 BCX0 NormalTextRun SCXW211236704 BCX0 NormalTextRun SCXW63684834 BCX0 TextRun SCXW212112547 BCX0 NormalTextRun SCXW212112547 BCX0 TextRun SCXW88872834 BCX0 NormalTextRun SCXW88872834 BCX0 NormalTextRun SCXW212397444 BCX0 TextRun SCXW62038097 BCX0 NormalTextRun SCXW62038097 BCX0 NormalTextRun SCXW158349761 BCX0 TextRun SCXW153888588 BCX0 NormalTextRun SCXW153888588 BCX0 TextRun SCXW163160103 BCX0 NormalTextRun SCXW163160103 BCX0 bold TextRun SCXW6277610 BCX0 NormalTextRun SCXW6277610 BCX0\">\ud83d\udcf1<\/b><b class=\"NormalTextRun SCXW255721648 BCX0 NormalTextRun SCXW44374146 BCX0 TextRun SCXW211236704 BCX0 NormalTextRun SCXW211236704 BCX0 NormalTextRun SCXW63684834 BCX0 TextRun SCXW212112547 BCX0 NormalTextRun SCXW212112547 BCX0 TextRun SCXW88872834 BCX0 NormalTextRun SCXW88872834 BCX0 NormalTextRun SCXW212397444 BCX0 TextRun SCXW62038097 BCX0 NormalTextRun SCXW62038097 BCX0 NormalTextRun SCXW158349761 BCX0 TextRun SCXW153888588 BCX0 NormalTextRun SCXW153888588 BCX0 TextRun SCXW163160103 BCX0 NormalTextRun SCXW163160103 BCX0 bold TextRun SCXW6277610 BCX0 NormalTextRun SCXW6277610 BCX0\">News direkt aufs Smartphone:<\/b><b class=\"NormalTextRun SCXW255721648 BCX0 NormalTextRun SCXW44374146 BCX0 TextRun SCXW211236704 BCX0 NormalTextRun SCXW211236704 BCX0 NormalTextRun SCXW63684834 BCX0 TextRun SCXW212112547 BCX0 NormalTextRun SCXW212112547 BCX0 TextRun SCXW88872834 BCX0 NormalTextRun SCXW88872834 BCX0 NormalTextRun SCXW212397444 BCX0 TextRun SCXW62038097 BCX0 NormalTextRun SCXW62038097 BCX0 NormalTextRun SCXW158349761 BCX0 TextRun SCXW153888588 BCX0 NormalTextRun SCXW153888588 BCX0 TextRun SCXW163160103 BCX0 NormalTextRun SCXW163160103 BCX0 bold TextRun SCXW6277610 BCX0 NormalTextRun SCXW6277610 BCX0\"> <\/b><a href=\"https:\/\/whatsapp.com\/channel\/0029VaeYHJ40Qeam4DWyn109\" rel=\"noreferrer noopener nofollow\" target=\"_blank\">Hier finden Sie den kostenlosen Whatsapp-Kanal der NW-Bielefeld<\/a><\/p>\n","protected":false},"excerpt":{"rendered":"Bielefeld. Zum achten Mal findet am Sonntag, 12. April, das Bielefelder Stra\u00dfenkunst-Festival \u201eHut ab\u201c statt. Artistik, Unterhaltung, Clownerie&hellip;\n","protected":false},"author":2,"featured_media":928091,"comment_status":"","ping_status":"","sticky":false,"template":"","format":"standard","meta":{"footnotes":"","_share_on_mastodon":"0"},"categories":[1841],"tags":[513,2037,22422,1605,26092,102818,3364,29,30,42498,202884,198343,736,164252,22425,16362,16395,1209,22059,215],"class_list":["post-928090","post","type-post","status-publish","format-standard","has-post-thumbnail","category-bielefeld","tag-auto","tag-bahnhof","tag-bahnhofstrae","tag-bielefeld","tag-bielefelder-city","tag-cnt_aufmacher","tag-de","tag-deutschland","tag-germany","tag-handelsverband-owl","tag-kathi-schilberg","tag-meta_artikelklasse_aboanker","tag-meta_copyrights_nw","tag-meta_eo_zusammenfassung","tag-meta_themen_gastro_kochen_shopping","tag-meta_userneeds_inspirieremich","tag-neue-westflische","tag-nordrhein-westfalen","tag-owl","tag-unterhaltung"],"share_on_mastodon":{"url":"https:\/\/pubeurope.com\/@de\/116364321034701130","error":""},"_links":{"self":[{"href":"https:\/\/www.europesays.com\/de\/wp-json\/wp\/v2\/posts\/928090","targetHints":{"allow":["GET"]}}],"collection":[{"href":"https:\/\/www.europesays.com\/de\/wp-json\/wp\/v2\/posts"}],"about":[{"href":"https:\/\/www.europesays.com\/de\/wp-json\/wp\/v2\/types\/post"}],"author":[{"embeddable":true,"href":"https:\/\/www.europesays.com\/de\/wp-json\/wp\/v2\/users\/2"}],"replies":[{"embeddable":true,"href":"https:\/\/www.europesays.com\/de\/wp-json\/wp\/v2\/comments?post=928090"}],"version-history":[{"count":0,"href":"https:\/\/www.europesays.com\/de\/wp-json\/wp\/v2\/posts\/928090\/revisions"}],"wp:featuredmedia":[{"embeddable":true,"href":"https:\/\/www.europesays.com\/de\/wp-json\/wp\/v2\/media\/928091"}],"wp:attachment":[{"href":"https:\/\/www.europesays.com\/de\/wp-json\/wp\/v2\/media?parent=928090"}],"wp:term":[{"taxonomy":"category","embeddable":true,"href":"https:\/\/www.europesays.com\/de\/wp-json\/wp\/v2\/categories?post=928090"},{"taxonomy":"post_tag","embeddable":true,"href":"https:\/\/www.europesays.com\/de\/wp-json\/wp\/v2\/tags?post=928090"}],"curies":[{"name":"wp","href":"https:\/\/api.w.org\/{rel}","templated":true}]}}