{"id":928206,"date":"2026-04-07T17:19:18","date_gmt":"2026-04-07T17:19:18","guid":{"rendered":"https:\/\/www.europesays.com\/de\/928206\/"},"modified":"2026-04-07T17:19:18","modified_gmt":"2026-04-07T17:19:18","slug":"stuttgart-tumulte-nach-urteil-im-totraser-prozess-regional","status":"publish","type":"post","link":"https:\/\/www.europesays.com\/de\/928206\/","title":{"rendered":"Stuttgart: Tumulte nach Urteil im Totraser-Prozess | Regional"},"content":{"rendered":"<p><a class=\"skip-content skip-content--link\" href=\"#in-content-skip-link-target-v-0-0\">TTS-Player \u00fcberspringen\u21b5<\/a><a id=\"in-content-skip-link-target-v-0-0\" class=\"skip-content--target-link-hidden skip-content skip-content--target-link\" href=\"#in-content-skip-link-target-v-0-0\">Artikel weiterlesen<\/a><\/p>\n<p>Stuttgart \u2013 <b>G\u00fcrkan U. (32) und Ismail U. (36) wurden am Dienstag in Stuttgart f\u00fcr den Mord an zwei jungen Frauen verurteilt. Mit bis zu 150 km\/h waren die beiden Verurteilten vor einem Jahr durch die Innenstadt von Ludwigsburg gerast. Ein verbotenes Autorennen, das die beiden jungen Frauen Selin K. (22) und Merve K. (23) das Leben kostete. Doch damit war der Horror f\u00fcr die Angeh\u00f6rigen noch nicht vorbei. Der Richter begr\u00fcndete sein Urteil mit deutlichen Worten: \u201eDie \u00dcberheblichkeit, die sie an den Tag gelegt haben, m\u00fcssen sie b\u00fc\u00dfen.\u201c Nach den letzten Worten im Prozess kochten die Emotionen hoch.<\/b><\/p>\n<p>Die <a href=\"https:\/\/www.bild.de\/regional\/baden-wuerttemberg\/illegales-auto-rennen-in-ludwigsburg-zweiter-todes-raser-auch-gefasst-67e1047d798c7544d127def6\" class=\"text-link\" rel=\"nofollow noopener\" target=\"_blank\">Urteilsverk\u00fcndung dauerte<\/a> bis circa 16.37 Uhr. Im Anschluss kam es zu turbulenten Szenen im Gerichtssaal. W\u00e4hrend die ersten Besucher des <a href=\"https:\/\/www.bild.de\/themen\/ereignisse\/prozess\/news-fotos-videos-17024714.bild.html\" class=\"text-link\" rel=\"nofollow noopener\" target=\"_blank\">Prozesses<\/a> den Saal bereits verlie\u00dfen, kamen sich offenbar die Mutter der Angeklagten und eine Angeh\u00f6rige der verstorbenen Selin n\u00e4her. Wie ihr Cousin Benan Erg\u00fcn (25) zu BILD sagt, soll das Wort \u201eHure\u201c gefallen sein \u2013 gegen Selins Schwester Aylin. Pl\u00f6tzlich Geschrei. Justizbeamte schubsten Menschen zur Seite, rannten in den Saal zur\u00fcck.<\/p>\n<p><img decoding=\"async\" width=\"992\" height=\"558\" alt=\"Aylin wird von ihrem Cousin Benan gest\u00fctzt, als sie das Gerichtsgeb\u00e4ude verl\u00e4sst\" src=\"https:\/\/www.europesays.com\/de\/wp-content\/uploads\/2026\/04\/79d805ed4e07bc68324b3c2adde3cfdc,6de832f3.jpeg\"   class=\"landscape\" loading=\"lazy\"\/><\/p>\n<p class=\"fig__caption__text\">Aylin wird von ihrem Cousin Benan gest\u00fctzt, als sie das Gerichtsgeb\u00e4ude verl\u00e4sst<\/p>\n<p>Foto: Michael Hahn<\/p>\n<p>Aggressiv gingen die Beteiligten aufeinander los, wie Benan berichtet. Auch Aylin, die Schwester der verstorbenen Selin, wurde in die Situation hineingezogen. Die Frauen zogen sich gegenseitig an den Haaren.<\/p>\n<p>Schwester blutet nach Schlag<\/p>\n<p>Die Rangelei im <a href=\"https:\/\/www.bild.de\/themen\/organisationen\/gerichte\/news-fotos-videos-17024270.bild.html\" class=\"text-link\" rel=\"nofollow noopener\" target=\"_blank\">Gericht<\/a> endete erst, als Justizbeamte die Frauen trennten. Beamte h\u00e4tten die Schwester gegen die Wand gedr\u00fcckt und dort fixiert, so Benan. Sie bekam bei der Rangelei einen Schlag gegen den Kopf, blutete sogar. Erst gegen 16.48 Uhr durfte Aylin das Gerichtsgeb\u00e4ude verlassen, gest\u00fctzt auf ihren Cousin. Sie setzte sich auf eine Bank und atmete durch, umringt von ihren Angeh\u00f6rigen. Im Anschluss an die Rangelei fuhr auch die Polizei am Gerichtsgeb\u00e4ude vor. Ein Polizeisprecher: \u201eNach dem Vorfall im Gerichtssaal hat man bei uns wegen der hoch emotionalen Lage zus\u00e4tzliche Kr\u00e4fte angefordert. Wir waren mit 30 Beamten im Einsatz.\u201c Justizbeamte bildeten eine Kette und r\u00e4umten den Bereich vor dem Geb\u00e4ude. <\/p>\n<p>Ins Krankenhaus statt zum Friedhof<\/p>\n<p>Die beteiligte Schwester Aylin war nach der Rangelei nicht bereit, mit BILD zu sprechen. Urspr\u00fcnglich war geplant, dass sie nach der Urteilsverk\u00fcndung zum Friedhof zu ihrer Schwester f\u00e4hrt. \u201eAylin geht in eine Klinik, um eine blutende Wunde am Unterkinn untersuchen zu lassen. Sie hatte im Gerichtssaal einen Schlag abbekommen\u201c, so Benan. \u201eSie wird definitiv Strafanzeige erstatten.\u201c<\/p>\n<p><img decoding=\"async\" width=\"992\" height=\"558\" alt=\"Zahlreiche Justizbeamte sichern den Eingang des Gerichtsgeb\u00e4udes ab\" src=\"https:\/\/www.europesays.com\/de\/wp-content\/uploads\/2026\/04\/488a01eee06c6741a594d823b09d5d30,9305b94b.jpeg\"   class=\"landscape\" loading=\"lazy\"\/><\/p>\n<p class=\"fig__caption__text\">Zahlreiche Justizbeamte sichern den Eingang des Gerichtsgeb\u00e4udes ab<\/p>\n<p>Foto: Michael Hahn<\/p>\n<p>Das Urteil, das die Emotionen hochkochen lie\u00df: Der Vorsitzende Richter verurteilte G\u00fcrkan U. zu <a href=\"https:\/\/www.bild.de\/regional\/baden-wuerttemberg\/zwei-junge-frauen-starben-totraser-brueder-wegen-mordes-verurteilt-69d4c836086bb1c024ff9c32\" class=\"text-link\" rel=\"nofollow noopener\" target=\"_blank\">lebenslanger Haft wegen Mordes<\/a>. Sein Bruder Ismail U. wurde wegen versuchten Mordes schuldig gesprochen \u2013 er muss f\u00fcr 13 Jahre ins Gef\u00e4ngnis. Der Cousin Kerim U. (26) erhielt ein Jahr auf Bew\u00e4hrung und muss 100 Stunden gemeinn\u00fctzige Arbeit leisten. Damit kamen die Richter der Forderung der Staatsanwaltschaft nach, den Fall als Mord zu bewerten. Das Urteil ist noch nicht rechtskr\u00e4ftig.<\/p>\n","protected":false},"excerpt":{"rendered":"TTS-Player \u00fcberspringen\u21b5Artikel weiterlesen Stuttgart \u2013 G\u00fcrkan U. (32) und Ismail U. (36) wurden am Dienstag in Stuttgart f\u00fcr&hellip;\n","protected":false},"author":2,"featured_media":928207,"comment_status":"","ping_status":"","sticky":false,"template":"","format":"standard","meta":{"footnotes":"","_share_on_mastodon":"0"},"categories":[2],"tags":[1737,29,1736,30,13,8244,10536,16033,14,15,1269,8245,12,5758,138370,45,10,8,9,11,7781],"class_list":["post-928206","post","type-post","status-publish","format-standard","has-post-thumbnail","category-deutschland","tag-breaking-news","tag-deutschland","tag-fb-instantarticles","tag-germany","tag-headlines","tag-illegale-autorennen","tag-landgericht-stuttgart","tag-ludwigsburg","tag-nachrichten","tag-news","tag-prozess","tag-raser-unfall","tag-schlagzeilen","tag-schuldspruch","tag-team-first","tag-texttospeech","tag-top-news","tag-top-meldungen","tag-topmeldungen","tag-topnews","tag-unfalltod"],"share_on_mastodon":{"url":"https:\/\/pubeurope.com\/@de\/116364572822545304","error":""},"_links":{"self":[{"href":"https:\/\/www.europesays.com\/de\/wp-json\/wp\/v2\/posts\/928206","targetHints":{"allow":["GET"]}}],"collection":[{"href":"https:\/\/www.europesays.com\/de\/wp-json\/wp\/v2\/posts"}],"about":[{"href":"https:\/\/www.europesays.com\/de\/wp-json\/wp\/v2\/types\/post"}],"author":[{"embeddable":true,"href":"https:\/\/www.europesays.com\/de\/wp-json\/wp\/v2\/users\/2"}],"replies":[{"embeddable":true,"href":"https:\/\/www.europesays.com\/de\/wp-json\/wp\/v2\/comments?post=928206"}],"version-history":[{"count":0,"href":"https:\/\/www.europesays.com\/de\/wp-json\/wp\/v2\/posts\/928206\/revisions"}],"wp:featuredmedia":[{"embeddable":true,"href":"https:\/\/www.europesays.com\/de\/wp-json\/wp\/v2\/media\/928207"}],"wp:attachment":[{"href":"https:\/\/www.europesays.com\/de\/wp-json\/wp\/v2\/media?parent=928206"}],"wp:term":[{"taxonomy":"category","embeddable":true,"href":"https:\/\/www.europesays.com\/de\/wp-json\/wp\/v2\/categories?post=928206"},{"taxonomy":"post_tag","embeddable":true,"href":"https:\/\/www.europesays.com\/de\/wp-json\/wp\/v2\/tags?post=928206"}],"curies":[{"name":"wp","href":"https:\/\/api.w.org\/{rel}","templated":true}]}}