{"id":928235,"date":"2026-04-07T17:36:43","date_gmt":"2026-04-07T17:36:43","guid":{"rendered":"https:\/\/www.europesays.com\/de\/928235\/"},"modified":"2026-04-07T17:36:43","modified_gmt":"2026-04-07T17:36:43","slug":"zeugen-einer-brandstiftung-gesucht-nw-de","status":"publish","type":"post","link":"https:\/\/www.europesays.com\/de\/928235\/","title":{"rendered":"Zeugen einer Brandstiftung gesucht | nw.de"},"content":{"rendered":"<p id=\"absatz1\" class=\"em_text\">Bielefeld (ots) &#8211; <br \/>FR \/ Bielefeld \/ Eckardtsheim &#8211; Die Polizei hat die Ermittlungen zu zwei Br\u00e4nden am Samstagabend, 04.04.2026, in Eckardtsheim aufgenommen. Die Polizei sucht Zeugen.<\/p>\n<p id=\"absatz2\" class=\"em_text\">Gegen 22:00 Uhr brannten mehrere M\u00fclltonnen und zwei Kleinkraftr\u00e4der im Behringweg. Durch den Brand wurden ein Renault Kadjar und eine Haust\u00fcr besch\u00e4digt. Bereits gegen 21:25 Uhr brannte ein M\u00fcllcontainer am L\u00f6fflerweg, unweit des Behringweg.<\/p>\n<p id=\"absatz4\" class=\"em_text\">Die Brandermittler der Kriminalpolizei Bielefeld gehen derzeit von einer vors\u00e4tzlichen Brandstiftung aus.<\/p>\n<p id=\"absatz5\" class=\"em_text\">Zeugen melden sich bitte mit Hinweisen zu den Br\u00e4nden oder zu tatverd\u00e4chtigen Personen beim Kriminalkommissariat 11 unter der 0521\/545-0.<\/p>\n<p id=\"absatz6\" class=\"em_text\">Quelle: <a href=\"https:\/\/www.presseportal.de\/blaulicht\/pm\/12522\/6250848\" rel=\"nofollow noopener\" target=\"_blank\">https:\/\/www.presseportal.de\/blaulicht\/pm\/12522\/6250848<\/a><\/p>\n","protected":false},"excerpt":{"rendered":"Bielefeld (ots) &#8211; FR \/ Bielefeld \/ Eckardtsheim &#8211; Die Polizei hat die Ermittlungen zu zwei Br\u00e4nden am&hellip;\n","protected":false},"author":2,"featured_media":215667,"comment_status":"","ping_status":"","sticky":false,"template":"","format":"standard","meta":{"footnotes":"","_share_on_mastodon":"0"},"categories":[1841],"tags":[202913,1605,4852,3364,29,67984,30,177,1209,176,121,20035],"class_list":["post-928235","post","type-post","status-publish","format-standard","has-post-thumbnail","category-bielefeld","tag-behringweg","tag-bielefeld","tag-brandstiftung","tag-de","tag-deutschland","tag-eckardtsheim","tag-germany","tag-kriminalitt","tag-nordrhein-westfalen","tag-nrw","tag-polizei","tag-serie_polizeibericht"],"share_on_mastodon":{"url":"https:\/\/pubeurope.com\/@de\/116364639386082475","error":""},"_links":{"self":[{"href":"https:\/\/www.europesays.com\/de\/wp-json\/wp\/v2\/posts\/928235","targetHints":{"allow":["GET"]}}],"collection":[{"href":"https:\/\/www.europesays.com\/de\/wp-json\/wp\/v2\/posts"}],"about":[{"href":"https:\/\/www.europesays.com\/de\/wp-json\/wp\/v2\/types\/post"}],"author":[{"embeddable":true,"href":"https:\/\/www.europesays.com\/de\/wp-json\/wp\/v2\/users\/2"}],"replies":[{"embeddable":true,"href":"https:\/\/www.europesays.com\/de\/wp-json\/wp\/v2\/comments?post=928235"}],"version-history":[{"count":0,"href":"https:\/\/www.europesays.com\/de\/wp-json\/wp\/v2\/posts\/928235\/revisions"}],"wp:featuredmedia":[{"embeddable":true,"href":"https:\/\/www.europesays.com\/de\/wp-json\/wp\/v2\/media\/215667"}],"wp:attachment":[{"href":"https:\/\/www.europesays.com\/de\/wp-json\/wp\/v2\/media?parent=928235"}],"wp:term":[{"taxonomy":"category","embeddable":true,"href":"https:\/\/www.europesays.com\/de\/wp-json\/wp\/v2\/categories?post=928235"},{"taxonomy":"post_tag","embeddable":true,"href":"https:\/\/www.europesays.com\/de\/wp-json\/wp\/v2\/tags?post=928235"}],"curies":[{"name":"wp","href":"https:\/\/api.w.org\/{rel}","templated":true}]}}