{"id":928362,"date":"2026-04-07T18:45:24","date_gmt":"2026-04-07T18:45:24","guid":{"rendered":"https:\/\/www.europesays.com\/de\/928362\/"},"modified":"2026-04-07T18:45:24","modified_gmt":"2026-04-07T18:45:24","slug":"angriff-auf-busfahrer-in-braunschweig-polizei-sucht-zeugen","status":"publish","type":"post","link":"https:\/\/www.europesays.com\/de\/928362\/","title":{"rendered":"Angriff auf Busfahrer in Braunschweig: Polizei sucht Zeugen"},"content":{"rendered":"<p>        <img decoding=\"async\" src=\"https:\/\/www.europesays.com\/de\/wp-content\/uploads\/2026\/03\/polizei5412.webp.webp\" alt=\"Ein Streifenwagen der Polizei nach Messerangriff in Wolfenb\u00fcttel als Symbolbild.\" title=\"Ein Streifenwagen der Polizei nach Messerangriff in Wolfenb\u00fcttel als Symbolbild. | NDR, Julius Matuschik\" class=\"responsive\"\/><\/p>\n<p>\n                Stand: 07.04.2026 13:37 Uhr<\/p>\n<p class=\"preface\">Die Polizei Braunschweig hat bisher keine neuen Erkenntnisse zum Angriff auf einen Busfahrer. Das teilte eine Sprecherin auf Anfrage von NDR Niedersachen am Dienstag mit. <\/p>\n<p class=\"\">Der Angriff hatte sich nach Polizeiangaben am 27. M\u00e4rz gegen 10.40 Uhr an der Haltestelle &#8222;Am J\u00f6debrunnen&#8220; ereignet. Laut Polizei machte der 56-J\u00e4hrige mit seinem Bus an der Haltestelle Pause und sa\u00df bei ge\u00f6ffnetem Fenster auf dem Fahrersitz. Pl\u00f6tzlich sei ein Mann an das Fahrzeug herangetreten und habe dem Fahrer unvermittelt mit der Faust ins Gesicht geschlagen. Anschlie\u00dfend sei der T\u00e4ter in Richtung einer gegen\u00fcberliegenden Stra\u00dfenbahnhaltestelle gefl\u00fcchtet. Der Busfahrer kam nach dem Angriff mit einem Rettungswagen ins Krankenhaus. Dort stellten die \u00c4rzte laut Polizei unter anderem einen Bruch in der linken Gesichtsh\u00e4lfte fest.<\/p>\n<p>    T\u00e4ter soll schwarze Jacke getragen haben<\/p>\n<p class=\"\">Der T\u00e4ter soll zwischen 40 und 50 Jahre alt sein und schwarze Haare haben. Bei dem Angriff soll er eine schwarze Jacke und blaue Jeans getragen haben. Die Polizei Braunschweig bittet m\u00f6gliche Zeugen, sich zu melden. Der Busfahrer m\u00f6chte sich zu dem Angriff \u00f6ffentlich nicht \u00e4u\u00dfern, wie die Braunschweiger Verkehrs-GmbH BSVG auf Nachfrage mitteilte.<\/p>\n","protected":false},"excerpt":{"rendered":"Stand: 07.04.2026 13:37 Uhr Die Polizei Braunschweig hat bisher keine neuen Erkenntnisse zum Angriff auf einen Busfahrer. Das&hellip;\n","protected":false},"author":2,"featured_media":916439,"comment_status":"","ping_status":"","sticky":false,"template":"","format":"standard","meta":{"footnotes":"","_share_on_mastodon":"0"},"categories":[1850],"tags":[16238,590,2140,6429,3364,29,548,663,3934,7142,30,13,14,15,1411,12],"class_list":["post-928362","post","type-post","status-publish","format-standard","has-post-thumbnail","category-braunschweig","tag-busfahrer","tag-aktuell","tag-angriff","tag-braunschweig","tag-de","tag-deutschland","tag-eu","tag-europa","tag-europe","tag-fahndung","tag-germany","tag-headlines","tag-nachrichten","tag-news","tag-niedersachsen","tag-schlagzeilen"],"share_on_mastodon":{"url":"https:\/\/pubeurope.com\/@de\/116364910796566078","error":""},"_links":{"self":[{"href":"https:\/\/www.europesays.com\/de\/wp-json\/wp\/v2\/posts\/928362","targetHints":{"allow":["GET"]}}],"collection":[{"href":"https:\/\/www.europesays.com\/de\/wp-json\/wp\/v2\/posts"}],"about":[{"href":"https:\/\/www.europesays.com\/de\/wp-json\/wp\/v2\/types\/post"}],"author":[{"embeddable":true,"href":"https:\/\/www.europesays.com\/de\/wp-json\/wp\/v2\/users\/2"}],"replies":[{"embeddable":true,"href":"https:\/\/www.europesays.com\/de\/wp-json\/wp\/v2\/comments?post=928362"}],"version-history":[{"count":0,"href":"https:\/\/www.europesays.com\/de\/wp-json\/wp\/v2\/posts\/928362\/revisions"}],"wp:featuredmedia":[{"embeddable":true,"href":"https:\/\/www.europesays.com\/de\/wp-json\/wp\/v2\/media\/916439"}],"wp:attachment":[{"href":"https:\/\/www.europesays.com\/de\/wp-json\/wp\/v2\/media?parent=928362"}],"wp:term":[{"taxonomy":"category","embeddable":true,"href":"https:\/\/www.europesays.com\/de\/wp-json\/wp\/v2\/categories?post=928362"},{"taxonomy":"post_tag","embeddable":true,"href":"https:\/\/www.europesays.com\/de\/wp-json\/wp\/v2\/tags?post=928362"}],"curies":[{"name":"wp","href":"https:\/\/api.w.org\/{rel}","templated":true}]}}