{"id":928530,"date":"2026-04-07T20:25:26","date_gmt":"2026-04-07T20:25:26","guid":{"rendered":"https:\/\/www.europesays.com\/de\/928530\/"},"modified":"2026-04-07T20:25:26","modified_gmt":"2026-04-07T20:25:26","slug":"ostereiersuche-der-caritas-in-castrop-ruiniert","status":"publish","type":"post","link":"https:\/\/www.europesays.com\/de\/928530\/","title":{"rendered":"Ostereiersuche der Caritas in Castrop ruiniert"},"content":{"rendered":"<p>\t\tUnbekannte ruinieren Ostereiersuche der Caritas<br \/>\n\t\t\t\t\t\u201eGro\u00dfe Entt\u00e4uschung f\u00fcr die Kinder\u201c<\/p>\n<p>\t\tvon <a href=\"https:\/\/www.ruhrnachrichten.de\/author\/johannes-wenzel\/\" rel=\"author nofollow noopener\" target=\"_blank\">Johannes Wenzel<\/a>, <a href=\"https:\/\/www.ruhrnachrichten.de\/author\/tewe-schefer\/\" rel=\"author nofollow noopener\" target=\"_blank\">Tewe Schefer<\/a>\t<\/p>\n<p>    <a href=\"https:\/\/www.ruhrnachrichten.de\/wp-content\/uploads\/2026\/04\/07\/15\/630_0900_6024139_-1617x824.jpg\" rel=\"nofollow noopener\" target=\"_blank\"><\/p>\n<p>            <img decoding=\"async\" fetchpriority=\"high\" src=\"https:\/\/www.europesays.com\/de\/wp-content\/uploads\/2026\/04\/630_0900_6024138_-640x428.jpg\" width=\"640\" height=\"428\"  alt=\"Wiltrud Ziegenfu\u00df, Fachdienstleiterin f\u00fcr die Tagesgruppe und flexible ambulante Erziehungshilfen bei der Caritas Castrop-Rauxel, bereitete eine Ostereier-Suche vor.\"\/><\/p>\n<p>    <\/a><br \/>\n    \u201eF\u00fcr die Kinder war das schon eine gro\u00dfe Entt\u00e4uschung\u201c, sagt Wiltrud Ziegenfu\u00df, Fachdienstleiterin f\u00fcr die Tagesgruppe und flexible ambulante Erziehungshilfen bei der Caritas Castrop-Rauxel. \u00a9 dpa \/ Caritas (Montage: Wenzel)<\/p>\n<p class=\"article__teaser-text\">Die Ostereiersuche der Caritas Castrop-Rauxel ist geplatzt: Innerhalb einer halben Stunde pl\u00fcnderten Unbekannte die Verstecke im Stadtgarten.<\/p>\n<p>2 Min Lesezeit<\/p>\n<p>Hinweisschilder f\u00fcr HundehalterAktion soll weiter stattfinden<\/p>\n","protected":false},"excerpt":{"rendered":"Unbekannte ruinieren Ostereiersuche der Caritas \u201eGro\u00dfe Entt\u00e4uschung f\u00fcr die Kinder\u201c von Johannes Wenzel, Tewe Schefer \u201eF\u00fcr die Kinder&hellip;\n","protected":false},"author":2,"featured_media":928531,"comment_status":"","ping_status":"","sticky":false,"template":"","format":"standard","meta":{"footnotes":"","_share_on_mastodon":"0"},"categories":[1839],"tags":[7507,3364,29,7754,30,2456,1209],"class_list":["post-928530","post","type-post","status-publish","format-standard","has-post-thumbnail","category-bochum","tag-bochum","tag-de","tag-deutschland","tag-familie-kinder","tag-germany","tag-gruendonnerstag","tag-nordrhein-westfalen"],"share_on_mastodon":{"url":"https:\/\/pubeurope.com\/@de\/116365304741394551","error":""},"_links":{"self":[{"href":"https:\/\/www.europesays.com\/de\/wp-json\/wp\/v2\/posts\/928530","targetHints":{"allow":["GET"]}}],"collection":[{"href":"https:\/\/www.europesays.com\/de\/wp-json\/wp\/v2\/posts"}],"about":[{"href":"https:\/\/www.europesays.com\/de\/wp-json\/wp\/v2\/types\/post"}],"author":[{"embeddable":true,"href":"https:\/\/www.europesays.com\/de\/wp-json\/wp\/v2\/users\/2"}],"replies":[{"embeddable":true,"href":"https:\/\/www.europesays.com\/de\/wp-json\/wp\/v2\/comments?post=928530"}],"version-history":[{"count":0,"href":"https:\/\/www.europesays.com\/de\/wp-json\/wp\/v2\/posts\/928530\/revisions"}],"wp:featuredmedia":[{"embeddable":true,"href":"https:\/\/www.europesays.com\/de\/wp-json\/wp\/v2\/media\/928531"}],"wp:attachment":[{"href":"https:\/\/www.europesays.com\/de\/wp-json\/wp\/v2\/media?parent=928530"}],"wp:term":[{"taxonomy":"category","embeddable":true,"href":"https:\/\/www.europesays.com\/de\/wp-json\/wp\/v2\/categories?post=928530"},{"taxonomy":"post_tag","embeddable":true,"href":"https:\/\/www.europesays.com\/de\/wp-json\/wp\/v2\/tags?post=928530"}],"curies":[{"name":"wp","href":"https:\/\/api.w.org\/{rel}","templated":true}]}}