{"id":928592,"date":"2026-04-07T21:03:21","date_gmt":"2026-04-07T21:03:21","guid":{"rendered":"https:\/\/www.europesays.com\/de\/928592\/"},"modified":"2026-04-07T21:03:21","modified_gmt":"2026-04-07T21:03:21","slug":"laserstrahl-auf-flugzeug-gefaehrlicher-laser-einsatz-us-army-maschine-im-anflug-auf-stuttgart-geblendet","status":"publish","type":"post","link":"https:\/\/www.europesays.com\/de\/928592\/","title":{"rendered":"Laserstrahl auf Flugzeug: Gef\u00e4hrlicher Laser-Einsatz: US-Army-Maschine im Anflug auf Stuttgart geblendet"},"content":{"rendered":"<p>\t\t\t\t\t\t\t\t\t\t\t\t\t\t\t\t\t\t\t\t\t\t\t\t\t\t\t\t      \t\t            \t\t             \t\t\t\t   \t\t\t\t\t   <img decoding=\"async\" id=\"article-image\" fetchpriority=\"high\" alt=\"Laserstrahl auf Flugzeug: Gef\u00e4hrlicher Laser-Einsatz: US-Army-Maschine im Anflug auf Stuttgart geblendet\" title=\"Laserstrahl auf Flugzeug: Gef\u00e4hrlicher Laser-Einsatz: US-Army-Maschine im Anflug auf Stuttgart geblendet\" src=\"https:\/\/www.europesays.com\/de\/wp-content\/uploads\/2026\/04\/media.media.e6e22fa3-9a03-4d36-ad88-96d92517a7fb.16x9_700.jpg\" data-linkto=\"https:\/\/www.stuttgarter-nachrichten.de\/javascript:void(0);\"\/>\t\t\t\t\t\t\t\t\t\t\t\t\t\t\t\t\t\t\t\t\t\t\t\tLaut Ermittlungen der Polizei soll der Laserstrahl aus dem Bereich Pl\u00fcderhausen gekommen sein (Symbolfoto).\u00a0Foto: IMAGO\/Pond5 Images\t\t\t<\/p>\n<p>Ein Laser hat in der Nacht auf Mittwoch die Piloten einer Passagiermaschine der US Army im Anflug auf Stuttgart geblendet. Die Polizei ermittelt.<\/p>\n<p>Ein gef\u00e4hrlicher Zwischenfall im Luftraum \u00fcber Baden-W\u00fcrttemberg: Unbekannte haben eine kleinere Passagiermaschine der US Army beim Landeanflug auf <a href=\"https:\/\/www.stuttgarter-nachrichten.de\/thema\/Stuttgart\" title=\"Stuttgart\" class=\"art_thema\" rel=\"nofollow noopener\" target=\"_blank\">Stuttgart<\/a> mit einem Laserstrahl geblendet. <\/p>\n<p>Der Vorfall ereignete sich in der Nacht auf Mittwoch, 1. April, gegen 0.10 Uhr. Nach Angaben der Polizei wurde die Maschine w\u00e4hrend des Anflugs auf den <a href=\"https:\/\/www.stuttgarter-nachrichten.de\/thema\/Flughafen\" title=\"Flughafen\" class=\"art_thema\" rel=\"nofollow noopener\" target=\"_blank\">Flughafen<\/a> Stuttgart pl\u00f6tzlich von einem Laserstrahl getroffen. Solche Angriffe gelten als gef\u00e4hrlicher Eingriff in den Luftverkehr, da sie Piloten erheblich beeintr\u00e4chtigen k\u00f6nnen.<\/p>\n<p>Laserstrahl aus <a href=\"https:\/\/www.stuttgarter-nachrichten.de\/thema\/Pl%C3%BCderhausen\" title=\"Pl\u00fcderhausen\" class=\"art_thema\" rel=\"nofollow noopener\" target=\"_blank\">Pl\u00fcderhausen<\/a>: Fahndung ohne Erfolg <\/p>\n<p>Ermittlungen ergaben, dass der Laserstrahl aus dem Bereich Pl\u00fcderhausen (<a href=\"https:\/\/www.stuttgarter-nachrichten.de\/region\/rems-murr-kreis\" target=\"_blank\" rel=\"nofollow noopener\">Rems-Murr-Kreis<\/a>) gekommen sein soll. Eine sofort eingeleitete Fahndung blieb jedoch ohne Erfolg.<\/p>\n<p>Der Polizeiposten Pl\u00fcderhausen hat die Ermittlungen aufgenommen und bittet Zeugen, die Hinweise auf den Verursacher geben k\u00f6nnen, sich unter der Telefonnummer 07181\/ 81344 zu melden. <\/p>\n","protected":false},"excerpt":{"rendered":"Laut Ermittlungen der Polizei soll der Laserstrahl aus dem Bereich Pl\u00fcderhausen gekommen sein (Symbolfoto).\u00a0Foto: IMAGO\/Pond5 Images Ein Laser&hellip;\n","protected":false},"author":2,"featured_media":928593,"comment_status":"","ping_status":"","sticky":false,"template":"","format":"standard","meta":{"footnotes":"","_share_on_mastodon":"0"},"categories":[1830],"tags":[1634,3364,29,2109,30,168139,3440,1441,813],"class_list":["post-928592","post","type-post","status-publish","format-standard","has-post-thumbnail","category-stuttgart","tag-baden-wuerttemberg","tag-de","tag-deutschland","tag-flughafen","tag-germany","tag-pluederhausen","tag-polizeibericht-region-stuttgart","tag-stuttgart","tag-us-army"],"share_on_mastodon":{"url":"https:\/\/pubeurope.com\/@de\/116365453578743539","error":""},"_links":{"self":[{"href":"https:\/\/www.europesays.com\/de\/wp-json\/wp\/v2\/posts\/928592","targetHints":{"allow":["GET"]}}],"collection":[{"href":"https:\/\/www.europesays.com\/de\/wp-json\/wp\/v2\/posts"}],"about":[{"href":"https:\/\/www.europesays.com\/de\/wp-json\/wp\/v2\/types\/post"}],"author":[{"embeddable":true,"href":"https:\/\/www.europesays.com\/de\/wp-json\/wp\/v2\/users\/2"}],"replies":[{"embeddable":true,"href":"https:\/\/www.europesays.com\/de\/wp-json\/wp\/v2\/comments?post=928592"}],"version-history":[{"count":0,"href":"https:\/\/www.europesays.com\/de\/wp-json\/wp\/v2\/posts\/928592\/revisions"}],"wp:featuredmedia":[{"embeddable":true,"href":"https:\/\/www.europesays.com\/de\/wp-json\/wp\/v2\/media\/928593"}],"wp:attachment":[{"href":"https:\/\/www.europesays.com\/de\/wp-json\/wp\/v2\/media?parent=928592"}],"wp:term":[{"taxonomy":"category","embeddable":true,"href":"https:\/\/www.europesays.com\/de\/wp-json\/wp\/v2\/categories?post=928592"},{"taxonomy":"post_tag","embeddable":true,"href":"https:\/\/www.europesays.com\/de\/wp-json\/wp\/v2\/tags?post=928592"}],"curies":[{"name":"wp","href":"https:\/\/api.w.org\/{rel}","templated":true}]}}