{"id":928647,"date":"2026-04-07T21:34:30","date_gmt":"2026-04-07T21:34:30","guid":{"rendered":"https:\/\/www.europesays.com\/de\/928647\/"},"modified":"2026-04-07T21:34:30","modified_gmt":"2026-04-07T21:34:30","slug":"polizei-zieht-bilanz-nach-car-freitag","status":"publish","type":"post","link":"https:\/\/www.europesays.com\/de\/928647\/","title":{"rendered":"Polizei zieht Bilanz nach &#8222;Car-Freitag&#8220;"},"content":{"rendered":"<p>Osterwochenende in Aachen <\/p>\n<p>Polizei zieht Bilanz nach &#8222;Car-Freitag&#8220;: Verfolgungsjagd und Raser<\/p>\n<p>07.04.2026 &#8211; 17:52 UhrLesedauer: 2 Min.<\/p>\n<p><a href=\"#focus-0\" class=\"transition-colors duration-200 block text-current relative\" data-sctrack=\"FocusGalleryImage.Reference\"><img fetchpriority=\"high\" data-testid=\"Opener.Image\" style=\"--lqipURL:url('https:\/\/images.t-online.de\/2025\/11\/16graNIFIyNr\/0x27:2048x1152\/fit-in\/150x0\/filters:blur(25)\/etliche-teilnehmer-des-tuning-treffens-sollen-die-eintreffende-polizei-angegriffen-haben-symbolbild.jpg')\"   loading=\"eager\" src=\"https:\/\/www.europesays.com\/de\/wp-content\/uploads\/2026\/04\/etliche-teilnehmer-des-tuning-treffens-sollen-die-eintreffende-polizei-angegriffen-haben-symbolbild..jpeg\" alt=\"Treffen der Tuning-Szene\" title=\"Treffen der Tuning-Szene\" width=\"2048\" height=\"1152\" class=\"bg-[url:var(--lqipURL)] bg-cover bg-center flex h-full w-full max-w-full\" decoding=\"async\"\/><img style=\"--width:32;--height:32\" loading=\"lazy\" src=\"https:\/\/www.t-online.de\/s\/paper\/_next\/static\/media\/zoom-in.f7dae02f.svg\" alt=\"Vergr\u00f6\u00dfern des Bildes\" title=\"Vergr\u00f6\u00dfern des Bildes\" class=\"block h-[calc(var(--height)_\/_16_*_1rem)] w-[calc(var(--width)_\/_16_*_1rem)] max-w-none absolute bottom-8 right-8 rounded-4 bg-snow p-8\" decoding=\"async\"\/><\/a><\/p>\n<p>Rasendes Auto bei Nacht (Symboldbild): \u00dcber die Ostertage gab es verst\u00e4rkte Kontrollen in der Region (Quelle: Julian Stratenschulte\/dpa\/dpa-bilder)<\/p>\n<p class=\"font-bold text-18 leading-17 user-text-lg:text-22 user-text-xl:text-24\">Die Polizei Aachen kontrollierte zum &#8222;Car-Friday&#8220; verst\u00e4rkt in der Region. Dabei kommt es zu einer Verfolgungsfahrt und zahlreichen Verst\u00f6\u00dfen.<\/p>\n<p class=\"text-18 leading-17 user-text-lg:text-22 user-text-xl:text-24\">Die Polizei Aachen hat am Karfreitag und \u00fcber das Osterwochenende verst\u00e4rkt in der St\u00e4dteregion kontrolliert. Dabei stellte sie mehrere Verst\u00f6\u00dfe fest und verfolgte ein Auto mit gestohlenen Kennzeichen.<\/p>\n<p class=\"text-18 leading-17 user-text-lg:text-22 user-text-xl:text-24\">Am Karfreitag (3. April) beteiligte sich die Aachener Polizei an den landesweiten Kontrollma\u00dfnahmen zum sogenannten &#8222;Car-Friday&#8220;. Gr\u00f6\u00dfere Tuningtreffen blieben dabei aus, der Tag verlief ruhig, so die Polizei. Am Blausteinsee in Eschweiler trafen Beamte nach Angaben der Polizei allerdings etwa 30 Personen mit Fahrzeugen an.<\/p>\n<p class=\"text-18 leading-17 user-text-lg:text-22 user-text-xl:text-24\">In der Schenkendorfstra\u00dfe in Aachen kam es zudem zu einer Verfolgungsfahrt. Ein Fahrzeug sollte kontrolliert werden, weil dessen Kennzeichen nach Angaben der Polizei als gestohlen gemeldet waren. Fahrer und Beifahrerin wurden wenig sp\u00e4ter im Bereich Gr\u00fcntal gestellt. In Alsdorf soll ein Mann ohne Fahrerlaubnis ein Auto gefahren sein, wie die Polizei mitteilte.<\/p>\n<p class=\"text-18 leading-17 user-text-lg:text-22 user-text-xl:text-24\">Am Ostermontag (6. April) verstie\u00dfen 55 Motorradfahrer gegen das Streckenverbot auf der L128 in Simmerath-Steckenborn. Die Polizei erhob entsprechende Verwarngelder. Bei Geschwindigkeitskontrollen auf der L128 ma\u00df sie 487 Fahrzeuge und registrierten die Beamten sechs Verst\u00f6\u00dfe bei erlaubten 70 km\/h. Die h\u00f6chste gemessene Geschwindigkeit lag bei 90 km\/h.<\/p>\n<p class=\"text-18 leading-17 user-text-lg:text-22 user-text-xl:text-24\">Auf der Hahner Stra\u00dfe kontrollierte die Polizei 428 Fahrzeuge und stellte 35 Verst\u00f6\u00dfe fest. Ein Autofahrer war mit 143 km\/h bei erlaubten 70 km\/h unterwegs. Die Polizei fertigte eine Strafanzeige wegen Versto\u00dfes gegen das Pflichtversicherungsgesetz an.<\/p>\n<p class=\"text-18 leading-17 user-text-lg:text-22 user-text-xl:text-24\">Die Bilanz des Karfreitags: Die Polizei erhob 77 Verwarngelder und fertigte neun Ordnungswidrigkeitsanzeigen. Sie schrieb elf Strafanzeigen wegen Verkehrsvergehen und stellte zwei Fahrzeuge sicher.<\/p>\n","protected":false},"excerpt":{"rendered":"Osterwochenende in Aachen Polizei zieht Bilanz nach &#8222;Car-Freitag&#8220;: Verfolgungsjagd und Raser 07.04.2026 &#8211; 17:52 UhrLesedauer: 2 Min. Rasendes&hellip;\n","protected":false},"author":2,"featured_media":928648,"comment_status":"","ping_status":"","sticky":false,"template":"","format":"standard","meta":{"footnotes":"","_share_on_mastodon":"0"},"categories":[1853],"tags":[24611,722,17161,1424,513,74227,3364,29,9059,548,663,3934,514,30,13,643,14,15,1209,8984,121,12,40],"class_list":["post-928647","post","type-post","status-publish","format-standard","has-post-thumbnail","category-aachen","tag-verfolgungsfahrt","tag-722","tag-17161","tag-aachen","tag-auto","tag-blausteinsee","tag-de","tag-deutschland","tag-eschweiler","tag-eu","tag-europa","tag-europe","tag-fahrzeug","tag-germany","tag-headlines","tag-karfreitag","tag-nachrichten","tag-news","tag-nordrhein-westfalen","tag-osterwochenende","tag-polizei","tag-schlagzeilen","tag-verfolgungsjagd"],"share_on_mastodon":{"url":"https:\/\/pubeurope.com\/@de\/116365575382688370","error":""},"_links":{"self":[{"href":"https:\/\/www.europesays.com\/de\/wp-json\/wp\/v2\/posts\/928647","targetHints":{"allow":["GET"]}}],"collection":[{"href":"https:\/\/www.europesays.com\/de\/wp-json\/wp\/v2\/posts"}],"about":[{"href":"https:\/\/www.europesays.com\/de\/wp-json\/wp\/v2\/types\/post"}],"author":[{"embeddable":true,"href":"https:\/\/www.europesays.com\/de\/wp-json\/wp\/v2\/users\/2"}],"replies":[{"embeddable":true,"href":"https:\/\/www.europesays.com\/de\/wp-json\/wp\/v2\/comments?post=928647"}],"version-history":[{"count":0,"href":"https:\/\/www.europesays.com\/de\/wp-json\/wp\/v2\/posts\/928647\/revisions"}],"wp:featuredmedia":[{"embeddable":true,"href":"https:\/\/www.europesays.com\/de\/wp-json\/wp\/v2\/media\/928648"}],"wp:attachment":[{"href":"https:\/\/www.europesays.com\/de\/wp-json\/wp\/v2\/media?parent=928647"}],"wp:term":[{"taxonomy":"category","embeddable":true,"href":"https:\/\/www.europesays.com\/de\/wp-json\/wp\/v2\/categories?post=928647"},{"taxonomy":"post_tag","embeddable":true,"href":"https:\/\/www.europesays.com\/de\/wp-json\/wp\/v2\/tags?post=928647"}],"curies":[{"name":"wp","href":"https:\/\/api.w.org\/{rel}","templated":true}]}}