{"id":928951,"date":"2026-04-08T00:26:18","date_gmt":"2026-04-08T00:26:18","guid":{"rendered":"https:\/\/www.europesays.com\/de\/928951\/"},"modified":"2026-04-08T00:26:18","modified_gmt":"2026-04-08T00:26:18","slug":"ludwigshafen-schwerer-unfall-in-der-erbachstrasse","status":"publish","type":"post","link":"https:\/\/www.europesays.com\/de\/928951\/","title":{"rendered":"Ludwigshafen \u2013 Schwerer Unfall in der Erbachstra\u00dfe"},"content":{"rendered":"<p><img loading=\"lazy\" decoding=\"async\" src=\"https:\/\/www.europesays.com\/de\/wp-content\/uploads\/2026\/04\/Unfall-Erbachstrasse.jpg\" alt=\"Unfall Erbachstra\u00dfe\" width=\"1219\" height=\"819\" class=\"alignnone size-full wp-image-632775\"  \/>Ludwigshafen \/ Metropolregion Rhein-Neckar \u2013 In der Erbachstra\u00dfe in Ludwigshafen kam es am heutigen Tag zu einem schweren Verkehrsunfall mit erheblichen Sachsch\u00e4den. Der mutma\u00dfliche Unfallverursacher fl\u00fcchtete anschlie\u00dfend vom Unfallort.<\/p>\n<p>Nach ersten Informationen verlor ein Pkw-Fahrer aus bislang ungekl\u00e4rter Ursache die Kontrolle \u00fcber sein Fahrzeug und prallte gegen ein geparktes Auto. Durch die Wucht des Aufpralls wurde dieses \u00fcber die Fahrbahn geschleudert und in den Zaun einer gegen\u00fcberliegenden Gartenanlage gedr\u00fcckt. Sowohl das Fahrzeug als auch der Zaun wurden dabei erheblich besch\u00e4digt.<\/p>\n<p>Das Fahrzeug des Unfallverursachers kam ebenfalls von der Fahrbahn ab, schleuderte in ein angrenzendes Betriebsgel\u00e4nde und blieb schlie\u00dflich in einem Begrenzungszaun stehen.<\/p>\n<p>Der Fahrer entfernte sich zun\u00e4chst vom Unfallort, konnte jedoch kurz darauf festgestellt werden Sein Beifahrer wurde vom Rettungsdienst medizinisch versorgt. Angaben zur Schwere der Verletzungen liegen derzeit noch nicht vor.<\/p>\n<p>Zur genauen Unfallursache gibt es bislang keine gesicherten Erkenntnisse. Die Polizei hat die Ermittlungen aufgenommen.<\/p>\n<p>Quelle: MRN-News wird nachberichten.<\/p>\n<p class=\"post-modified-info\">Zuletzt aktualisiert am 7. April 2026, 21:30<\/p>\n","protected":false},"excerpt":{"rendered":"Ludwigshafen \/ Metropolregion Rhein-Neckar \u2013 In der Erbachstra\u00dfe in Ludwigshafen kam es am heutigen Tag zu einem schweren&hellip;\n","protected":false},"author":2,"featured_media":928952,"comment_status":"","ping_status":"","sticky":false,"template":"","format":"standard","meta":{"footnotes":"","_share_on_mastodon":"0"},"categories":[1845],"tags":[4067,1634,3364,29,548,663,3934,9920,4731,30,13,259,11532,25476,2096,25488,25489,81901,14,14480,15,1892,121,3906,5206,28951,12,31052,1284,15133,3260],"class_list":["post-928951","post","type-post","status-publish","format-standard","has-post-thumbnail","category-mannheim","tag-ermittlungen","tag-baden-wuerttemberg","tag-de","tag-deutschland","tag-eu","tag-europa","tag-europe","tag-fahrbahn","tag-fahrer","tag-germany","tag-headlines","tag-informationen","tag-kontrolle","tag-ludwigshafen","tag-mannheim","tag-metropolregion","tag-metropolregion-rhein-neckar","tag-mrn-news","tag-nachrichten","tag-neckar","tag-news","tag-pkw","tag-polizei","tag-rettungsdienst","tag-rhein","tag-rhein-neckar","tag-schlagzeilen","tag-schwerer-unfall","tag-unfall","tag-ursache","tag-verkehrsunfall"],"share_on_mastodon":{"url":"https:\/\/pubeurope.com\/@de\/116366251745126891","error":""},"_links":{"self":[{"href":"https:\/\/www.europesays.com\/de\/wp-json\/wp\/v2\/posts\/928951","targetHints":{"allow":["GET"]}}],"collection":[{"href":"https:\/\/www.europesays.com\/de\/wp-json\/wp\/v2\/posts"}],"about":[{"href":"https:\/\/www.europesays.com\/de\/wp-json\/wp\/v2\/types\/post"}],"author":[{"embeddable":true,"href":"https:\/\/www.europesays.com\/de\/wp-json\/wp\/v2\/users\/2"}],"replies":[{"embeddable":true,"href":"https:\/\/www.europesays.com\/de\/wp-json\/wp\/v2\/comments?post=928951"}],"version-history":[{"count":0,"href":"https:\/\/www.europesays.com\/de\/wp-json\/wp\/v2\/posts\/928951\/revisions"}],"wp:featuredmedia":[{"embeddable":true,"href":"https:\/\/www.europesays.com\/de\/wp-json\/wp\/v2\/media\/928952"}],"wp:attachment":[{"href":"https:\/\/www.europesays.com\/de\/wp-json\/wp\/v2\/media?parent=928951"}],"wp:term":[{"taxonomy":"category","embeddable":true,"href":"https:\/\/www.europesays.com\/de\/wp-json\/wp\/v2\/categories?post=928951"},{"taxonomy":"post_tag","embeddable":true,"href":"https:\/\/www.europesays.com\/de\/wp-json\/wp\/v2\/tags?post=928951"}],"curies":[{"name":"wp","href":"https:\/\/api.w.org\/{rel}","templated":true}]}}