{"id":929445,"date":"2026-04-08T05:14:14","date_gmt":"2026-04-08T05:14:14","guid":{"rendered":"https:\/\/www.europesays.com\/de\/929445\/"},"modified":"2026-04-08T05:14:14","modified_gmt":"2026-04-08T05:14:14","slug":"leben-in-fellbach-wohin-gehoert-das-lindle-unterwegs-mit-einem-jungen-anwohner-nachrichten-aus-fellbach","status":"publish","type":"post","link":"https:\/\/www.europesays.com\/de\/929445\/","title":{"rendered":"Leben in Fellbach: Wohin geh\u00f6rt das Lindle? Unterwegs mit einem jungen Anwohner &#8211; Nachrichten aus Fellbach"},"content":{"rendered":"<p><strong>Fellbach. <\/strong> Irgendwo zwischen den Haltestellen Beskidenstra\u00dfe und H\u00f6henstra\u00dfe h\u00e4ngt ein Schild. Es verweist auf einen Ort, der f\u00fcr Au\u00dfenstehende manchmal ein bisschen schwer einzuordnen ist: Die Siedlung Lindle. Der Stadtteil geh\u00f6rt eigentlich zu Fellbach  und grenzt an Stuttgart-Bad Cannstatt. F\u00fcr manche Fellbacher geh\u00f6ren die Lindle-Bewohner offenbar nicht richtig dazu. Luis Widmann ist im Lindle aufgewachsen und erkl\u00e4rt, wie das mit dem Zugeh\u00f6rigkeitsgef\u00fchl so<\/p>\n","protected":false},"excerpt":{"rendered":"Fellbach. Irgendwo zwischen den Haltestellen Beskidenstra\u00dfe und H\u00f6henstra\u00dfe h\u00e4ngt ein Schild. Es verweist auf einen Ort, der f\u00fcr&hellip;\n","protected":false},"author":2,"featured_media":929446,"comment_status":"","ping_status":"","sticky":false,"template":"","format":"standard","meta":{"footnotes":"","_share_on_mastodon":"0"},"categories":[1830],"tags":[11421,1634,3364,29,6725,203110,30,2989,203111,203112,159011,203113,186058,80543,25120,24010,203114,47359,203115,1441,203116],"class_list":["post-929445","post","type-post","status-publish","format-standard","has-post-thumbnail","category-stuttgart","tag-bad-cannstatt","tag-baden-wuerttemberg","tag-de","tag-deutschland","tag-fellbach","tag-fellbach-geschichte","tag-germany","tag-geschichte","tag-johannes-brenz-kirche","tag-leben-in-fellbach","tag-lindle","tag-luis-widmann","tag-menschen-in-fellbach","tag-oeffingen","tag-schmiden","tag-siedlung","tag-siedlung-lindle","tag-siedlungen","tag-stadtteile-fellbach","tag-stuttgart","tag-wohnen-in-fellbach"],"share_on_mastodon":{"url":"https:\/\/pubeurope.com\/@de\/116367384099469868","error":""},"_links":{"self":[{"href":"https:\/\/www.europesays.com\/de\/wp-json\/wp\/v2\/posts\/929445","targetHints":{"allow":["GET"]}}],"collection":[{"href":"https:\/\/www.europesays.com\/de\/wp-json\/wp\/v2\/posts"}],"about":[{"href":"https:\/\/www.europesays.com\/de\/wp-json\/wp\/v2\/types\/post"}],"author":[{"embeddable":true,"href":"https:\/\/www.europesays.com\/de\/wp-json\/wp\/v2\/users\/2"}],"replies":[{"embeddable":true,"href":"https:\/\/www.europesays.com\/de\/wp-json\/wp\/v2\/comments?post=929445"}],"version-history":[{"count":0,"href":"https:\/\/www.europesays.com\/de\/wp-json\/wp\/v2\/posts\/929445\/revisions"}],"wp:featuredmedia":[{"embeddable":true,"href":"https:\/\/www.europesays.com\/de\/wp-json\/wp\/v2\/media\/929446"}],"wp:attachment":[{"href":"https:\/\/www.europesays.com\/de\/wp-json\/wp\/v2\/media?parent=929445"}],"wp:term":[{"taxonomy":"category","embeddable":true,"href":"https:\/\/www.europesays.com\/de\/wp-json\/wp\/v2\/categories?post=929445"},{"taxonomy":"post_tag","embeddable":true,"href":"https:\/\/www.europesays.com\/de\/wp-json\/wp\/v2\/tags?post=929445"}],"curies":[{"name":"wp","href":"https:\/\/api.w.org\/{rel}","templated":true}]}}