{"id":929581,"date":"2026-04-08T06:32:23","date_gmt":"2026-04-08T06:32:23","guid":{"rendered":"https:\/\/www.europesays.com\/de\/929581\/"},"modified":"2026-04-08T06:32:23","modified_gmt":"2026-04-08T06:32:23","slug":"auch-fuer-zerfahrene-waldwege-hat-leipzig-kein-geld-video-%c2%b7-leipziger-zeitung","status":"publish","type":"post","link":"https:\/\/www.europesays.com\/de\/929581\/","title":{"rendered":"Auch f\u00fcr zerfahrene Waldwege hat Leipzig kein Geld + Video \u00b7 Leipziger Zeitung"},"content":{"rendered":"<p>Immer wieder waren die zerfahrenen Waldwege im Leipziger Stadtwald in der vergangenen Zeit Thema im Leipziger Stadtrat. Nicht nur, weil sie sich im Herbst in Schlammpisten verwandeln, sondern auch, weil sie oft so \u00fcbernutzt sind, dass die Fu\u00dfg\u00e4nger und Radfahrer immer weiter ins Gr\u00fcn rechts und links der Wege ausweichen. Die Wege werden immer breiter. Da muss doch was passieren, fand der Stadtbezirksbeirat Mitte und reichte schon im Januar 2025 einen entsprechenden Antrag ein, der am 25. M\u00e4rz endlich in der Ratsversammlung aufschlug.<\/p>\n<p>Thoma N\u00f6rlich (SPD), Stadtbezirksbeiratsmitglied in Mitte, begr\u00fcndete das Anliegen, das sich insbesondere auf die Waldwege im nordwestlichen Teil des Rosentals bezog.<img decoding=\"async\" src=\"https:\/\/www.europesays.com\/de\/wp-content\/uploads\/2026\/04\/99b136bc0821474ea11b44718253fee6.gif\" width=\"https:\/\/www.l-iz.de\/politik\/brennpunkt\/2026\/04\/1\" height=\"https:\/\/www.l-iz.de\/politik\/brennpunkt\/2026\/04\/1\" alt=\"\"\/><\/p>\n<p>\u201eBei den Wegeverbindungen n\u00f6rdlich des Marienweges in Richtung Parthe, sowie dem Parallelweg entlang des Elsterm\u00fcndungsgrabens handelt es sich um ein verzweigtes Waldwegesystem, dessen derzeitige Beschaffenheit teilweise au\u00dferordentlich schlecht ist. Nach Regen sind die Wege aufgrund der Schlammbildung teilweise f\u00fcr Fu\u00dfg\u00e4nger und Radfahrer kaum zu nutzen\u201c, <a href=\"http:\/\/ratsinformation.leipzig.de\/allris_leipzig_public\/vo020?VOLFDNR=2020990&amp;refresh=false&amp;TOLFDNR=2191986\" target=\"_blank\" rel=\"noopener nofollow\">hatte der SBB Mitte in seinem Antrag festgestellt<\/a>.<\/p>\n<p>\u201eVorrangig handelt es sich um sandgeschl\u00e4mmte Wegeoberfl\u00e4chen oder solche aus verdichtetem Naturboden. Durch langj\u00e4hrige Nutzung und witterungsbedingte Sch\u00e4den gen\u00fcgen die Wege nicht mehr den Anspr\u00fcchen von Erholungssuchenden.\u201c<\/p>\n<p><a href=\"https:\/\/www.europesays.com\/de\/wp-content\/uploads\/2026\/04\/rosental.jpg\"><img loading=\"lazy\" decoding=\"async\" class=\"wp-image-653185 size-full\" src=\"https:\/\/www.europesays.com\/de\/wp-content\/uploads\/2026\/04\/rosental.jpg\" alt=\"Waldweg im Rosental. Foto: Ralf Julke\" width=\"2250\" height=\"1500\"  \/><\/a>Waldweg im Rosental. Foto: Ralf Julke<\/p>\n<p>Eigentlich, so w\u00fcnschte sich der Stadtbezirksbeirat, w\u00fcrden einfache Reparaturen am Weg die Lagen schon entspannen. Auch wenn er gleich mal 520.000 Euro zur Instandsetzung dieser Wege beantragte. Geld, das im Leipziger Haushalt nicht zu finden ist und wohl auf Jahre hin nicht aufzutreiben sein wird.<\/p>\n<p>Eine Tatsache, die N\u00f6rlich zu w\u00fcrdigen wei\u00df und die durchaus angebrachte Frage aufwarf, wie das mit den immer mehr zerfahrenen Waldwegen weitergehen soll, wenn schon in den zur\u00fcckliegenden \u201efetten Jahren\u201c kein Geld f\u00fcr die Instandsetzung der Wege vorhanden war.<\/p>\n<p>Wenn Waldwege auch Radverbindungen sind<\/p>\n<p>Es war SPD-Stadtrat Andreas Geisler, der am 25. M\u00e4rz darauf hinwies, dass in den letzten f\u00fcnf Jahren alle Vorst\u00f6\u00dfe aus dem Stadtrat, die Probleme der Waldwedge in den Griff zu bekommen, gescheitert seien. Was auch daran liegt, dass sie nicht zum offiziellen Rad- und Fu\u00dfwegenetz der Stadt geh\u00f6ren, also im Radverkehrsentwicklungsplan genauso wenig vorkommen wie im Fu\u00dfverkehrsentwicklungsplan, der noch aussteht.<\/p>\n<p>Sie unterstehen damit auch nicht dem Baudezernat, das hier f\u00fcr Ausbesserungen zust\u00e4ndig w\u00e4re, sondern dem Umweltdezernat. Und dort h\u00e4lt man sich nat\u00fcrlich zur\u00fcck, wenn es um die Waldwege geht.<\/p>\n<p><a href=\"https:\/\/www.europesays.com\/de\/wp-content\/uploads\/2026\/04\/Stadtrat-Andreas_Geisler-SPD-00000808.jpg\"><img loading=\"lazy\" decoding=\"async\" class=\"wp-image-652018 size-full\" src=\"https:\/\/www.europesays.com\/de\/wp-content\/uploads\/2026\/04\/Stadtrat-Andreas_Geisler-SPD-00000808.jpg\" alt=\"Herr Andreas Geisler (SPD) im Leipziger Stadtrat am 25.03.2026. Foto: Jan Kaefer\" width=\"5472\" height=\"3648\"  \/><\/a>Andreas Geisler (SPD) im Leipziger Stadtrat am 25.03.2026. Foto: Jan Kaefer<\/p>\n<p>Das Problem aber ist \u2013 auch das sprach Geisler an \u2013, dass einige dieser Waldwege nicht nur Erholungsfunktion haben, sondern viel genutzte Radwegebindungen sind, die auch im Berufsalltag von Radfahrern genutzt werden und unter entsprechend hohem Nutzungsdruck stehen. Was nat\u00fcrlich dazu beitr\u00e4gt, dass sie immer mehr ausgefahren werden.<\/p>\n<p>Was tun?<\/p>\n<p>Thomas N\u00f6rlich jedenfalls bat darum, unbedingt dem Antrag aus dem SBB Mitte zuzustimmen, um das Problem wenigstens im Rosental in den Griff zu bekommen.<\/p>\n<p>Ein \u00fcberraschender CDU-Antrag<\/p>\n<p>Aber kurzfristig <a href=\"http:\/\/ratsinformation.leipzig.de\/allris_leipzig_public\/vo020?VOLFDNR=2029543&amp;refresh=false\" target=\"_blank\" rel=\"noopener nofollow\">hatte die CDU-Fraktion noch einen \u00c4nderungsantrag eingebracht,<\/a> der das Thema auf eine v\u00f6llig andere Ebene hob: \u201eDie Instandsetzung der Wege im Waldgebiet des hinteren Rosentals, um eine witterungsunabh\u00e4ngige Nutzbarkeit wiederherzustellen, wird bei der Entwicklung des Ma\u00dfnahmenkatalogs des Fu\u00dfverkehrsentwicklungsplans durch die Stadtverwaltung ber\u00fccksichtigt.\u201c<\/p>\n<p>Also keine Sonderl\u00f6sung f\u00fcr das Rosental, sondern eine Betrachtung im gesamten Fu\u00dfverkehrsentwicklungsplan. Ohne eine naheliegende L\u00f6sung. Die es auch nicht geben kann, wie OBM Burkhard Jung anmerkte: Die aktuelle Haushaltssituation gibt einfach keine finanziellen Spielr\u00e4ume her, sich jetzt um die Waldwege zu k\u00fcmmern.<\/p>\n<p>Aus der Perspektive von Andreas Geisler ein Unding, denn wenn die Wege sich immer mehr in die Seitenbereiche ausdehnen, geht immer mehr wertvoller Auwald verloren. Den Leipzig ja auch sch\u00fctzen will. Ein nur zu verst\u00e4ndliches Dilemma, das auch bei diesem scheinbar nebens\u00e4chlichen Thema zeigt, wie eine verfehlte Steuerpolitik im Bund dazu f\u00fchrt, dass Kommunen selbst dringende Probleme im Naturschutz nicht mehr l\u00f6sen k\u00f6nnen.<\/p>\n<p>Im Zeitalter der roten Zahlen<\/p>\n<p>Auch <a href=\"http:\/\/ratsinformation.leipzig.de\/allris_leipzig_public\/vo020?VOLFDNR=2026201&amp;refresh=false\" target=\"_blank\" rel=\"noopener nofollow\">das Amt f\u00fcr Stadtgr\u00fcn und Gew\u00e4sser<\/a> hatte in seiner Stellungnahme auf die drastischen Budgetschranken hingewiesen, die die aktuelle Haushaltssituation f\u00fcr Leipzig setzt: \u201eUnter W\u00fcrdigung des Genehmigungsbescheides der Landesdirektion d\u00fcrfen nur Ma\u00dfnahmen der infrastrukturellen Grundversorgung, wirtschaftliche Investitionen oder zum Zweck der Darlehensvergabe an kommunale Einrichtungen und Unternehmen \u00fcber Kredit finanziert werden.<\/p>\n<p>Die Instandsetzung des Waldweges stellt keine Ma\u00dfnahme der infrastrukturellen Grundversorgung dar. Demzufolge k\u00f6nnen daf\u00fcr keine Kredite aufgenommen werden. Eine Finanzierung durch die Stadt Leipzig ist aus diesem Grund und aufgrund der aktuellen Liquidit\u00e4tslage im Haushalt 2025\/2026 ff. nicht m\u00f6glich.\u201c<\/p>\n<p>Und das wird auch f\u00fcr den Haushalt 2027\/2028 gelten, der absehbar genauso in die roten Zahlen rutschen wird wie der vorhergehende.<\/p>\n<p>AfD-Stadtrat Udo B\u00fctow wies dann noch darauf hin, dass die zerfahrenen Waldwege ja eigentlich auch in das Leipziger Radwegenetz geh\u00f6ren, also im Radverkehrsentwicklungsplan endlich Ber\u00fccksichtigung finden m\u00fcssen.<\/p>\n<p>Das wurde dann mit Zustimmung von Sabine Heymann, die das Anliegen f\u00fcr die CDU-Fraktion vertrat, erg\u00e4nzt. Und mit 50:5 Stimmen bei 4 Enthaltungen wurde der CDU-\u00c4nderungsantrag dann auch so angenommen.<\/p><\/p>\n","protected":false},"excerpt":{"rendered":"Immer wieder waren die zerfahrenen Waldwege im Leipziger Stadtwald in der vergangenen Zeit Thema im Leipziger Stadtrat. Nicht&hellip;\n","protected":false},"author":2,"featured_media":929582,"comment_status":"","ping_status":"","sticky":false,"template":"","format":"standard","meta":{"footnotes":"","_share_on_mastodon":"0"},"categories":[1832],"tags":[18000,19678,3364,29,30,71,2465,49458,859,1108,5329],"class_list":["post-929581","post","type-post","status-publish","format-standard","has-post-thumbnail","category-leipzig","tag-radwege","tag-auwald","tag-de","tag-deutschland","tag-germany","tag-leipzig","tag-radfahrer","tag-rosental","tag-sachsen","tag-stadtrat","tag-video"],"share_on_mastodon":{"url":"https:\/\/pubeurope.com\/@de\/116367690885053823","error":""},"_links":{"self":[{"href":"https:\/\/www.europesays.com\/de\/wp-json\/wp\/v2\/posts\/929581","targetHints":{"allow":["GET"]}}],"collection":[{"href":"https:\/\/www.europesays.com\/de\/wp-json\/wp\/v2\/posts"}],"about":[{"href":"https:\/\/www.europesays.com\/de\/wp-json\/wp\/v2\/types\/post"}],"author":[{"embeddable":true,"href":"https:\/\/www.europesays.com\/de\/wp-json\/wp\/v2\/users\/2"}],"replies":[{"embeddable":true,"href":"https:\/\/www.europesays.com\/de\/wp-json\/wp\/v2\/comments?post=929581"}],"version-history":[{"count":0,"href":"https:\/\/www.europesays.com\/de\/wp-json\/wp\/v2\/posts\/929581\/revisions"}],"wp:featuredmedia":[{"embeddable":true,"href":"https:\/\/www.europesays.com\/de\/wp-json\/wp\/v2\/media\/929582"}],"wp:attachment":[{"href":"https:\/\/www.europesays.com\/de\/wp-json\/wp\/v2\/media?parent=929581"}],"wp:term":[{"taxonomy":"category","embeddable":true,"href":"https:\/\/www.europesays.com\/de\/wp-json\/wp\/v2\/categories?post=929581"},{"taxonomy":"post_tag","embeddable":true,"href":"https:\/\/www.europesays.com\/de\/wp-json\/wp\/v2\/tags?post=929581"}],"curies":[{"name":"wp","href":"https:\/\/api.w.org\/{rel}","templated":true}]}}