{"id":929665,"date":"2026-04-08T07:21:29","date_gmt":"2026-04-08T07:21:29","guid":{"rendered":"https:\/\/www.europesays.com\/de\/929665\/"},"modified":"2026-04-08T07:21:29","modified_gmt":"2026-04-08T07:21:29","slug":"bielefeld-herford-mann-kaempft-in-drogenprozess-um-milderes-urteil","status":"publish","type":"post","link":"https:\/\/www.europesays.com\/de\/929665\/","title":{"rendered":"Bielefeld\/Herford: Mann k\u00e4mpft in Drogenprozess um milderes Urteil"},"content":{"rendered":"<p>Ein zu f\u00fcnf Jahren und zwei Monaten Haft verurteilter Herforder k\u00f6nnte bald wieder ein freier Mann sein. Das Bielefelder Landgericht hatte ihn wegen bandenm\u00e4\u00dfigen Handels von Drogen Ende 2024 zu f\u00fcnf Jahren und zwei Monaten Gef\u00e4ngnis verurteilt.\u00a0<\/p>\n<p>Anwalt sieht nur Beihilfe<\/p>\n<p>Der 42-J\u00e4hrige hatte zwei Niederl\u00e4ndern, die ebenfalls zu Gef\u00e4ngnisstrafen verurteilt wurden, den Keller seines Hauses als Drogenlabor zur Verf\u00fcgung gestellt. Sein Anwalt legte daraufhin Revision ein \u2013 mit Erfolg.<\/p>\n<p>Entlassung im Sommer m\u00f6glich<\/p>\n<p>Der Bundesgerichtshof in Karlsruhe hob das Urteil auf, weil es sich im Fall des Herforders nur um Beihilfe handelt. Sollten die Bielefelder Richter heute dem folgen, k\u00f6nnte der Familienvater im Sommer wieder auf freien Fu\u00df kommen. \u00a0 \u00a0 \u00a0<\/p>\n","protected":false},"excerpt":{"rendered":"Ein zu f\u00fcnf Jahren und zwei Monaten Haft verurteilter Herforder k\u00f6nnte bald wieder ein freier Mann sein. Das&hellip;\n","protected":false},"author":2,"featured_media":929666,"comment_status":"","ping_status":"","sticky":false,"template":"","format":"standard","meta":{"footnotes":"","_share_on_mastodon":"0"},"categories":[1841],"tags":[1605,3364,29,3647,30,56790,4933,1209],"class_list":["post-929665","post","type-post","status-publish","format-standard","has-post-thumbnail","category-bielefeld","tag-bielefeld","tag-de","tag-deutschland","tag-gefaengnis","tag-germany","tag-herforder","tag-landgericht","tag-nordrhein-westfalen"],"share_on_mastodon":{"url":"https:\/\/pubeurope.com\/@de\/116367883529989315","error":""},"_links":{"self":[{"href":"https:\/\/www.europesays.com\/de\/wp-json\/wp\/v2\/posts\/929665","targetHints":{"allow":["GET"]}}],"collection":[{"href":"https:\/\/www.europesays.com\/de\/wp-json\/wp\/v2\/posts"}],"about":[{"href":"https:\/\/www.europesays.com\/de\/wp-json\/wp\/v2\/types\/post"}],"author":[{"embeddable":true,"href":"https:\/\/www.europesays.com\/de\/wp-json\/wp\/v2\/users\/2"}],"replies":[{"embeddable":true,"href":"https:\/\/www.europesays.com\/de\/wp-json\/wp\/v2\/comments?post=929665"}],"version-history":[{"count":0,"href":"https:\/\/www.europesays.com\/de\/wp-json\/wp\/v2\/posts\/929665\/revisions"}],"wp:featuredmedia":[{"embeddable":true,"href":"https:\/\/www.europesays.com\/de\/wp-json\/wp\/v2\/media\/929666"}],"wp:attachment":[{"href":"https:\/\/www.europesays.com\/de\/wp-json\/wp\/v2\/media?parent=929665"}],"wp:term":[{"taxonomy":"category","embeddable":true,"href":"https:\/\/www.europesays.com\/de\/wp-json\/wp\/v2\/categories?post=929665"},{"taxonomy":"post_tag","embeddable":true,"href":"https:\/\/www.europesays.com\/de\/wp-json\/wp\/v2\/tags?post=929665"}],"curies":[{"name":"wp","href":"https:\/\/api.w.org\/{rel}","templated":true}]}}