{"id":930027,"date":"2026-04-08T10:46:22","date_gmt":"2026-04-08T10:46:22","guid":{"rendered":"https:\/\/www.europesays.com\/de\/930027\/"},"modified":"2026-04-08T10:46:22","modified_gmt":"2026-04-08T10:46:22","slug":"kultur-und-freizeittipps-mit-franz-xaver-bogner-durch-muenchen-und-ins-oberland-muenchen","status":"publish","type":"post","link":"https:\/\/www.europesays.com\/de\/930027\/","title":{"rendered":"Kultur- und Freizeittipps: Mit Franz Xaver Bogner durch M\u00fcnchen und ins Oberland &#8211; M\u00fcnchen"},"content":{"rendered":"<p>Montag: Inspiration in der Pinakothek<\/p>\n<p data-manual=\"paragraph\" data-schema-org-speakable=\"true\" class=\"css-1vw426e\">In den letzten Jahren habe ich aufgeh\u00f6rt, Termine am Montag zu machen. Das gilt auch f\u00fcr wichtige Telefonate oder Entscheidungen. Viele Menschen swingen am Montag immer noch im Wochenend-Freizeit-Modus und sind stimmungstechnisch nicht ganz auf der H\u00f6he. Also mach\u2019 ich nicht gerade frei, aber ich unternehme etwas mit mir selbst. Im Idealfall sch\u00fcrt das die Inspiration und es entstehen Ideen. Heute gehe ich in die Alte Pinakothek und schaue mir <a href=\"https:\/\/www.pinakothek.de\/de\/wie-bilder-erzaehlen\" target=\"_blank\" rel=\"nofollow noopener\">die Ausstellung \u201eWie Bilder erz\u00e4hlen \u2013 Storytelling von Albrecht Altdorfer bis Peter Paul Rubens\u201c<\/a> an.\u00a0 F\u00fcr jeden Cineasten interessant zu sehen, wie Bildergeschichten vor Erfindung des Kinos gingen.<\/p>\n<p>Dienstag: Erinnerungen im Volksbad<img decoding=\"async\" src=\"https:\/\/www.europesays.com\/de\/wp-content\/uploads\/2026\/04\/fe4512bb-e0c1-4905-b2e2-12d7039d65f4.jpg\"   alt=\"Im\u00a0M\u00fcller'schen Volksbad hat Franz Xaver Bogner einst sein Training zum Rettungsschwimmer absolviert.\" loading=\"lazy\" class=\"css-8atqhb\"\/>Im\u00a0M\u00fcller&#8217;schen Volksbad hat Franz Xaver Bogner einst sein Training zum Rettungsschwimmer absolviert. Florian Peljak<\/p>\n<p data-manual=\"paragraph\" data-schema-org-speakable=\"true\" class=\"css-1eosz7k\">Ein reiner Arbeitstag in meinem B\u00fcro, in R\u00e4umen mit beschwingender Panorama-Sicht in die fr\u00fchlingserwachenden Baumwipfel rundum. Fenster auf. V\u00f6gel zwitschern. Ich checke, wer sich am Montag doch gemeldet hat. Gespr\u00e4chstermin 1 \u2026 2 \u2026 3. Dann Themenplanung: Ich pinne neue Ideen, K\u00f6pfe, Skizzen, Szenen an die 12 Meter langen Wand-Boards. Vielleicht stelle ich im Laufe der Woche ja fest, dass die diversen Fragmente ein Ganzes ergeben? Mal sehen.<\/p>\n<p data-manual=\"paragraph\" data-schema-org-speakable=\"true\" class=\"css-1eosz7k\">Am Abend finde ich bestimmt wieder einen erfrischenden Ausgleich im <a href=\"https:\/\/www.sueddeutsche.de\/projekte\/artikel\/muenchen\/muenchen-mueller-sches-volksbad-hallenbad-fotos-jugendstil-geschichte-e516702\/\" rel=\"nofollow noopener\" target=\"_blank\">M\u00fcller\u2019schen Volksbad<\/a>, wo die Erinnerung an mein einstiges Wasserwacht-Training mich mit jedem Zug jung und j\u00fcnger, stark und st\u00e4rker, beinahe zum fr\u00fcheren Rettungsschwimmer werden l\u00e4sst. Ich war mein Leben lang kein gro\u00dfer Sportler. Eine besondere Leidenschaft zum Muskeln st\u00e4hlen findet man auch eher selten bei M\u00e4nnern, die ihr Geld mit dem Schreiben verdienen. Aber wenn ich eines beherrsche, und zwar seit der Kindheit, dann ist es Schwimmen. Ich hatte das Gl\u00fcck, dass ich es mir in einem kleinen Fluss selbst beibringen konnte. Die Str\u00f6mung hat mich einfach getragen und dahinflie\u00dfen lassen. Vor rund 70 Jahren.<\/p>\n<p>Mittwoch: Wei\u00dfwurst und Britpop<img decoding=\"async\" src=\"https:\/\/www.europesays.com\/de\/wp-content\/uploads\/2026\/04\/ccd1eaa2-eddd-40c7-8789-80c9e0f3f87d.jpg\"   alt=\"Hier schmeckt die Wei\u00dfwurst: Die bayerische Traditionsgastst\u00e4tte \u201eWei\u00dfes Br\u00e4uhaus\u201c im Tal.\" loading=\"lazy\" class=\"css-8atqhb\"\/>Hier schmeckt die Wei\u00dfwurst: Die bayerische Traditionsgastst\u00e4tte \u201eWei\u00dfes Br\u00e4uhaus\u201c im Tal. Johannes Simon<\/p>\n<p data-manual=\"paragraph\" data-schema-org-speakable=\"true\" class=\"css-1eosz7k\">Sehr oft am Mittwoch setzt die Mittagspause um halb zw\u00f6lf ein. Traditionsgem\u00e4\u00dfes Wei\u00dfwurstessen im Wei\u00dfen Br\u00e4uhaus im Tal. Im Zeitalter der Gefrier- und K\u00fchlschr\u00e4nke ist die Einhaltung der Vorschrift, dass die Wei\u00dfwurst das Zw\u00f6lfuhrl\u00e4uten nicht h\u00f6ren darf, wohl v\u00f6llig umsonst \u2013 aber Traditionen m\u00fcssen nicht zwangsweise rational sein. Hier jedenfalls ist <a href=\"https:\/\/www.sueddeutsche.de\/thema\/M%C3%BCnchen\" rel=\"nofollow noopener\" target=\"_blank\">M\u00fcnchen<\/a> noch bayerisch, das hat sich rumgesprochen und deshalb sind auch so viele Touristen da. Es ist laut und es schmeckt. Am Abend geh\u2019 ich ins Konzert. <a href=\"https:\/\/www.muffatwerk.de\/de\/events\/view\/7775\/the-vaccines\" target=\"_blank\" rel=\"nofollow noopener\">Die <\/a><a href=\"https:\/\/www.muffatwerk.de\/de\/events\/view\/7775\/the-vaccines\" target=\"_blank\" rel=\"nofollow noopener\">Vaccines<\/a><a href=\"https:\/\/www.muffatwerk.de\/de\/events\/view\/7775\/the-vaccines\" target=\"_blank\" rel=\"nofollow noopener\"> (Impfstoffe) spielen ab 20 Uhr in der Muffathalle<\/a>. Eine britische Band, die in der Tradition von Franz Ferdinand\u00a0einen wunderbaren Brit-Pop spielt. Nick McCarthy von Franz Ferdinand hat Teile der Musik zu meiner Serie \u201eM\u00fcnchen 7\u201c gemacht.<\/p>\n<p>Donnerstag: Besuch bei einem Freund<img decoding=\"async\" src=\"https:\/\/www.europesays.com\/de\/wp-content\/uploads\/2026\/04\/e2710c75-609d-4e88-9e26-4c85ea156bdf.jpeg\"   alt=\"Kabarettist Bruno Jonas spielt im Kubitz in Unterhaching sein aktuelles Programm \u201eKlappe halten\u201c.\" loading=\"lazy\" class=\"css-8atqhb\"\/>Kabarettist Bruno Jonas spielt im Kubitz in Unterhaching sein aktuelles Programm \u201eKlappe halten\u201c. Robert Haas<\/p>\n<p data-manual=\"paragraph\" data-schema-org-speakable=\"true\" class=\"css-1eosz7k\">Durchgehend Termine \u2013 Besprechungen, Vorstellungen, Casting und so weiter. Den Abend habe ich reserviert f\u00fcr meinen seit Ewigkeiten sehr guten Freund Bruno Jonas. Ich fahre ins Kubiz in Unterhaching. Dort spielt er <a href=\"https:\/\/www.sueddeutsche.de\/muenchen\/muenchen-bruno-jonas-neues-programm-klappe-li.3447456\" rel=\"nofollow noopener\" target=\"_blank\">sein neues Programm \u201eKlappe halten\u201c<\/a>. Bruno und ich sind befreundet seit den Achtzigerjahren. Wir haben zusammen die TV-Serie \u201eFamilie Meier\u201c geschrieben und er hat in \u201eIrgendwie und Sowieso\u201c den Tango Fredy gespielt und gesungen \u2013 genial und authentisch. Ich mag Brunos Art des Kabaretts. Es ist direkt, scharf, frech und unverbl\u00fcmt \u2013 und man darf auch Denken dabei. Einen \u201eherrschaftsfreien Monolog f\u00fcr Fleischesser und Dieselfahrer\u201c k\u00fcndigt er im Untertitel an. Ich bin schon sehr gespannt und freue mich drauf.<\/p>\n<p>Freitag: Serie schauen<img decoding=\"async\" src=\"https:\/\/www.europesays.com\/de\/wp-content\/uploads\/2026\/04\/3614493c-c422-4426-8760-adc3430747f1.jpg\"   alt=\"Das Bayerische Fernsehen zeigt die zweite Staffel der Serie \u201eHimmel, Herrgott, Sakrament\u201c um einen rebellischen Pfarrer (Stephan Zinner) und seiner Freundin (Anne Sch\u00e4fer).\" loading=\"lazy\" class=\"css-8atqhb\"\/>Das Bayerische Fernsehen zeigt die zweite Staffel der Serie \u201eHimmel, Herrgott, Sakrament\u201c um einen rebellischen Pfarrer (Stephan Zinner) und seiner Freundin (Anne Sch\u00e4fer). BR\/ORF\/maze pictures GmbH\/Barbara Bauriedl<\/p>\n<p data-manual=\"paragraph\" data-schema-org-speakable=\"true\" class=\"css-1eosz7k\">Auf der Suche nach Motiven f\u00fcr meine n\u00e4chsten Projekte will ich ab dem fr\u00fchen Morgen mit meinem Team durch die Innenstadt streifen \u2013 das Lehel, Schwabing, Haidhausen. Ich habe den Verdacht, dass wir sp\u00e4testens zur Mittagszeit auf der Theresienwiese landen werden. Hier startet das Fr\u00fchlingsfest. Sein 60. Bestehen wird drei Wochen lang gefeiert. Ich versuche, am Abend daheim zu sein, denn <a href=\"https:\/\/www.br.de\/presse\/inhalt\/pressedossiers\/himmel-herrgott-sakrament\/index.html\" target=\"_blank\" rel=\"nofollow noopener\">um 20.15 Uhr sendet das Bayerische Fernsehen \u201eHimmel, Herrgott, Sakrament\u201c \u2013 die zweite Sendung der zweiten Staffel meiner neuesten TV-Serie<\/a> mit und rund um einen rebellischen Pfarrer, seine Liebe und die Konflikte mit der katholischen Amtskirche. Vorbild ist der M\u00fcnchner Pfarrer Rainer Maria Schie\u00dfler.<\/p>\n<p data-manual=\"paragraph\" data-schema-org-speakable=\"true\" class=\"css-1eosz7k\">Ob und wie meine Arbeit \u00fcber den heimischen Fernseher r\u00fcberkommt, will ich wie ein ganz normaler Zuschauer sehen. In den zwei Folgen geht es um eine gro\u00dfe Hochzeitsfeier auf dem Land und um ein kleines M\u00e4dchen, das seine Erstkommunion so gestalten will, wie der Pfarrer Reiser sie mit den Kindern feiert und nicht, wie seine Eltern es erwarten.<\/p>\n<p>Samstag: Zeit mit der Familie<img decoding=\"async\" src=\"https:\/\/www.europesays.com\/de\/wp-content\/uploads\/2026\/04\/61e267fe-a272-44f1-ba6d-3683d668e19e.jpeg\"   alt=\"Auch diesen umstrittenen Gesellen kann man im Wildpark Poing entdecken: den Wolf.\" loading=\"lazy\" class=\"css-8atqhb\"\/>Auch diesen umstrittenen Gesellen kann man im Wildpark Poing entdecken: den Wolf. Lino Mirgeler<\/p>\n<p data-manual=\"paragraph\" data-schema-org-speakable=\"true\" class=\"css-1eosz7k\">Samstag \u2013 traditionelles Familienfr\u00fchst\u00fcck: Alle kommen irgendwann vorbei, denn von unseren drei Kindern Viktoria, Leon und Felicitas wohnt jedes maximal 150 Meter von uns entfernt. Einzige Frage: Wer kommt zuerst? Gegen 10 Uhr sitze ich mit meiner Frau Sonja in der K\u00fcche, schaue aus dem Fenster und warte darauf, dass der Samstag so startet wie meistens: Erst h\u00f6re ich nur Schritte, dann huscht ein Haarschopf vorbei, gefolgt von einem zweiten, gleich danach wippt eine Pferdeschwanz-Frisur am unteren Fensterrand entlang. Meine Enkel Felix (5), Dominik (7) und Leonie (10). Ab da wei\u00df ich, wie der Samstag sein wird. Teil eins im Wildpark Poing, der auf einem Rundweg durch den Wald heimische Wild-und Haustiere zeigt. Spielpl\u00e4tze sind genug vorhanden. Am Nachmittag hei\u00dft es: Planschen und rutschen im Ph\u00f6nix-Bad in Ottobrunn. Meine Enkel lassen mich nicht \u00e4lter werden.<\/p>\n<p>Sonntag: Schlemmen im Oberland<img decoding=\"async\" src=\"https:\/\/www.europesays.com\/de\/wp-content\/uploads\/2026\/04\/6b736e65-4f46-42df-9d5a-0b16f4682fd7.jpeg\"   alt=\"Feine \u00d6ko-K\u00fcche: Der J\u00e4gerwirt in Kirchbichl hat vom Guide Michelin 2021 einen gr\u00fcnen Stern bekommen.\u00a0\" loading=\"lazy\" class=\"css-8atqhb\"\/>Feine \u00d6ko-K\u00fcche: Der J\u00e4gerwirt in Kirchbichl hat vom Guide Michelin 2021 einen gr\u00fcnen Stern bekommen.\u00a0 Harry Wolfsbauer<\/p>\n<p data-manual=\"paragraph\" data-schema-org-speakable=\"true\" class=\"css-1eosz7k\">Seit l\u00e4ngerer Zeit geh\u00f6rt der Sonntag ausschlie\u00dflich meiner Frau Sonja und mir. Wandertage habe ich in der Schule gehasst wie die Pest. Jetzt, im gesetzten Alter, sch\u00e4tze ich sie. Nichts Extremes, sondern etwas Ruhiges mit guter Aussicht. R\u00fcckblickend betrachtet ist mir aufgefallen, dass in vielen meiner Filme immer wieder Motive im Oberland wichtige Rollen spielen. Ich hatte daf\u00fcr sehr oft die Gegend um Dietramszell, Hechenberg und Bad T\u00f6lz gew\u00e4hlt. Nach wie vor ist dort so wenig Verkehr, dass man nicht nur durch die W\u00e4lder, sondern bei ung\u00fcnstiger Witterung sogar bequem auf der Stra\u00dfe wandern kann. <a href=\"https:\/\/jaegerwirt.de\/de\" target=\"_blank\" rel=\"nofollow noopener\">Der J\u00e4gerwirt in Kirchbichl serviert feine regional-traditionelle Speisen<\/a>. Aber das absolute Sonntags-Muss hei\u00dft meistens Thekla. Magische Anziehungskraft. Um eine Einkehr bei unserer Freundin Thekla im <a href=\"https:\/\/www.winklstueberl.de\/\" target=\"_blank\" rel=\"nofollow noopener\">Caf\u00e9 Winklst\u00fcberl in Fischbachau<\/a> kommen wir nur selten herum.<\/p>\n<p data-manual=\"paragraph\" data-schema-org-speakable=\"true\" class=\"css-1eosz7k\"><a href=\"https:\/\/www.sueddeutsche.de\/muenchen\/franz-xaver-bogner-himmel-herrgott-sakrament-br-serie-portraet-1.6293965\" rel=\"nofollow noopener\" target=\"_blank\">Franz Xaver Bogner<\/a>, geboren 1949 in Pliening in Oberbayern, ist einer der pr\u00e4genden Autoren und Regisseure des deutschen Fernsehens \u2013 mit einem unverwechselbaren Blick auf das bayerische Leben. Einer, der wie kaum ein anderer Milieu, Dialekt und Alltagskomik zu Serienformaten verdichtet hat. Nach seiner Ausbildung an der Hochschule f\u00fcr Fernsehen und Film M\u00fcnchen begann er als Dokumentarfilmer, bevor er mit <a href=\"https:\/\/www.sueddeutsche.de\/thema\/Serien\" rel=\"nofollow noopener\" target=\"_blank\">Serien<\/a> wie \u201eIrgendwie und Sowieso\u201c Kultstatus erlangte und sp\u00e4ter mit \u201eCaf\u00e9 Meineid\u201c, \u201eM\u00fcnchen 7\u201c oder \u201eDer Kaiser von Schexing\u201c eine ganz eigene Handschrift etablierte: lakonisch, genau beobachtet, tief verwurzelt im bayerischen Alltag.\u00a0Bogners St\u00e4rke liegt im pr\u00e4zisen Blick auf Menschen und ihre Widerspr\u00fcche, das hat ihm neben Publikumserfolgen auch Auszeichnungen wie den Grimme-Preis und den Bayerischen Fernsehpreis eingebracht.\u00a0Mit der BR-Serie \u201eHimmel, Herrgott, Sakrament\u201c (seit 2023) kn\u00fcpft Bogner an diese Linie an.\u00a0Aktuell sind in der ARD-Mediathek sechs neuen Folgen zu sehen, am 10., 17. und 24. April wird jeweils eine Doppelfolge um 20.15 Uhr im Bayerischen Fernsehen ausgestrahlt.<\/p>\n","protected":false},"excerpt":{"rendered":"Montag: Inspiration in der Pinakothek In den letzten Jahren habe ich aufgeh\u00f6rt, Termine am Montag zu machen. Das&hellip;\n","protected":false},"author":2,"featured_media":930028,"comment_status":"","ping_status":"","sticky":false,"template":"","format":"standard","meta":{"footnotes":"","_share_on_mastodon":"0"},"categories":[1827],"tags":[2396,81554,203268,772,29,4974,82308,16745,30,68695,3371,20530,2392,1268,471,149],"class_list":["post-930027","post","type-post","status-publish","format-standard","has-post-thumbnail","category-muenchen","tag-ausstellung-muenchen","tag-bayerischer-rundfunk","tag-bayerisches-fernsehen","tag-bayern","tag-deutschland","tag-essen-und-trinken","tag-freizeit-in-bayern","tag-freizeit-in-muenchen","tag-germany","tag-kabarett-muenchen","tag-konzerte-muenchen","tag-kultur-in-bayern","tag-kultur-in-muenchen","tag-muenchen","tag-serien","tag-sueddeutsche-zeitung"],"share_on_mastodon":{"url":"https:\/\/pubeurope.com\/@de\/116368689969930617","error":""},"_links":{"self":[{"href":"https:\/\/www.europesays.com\/de\/wp-json\/wp\/v2\/posts\/930027","targetHints":{"allow":["GET"]}}],"collection":[{"href":"https:\/\/www.europesays.com\/de\/wp-json\/wp\/v2\/posts"}],"about":[{"href":"https:\/\/www.europesays.com\/de\/wp-json\/wp\/v2\/types\/post"}],"author":[{"embeddable":true,"href":"https:\/\/www.europesays.com\/de\/wp-json\/wp\/v2\/users\/2"}],"replies":[{"embeddable":true,"href":"https:\/\/www.europesays.com\/de\/wp-json\/wp\/v2\/comments?post=930027"}],"version-history":[{"count":0,"href":"https:\/\/www.europesays.com\/de\/wp-json\/wp\/v2\/posts\/930027\/revisions"}],"wp:featuredmedia":[{"embeddable":true,"href":"https:\/\/www.europesays.com\/de\/wp-json\/wp\/v2\/media\/930028"}],"wp:attachment":[{"href":"https:\/\/www.europesays.com\/de\/wp-json\/wp\/v2\/media?parent=930027"}],"wp:term":[{"taxonomy":"category","embeddable":true,"href":"https:\/\/www.europesays.com\/de\/wp-json\/wp\/v2\/categories?post=930027"},{"taxonomy":"post_tag","embeddable":true,"href":"https:\/\/www.europesays.com\/de\/wp-json\/wp\/v2\/tags?post=930027"}],"curies":[{"name":"wp","href":"https:\/\/api.w.org\/{rel}","templated":true}]}}