{"id":930042,"date":"2026-04-08T10:54:16","date_gmt":"2026-04-08T10:54:16","guid":{"rendered":"https:\/\/www.europesays.com\/de\/930042\/"},"modified":"2026-04-08T10:54:16","modified_gmt":"2026-04-08T10:54:16","slug":"tariftreue-soll-bis-zum-naechsten-jahr-kommen","status":"publish","type":"post","link":"https:\/\/www.europesays.com\/de\/930042\/","title":{"rendered":"Tariftreue soll bis zum n\u00e4chsten Jahr kommen"},"content":{"rendered":"<p class=\"tspBOli tspBOlj\">Bis zum n\u00e4chsten Jahr will Brandenburg f\u00fcr \u00f6ffentliche Auftr\u00e4ge die Einhaltung von Tarifl\u00f6hnen verbindlich festschreiben. Das geht aus dem Ma\u00dfnahmenkatalog des Koalitionsvertrags von SPD und CDU hervor. Dabei soll das Modell in Berlin ber\u00fccksichtigt werden. In der Hauptstadt gilt seit Dezember 2022 eine Tariftreue f\u00fcr Dienstleistungen ab 10.000 Euro Auftragswert und f\u00fcr Bauleistungen ab 50.000 Euro Auftragswert.<\/p>\n<p class=\"tspBOli\">Ob die Berliner Grenzen in Brandenburg \u00fcbernommen werden, ist allerdings bisher offen. Hierzu \u201ehat die Brandenburger Landesregierung noch keine Entscheidung getroffen\u201c, sagte der Sprecher des Arbeitsministeriums, Uwe Meier.\u00a0<\/p>\n<p>Der Newsletter \u00fcber Ostdeutschland<\/p>\n<p><img decoding=\"async\" src=\"https:\/\/www.europesays.com\/de\/wp-content\/uploads\/2025\/04\/widget-osten-1.png\" alt=\"\" class=\"tspB0hh\"\/><\/p>\n<p class=\"tspB0m3\"> Gibt es sie wirklich, die \u201eostdeutsche Seele\u201c? Der Newsletter \u201eIm Osten\u201c will es herausfinden \u2013 mit exklusiven Reportagen, tiefgehenden Analysen und spannenden Interviews. <\/p>\n<p class=\"tspBOli\">Die Bezirksleiterin des Deutschen Gewerkschaftsbundes (DGB) Berlin-Brandenburg, Katja Karger, h\u00e4lt das Berliner Modell f\u00fcr das \u201eaus unserer Sicht beste und erfolgreichste Tariftreuemodell, das es momentan in Deutschland gibt\u201c, sagte sie der \u201eM\u00e4rkischen Allgemeinen\u201c.<\/p>\n<p class=\"tspBOli\">In Brandenburg soll f\u00fcr die Einf\u00fchrung der Tariftreueregelung der Mindestlohn bei der Vergabe \u00f6ffentlicher Auftr\u00e4ge wegfallen. Der Schwellenwert f\u00fcr den Mindestlohn liegt nach einer deutlichen Erh\u00f6hung zum B\u00fcrokratieabbau bei 100.000 Euro.<\/p>\n<p class=\"tspBOli\">\u201eSollte diese Schwelle auch f\u00fcr die Tariftreueregelung gelten, macht sie keinen Sinn\u201c, warnte Karger. \u201eDas w\u00e4re auch nicht im Sinne eines gemeinsamen Wirtschaftsraums. Die Tariftreueregelung darf kein zahnloser Tiger werden.\u201c<\/p>\n<p>Mehr Nachrichten zur Wirtschat in Brandenburg<a href=\"https:\/\/www.tagesspiegel.de\/potsdam\/brandenburg\/rekordinvestitionen-in-der-mark--trotz-krise-neue-wirtschaftsministerin-martina-klement-legt-eine-uberraschende-bilanz-vor-15402721.html?icid=topic-list_15445164___\" data-gtm-class=\"article-mzt-link\" data-hydrate-fingerprint=\"09740a54944caac75fd2c0c63fd5c5df\" data-hydrate-props=\"{&amp;escapedquot;element&amp;escapedquot;:{&amp;escapedquot;type&amp;escapedquot;:&amp;escapedquot;relatedContent&amp;escapedquot;,&amp;escapedquot;fieldMap&amp;escapedquot;:{},&amp;escapedquot;relation&amp;escapedquot;:{&amp;escapedquot;fields&amp;escapedquot;:{&amp;escapedquot;isPaid&amp;escapedquot;:true},&amp;escapedquot;href&amp;escapedquot;:&amp;escapedquot;\/potsdam\/brandenburg\/rekordinvestitionen-in-der-mark--trotz-krise-neue-wirtschaftsministerin-martina-klement-legt-eine-uberraschende-bilanz-vor-15402721.html&amp;escapedquot;,&amp;escapedquot;teaserTitle&amp;escapedquot;:{&amp;escapedquot;kicker&amp;escapedquot;:&amp;escapedquot;Rekordinvestitionen trotz Krise&amp;escapedquot;,&amp;escapedquot;headline&amp;escapedquot;:&amp;escapedquot;Brandenburg setzt auf R\u00fcstung, IT und E-Autos&amp;escapedquot;},&amp;escapedquot;id&amp;escapedquot;:&amp;escapedquot;15402721&amp;escapedquot;,&amp;escapedquot;type&amp;escapedquot;:&amp;escapedquot;story&amp;escapedquot;},&amp;escapedquot;isPartOfList&amp;escapedquot;:true,&amp;escapedquot;topicListType&amp;escapedquot;:&amp;escapedquot;topic-list&amp;escapedquot;},&amp;escapedquot;showArrow&amp;escapedquot;:true}\" data-hydrate-slots=\"{&#039;default&#039;:[]}\" class=\"tspC3qm tspC4qt\" rel=\"nofollow noopener\" target=\"_blank\">Rekordinvestitionen trotz Krise Brandenburg setzt auf R\u00fcstung, IT und E-Autos <\/a><a href=\"https:\/\/www.tagesspiegel.de\/potsdam\/brandenburg\/wirtschaftsbilanz-fur-die-hauptstadtregion-brandenburg-schwachelt-berlin-wachst-starker-als-andere-15415325.html?icid=topic-list_15445164___\" data-gtm-class=\"article-mzt-link\" data-hydrate-fingerprint=\"09740a54944caac75fd2c0c63fd5c5df\" data-hydrate-props=\"{&amp;escapedquot;element&amp;escapedquot;:{&amp;escapedquot;type&amp;escapedquot;:&amp;escapedquot;relatedContent&amp;escapedquot;,&amp;escapedquot;fieldMap&amp;escapedquot;:{},&amp;escapedquot;relation&amp;escapedquot;:{&amp;escapedquot;fields&amp;escapedquot;:{&amp;escapedquot;isPaid&amp;escapedquot;:true},&amp;escapedquot;href&amp;escapedquot;:&amp;escapedquot;\/potsdam\/brandenburg\/wirtschaftsbilanz-fur-die-hauptstadtregion-brandenburg-schwachelt-berlin-wachst-starker-als-andere-15415325.html&amp;escapedquot;,&amp;escapedquot;teaserTitle&amp;escapedquot;:{&amp;escapedquot;kicker&amp;escapedquot;:&amp;escapedquot;Wirtschaftsbilanz f\u00fcr die Hauptstadtregion&amp;escapedquot;,&amp;escapedquot;headline&amp;escapedquot;:&amp;escapedquot;Brandenburg schw\u00e4chelt, Berlin w\u00e4chst st\u00e4rker als andere&amp;escapedquot;},&amp;escapedquot;id&amp;escapedquot;:&amp;escapedquot;15415325&amp;escapedquot;,&amp;escapedquot;type&amp;escapedquot;:&amp;escapedquot;story&amp;escapedquot;},&amp;escapedquot;isPartOfList&amp;escapedquot;:true,&amp;escapedquot;topicListType&amp;escapedquot;:&amp;escapedquot;topic-list&amp;escapedquot;},&amp;escapedquot;showArrow&amp;escapedquot;:true}\" data-hydrate-slots=\"{&#039;default&#039;:[]}\" class=\"tspC3qm tspC4qt\" rel=\"nofollow noopener\" target=\"_blank\">Wirtschaftsbilanz f\u00fcr die Hauptstadtregion Brandenburg schw\u00e4chelt, Berlin w\u00e4chst st\u00e4rker als andere <\/a><a href=\"https:\/\/www.tagesspiegel.de\/potsdam\/brandenburg\/autobauer-vs-gewerkschaft-behorde-kein-anhaltspunkt-fur-tesla-vorwurf-gegen-ig-metall-15405801.html?icid=topic-list_15445164___\" data-gtm-class=\"article-mzt-link\" data-hydrate-fingerprint=\"09740a54944caac75fd2c0c63fd5c5df\" data-hydrate-props=\"{&amp;escapedquot;element&amp;escapedquot;:{&amp;escapedquot;type&amp;escapedquot;:&amp;escapedquot;relatedContent&amp;escapedquot;,&amp;escapedquot;fieldMap&amp;escapedquot;:{},&amp;escapedquot;relation&amp;escapedquot;:{&amp;escapedquot;fields&amp;escapedquot;:{&amp;escapedquot;isPaid&amp;escapedquot;:null},&amp;escapedquot;href&amp;escapedquot;:&amp;escapedquot;\/potsdam\/brandenburg\/autobauer-vs-gewerkschaft-behorde-kein-anhaltspunkt-fur-tesla-vorwurf-gegen-ig-metall-15405801.html&amp;escapedquot;,&amp;escapedquot;teaserTitle&amp;escapedquot;:{&amp;escapedquot;kicker&amp;escapedquot;:&amp;escapedquot;Nach Polizeieinsatz bei Tesla in Gr\u00fcnheide&amp;escapedquot;,&amp;escapedquot;headline&amp;escapedquot;:&amp;escapedquot;Keine Belege f\u00fcr illegale Abh\u00f6raktion durch IG-Metall-Vertreter&amp;escapedquot;},&amp;escapedquot;id&amp;escapedquot;:&amp;escapedquot;15405801&amp;escapedquot;,&amp;escapedquot;type&amp;escapedquot;:&amp;escapedquot;story&amp;escapedquot;},&amp;escapedquot;isPartOfList&amp;escapedquot;:true,&amp;escapedquot;topicListType&amp;escapedquot;:&amp;escapedquot;topic-list&amp;escapedquot;},&amp;escapedquot;showArrow&amp;escapedquot;:true}\" data-hydrate-slots=\"{&#039;default&#039;:[]}\" class=\"tspC3qm tspC4qt\" rel=\"nofollow noopener\" target=\"_blank\">Nach Polizeieinsatz bei Tesla in Gr\u00fcnheide Keine Belege f\u00fcr illegale Abh\u00f6raktion durch IG-Metall-Vertreter <\/a><\/p>\n<p class=\"tspBOli\">Bereits die im Januar zerbrochene SPD\/BSW-Regierung wollte die Tariftreue einf\u00fchren, zus\u00e4tzlich aber zu einem Vergabe-Mindestlohn, der steigen sollte. (dpa)<\/p>\n","protected":false},"excerpt":{"rendered":"Bis zum n\u00e4chsten Jahr will Brandenburg f\u00fcr \u00f6ffentliche Auftr\u00e4ge die Einhaltung von Tarifl\u00f6hnen verbindlich festschreiben. Das geht aus&hellip;\n","protected":false},"author":2,"featured_media":930043,"comment_status":"","ping_status":"","sticky":false,"template":"","format":"standard","meta":{"footnotes":"","_share_on_mastodon":"0"},"categories":[1825],"tags":[296,1890,31,29,30,378,184],"class_list":["post-930042","post","type-post","status-publish","format-standard","has-post-thumbnail","category-berlin","tag-berlin","tag-brandenburg","tag-cdu","tag-deutschland","tag-germany","tag-mindestlohn","tag-spd"],"share_on_mastodon":{"url":"https:\/\/pubeurope.com\/@de\/116368721122147613","error":""},"_links":{"self":[{"href":"https:\/\/www.europesays.com\/de\/wp-json\/wp\/v2\/posts\/930042","targetHints":{"allow":["GET"]}}],"collection":[{"href":"https:\/\/www.europesays.com\/de\/wp-json\/wp\/v2\/posts"}],"about":[{"href":"https:\/\/www.europesays.com\/de\/wp-json\/wp\/v2\/types\/post"}],"author":[{"embeddable":true,"href":"https:\/\/www.europesays.com\/de\/wp-json\/wp\/v2\/users\/2"}],"replies":[{"embeddable":true,"href":"https:\/\/www.europesays.com\/de\/wp-json\/wp\/v2\/comments?post=930042"}],"version-history":[{"count":0,"href":"https:\/\/www.europesays.com\/de\/wp-json\/wp\/v2\/posts\/930042\/revisions"}],"wp:featuredmedia":[{"embeddable":true,"href":"https:\/\/www.europesays.com\/de\/wp-json\/wp\/v2\/media\/930043"}],"wp:attachment":[{"href":"https:\/\/www.europesays.com\/de\/wp-json\/wp\/v2\/media?parent=930042"}],"wp:term":[{"taxonomy":"category","embeddable":true,"href":"https:\/\/www.europesays.com\/de\/wp-json\/wp\/v2\/categories?post=930042"},{"taxonomy":"post_tag","embeddable":true,"href":"https:\/\/www.europesays.com\/de\/wp-json\/wp\/v2\/tags?post=930042"}],"curies":[{"name":"wp","href":"https:\/\/api.w.org\/{rel}","templated":true}]}}