{"id":930514,"date":"2026-04-08T15:12:19","date_gmt":"2026-04-08T15:12:19","guid":{"rendered":"https:\/\/www.europesays.com\/de\/930514\/"},"modified":"2026-04-08T15:12:19","modified_gmt":"2026-04-08T15:12:19","slug":"salinemuseum-halle-zeigt-jahresschau-mit-blick-auf-kuenftige-dauerausstellung-hallespektrum-de","status":"publish","type":"post","link":"https:\/\/www.europesays.com\/de\/930514\/","title":{"rendered":"Salinemuseum Halle zeigt Jahresschau mit Blick auf k\u00fcnftige Dauerausstellung &#8211; HalleSpektrum.de"},"content":{"rendered":"<p>\t<img width=\"1024\" height=\"771\" src=\"https:\/\/www.europesays.com\/de\/wp-content\/uploads\/2025\/05\/Saline.jpg\" class=\"attachment-1024x1024 size-1024x1024 wp-post-image\" alt=\"\" decoding=\"async\" fetchpriority=\"high\"  \/><\/p>\n<p>\n\t\t\t8. April 2026\t\t<\/p>\n<p>Das Salinemuseum Halle beteiligt sich am Tag der Industriekultur in Sachsen-Anhalt und \u00f6ffnet am 12. April 2026 von 10 bis 17 Uhr seine T\u00fcren. Im Mittelpunkt steht die Jahresausstellung \u201eEntw\u00fcrfe \u2013 die Entwicklung der neuen Dauerausstellung\u201c, die einen Ausblick auf die zuk\u00fcnftige Gestaltung des Industriemuseums gibt.<\/p>\n<p>Besucherinnen und Besucher erhalten Einblicke in die Gro\u00dfsiedehallen S\u00fcd und Nord, die k\u00fcnftig Teil der neuen Dauerausstellung sein werden. Damit wird der aktuelle Stand der baulichen und konzeptionellen Entwicklung des Museums sichtbar gemacht.<\/p>\n<p>Die Ausstellung dokumentiert Planungen, Entwicklungsschritte und Herausforderungen der vergangenen Jahre. Sonderf\u00fchrungen finden um 11 und 15 Uhr statt und erl\u00e4utern die Transformation des Museumsstandorts.<\/p>\n<p>Mit der Sanierung der Gro\u00dfsiedehallen seit 2020 hat sich das Museum von seinem bisherigen Standort im Uhrenhaus auf der Saline gel\u00f6st. Ziel ist die Weiterentwicklung zu einem modernen Industriemuseum mit den Schwerpunkten Salzproduktion, Industriekultur und regionale Geschichte.<\/p>\n<p>Die Ausstellung l\u00e4uft bis zum 14. Juni 2026 und ist mittwochs bis sonntags von 10 bis 17 Uhr ge\u00f6ffnet. Der Eintritt ist frei. Eine zus\u00e4tzliche \u00d6ffnung erfolgt im Rahmen der Museumsnacht Halle\/Leipzig am 9. Mai 2026.<\/p>\n","protected":false},"excerpt":{"rendered":"8. April 2026 Das Salinemuseum Halle beteiligt sich am Tag der Industriekultur in Sachsen-Anhalt und \u00f6ffnet am 12.&hellip;\n","protected":false},"author":2,"featured_media":108178,"comment_status":"","ping_status":"","sticky":false,"template":"","format":"standard","meta":{"footnotes":"","_share_on_mastodon":"0"},"categories":[1860],"tags":[48907,3364,29,548,663,3934,30,4062,17332,13,7511,14,15,17331,860,24942,203348,12],"class_list":["post-930514","post","type-post","status-publish","format-standard","has-post-thumbnail","category-halle-saale","tag-dauerausstellung","tag-de","tag-deutschland","tag-eu","tag-europa","tag-europe","tag-germany","tag-halle","tag-halle-saale","tag-headlines","tag-industriekultur","tag-nachrichten","tag-news","tag-saale","tag-sachsen-anhalt","tag-saline","tag-salinemuseum-halle","tag-schlagzeilen"],"share_on_mastodon":{"url":"https:\/\/pubeurope.com\/@de\/116369736336368897","error":""},"_links":{"self":[{"href":"https:\/\/www.europesays.com\/de\/wp-json\/wp\/v2\/posts\/930514","targetHints":{"allow":["GET"]}}],"collection":[{"href":"https:\/\/www.europesays.com\/de\/wp-json\/wp\/v2\/posts"}],"about":[{"href":"https:\/\/www.europesays.com\/de\/wp-json\/wp\/v2\/types\/post"}],"author":[{"embeddable":true,"href":"https:\/\/www.europesays.com\/de\/wp-json\/wp\/v2\/users\/2"}],"replies":[{"embeddable":true,"href":"https:\/\/www.europesays.com\/de\/wp-json\/wp\/v2\/comments?post=930514"}],"version-history":[{"count":0,"href":"https:\/\/www.europesays.com\/de\/wp-json\/wp\/v2\/posts\/930514\/revisions"}],"wp:featuredmedia":[{"embeddable":true,"href":"https:\/\/www.europesays.com\/de\/wp-json\/wp\/v2\/media\/108178"}],"wp:attachment":[{"href":"https:\/\/www.europesays.com\/de\/wp-json\/wp\/v2\/media?parent=930514"}],"wp:term":[{"taxonomy":"category","embeddable":true,"href":"https:\/\/www.europesays.com\/de\/wp-json\/wp\/v2\/categories?post=930514"},{"taxonomy":"post_tag","embeddable":true,"href":"https:\/\/www.europesays.com\/de\/wp-json\/wp\/v2\/tags?post=930514"}],"curies":[{"name":"wp","href":"https:\/\/api.w.org\/{rel}","templated":true}]}}