{"id":930621,"date":"2026-04-08T16:11:20","date_gmt":"2026-04-08T16:11:20","guid":{"rendered":"https:\/\/www.europesays.com\/de\/930621\/"},"modified":"2026-04-08T16:11:20","modified_gmt":"2026-04-08T16:11:20","slug":"muenchen-illegale-habeck-projektion-am-siegestor-gruene-muessen-bussgeld-bezahlen-muenchen","status":"publish","type":"post","link":"https:\/\/www.europesays.com\/de\/930621\/","title":{"rendered":"M\u00fcnchen: Illegale Habeck-Projektion am Siegestor &#8211; Gr\u00fcne m\u00fcssen Bu\u00dfgeld bezahlen &#8211; M\u00fcnchen"},"content":{"rendered":"<p data-manual=\"paragraph\" data-schema-org-speakable=\"true\" class=\"css-1eosz7k\">Das Siegestor, angestrahlt mit dem Konterfei von <a href=\"https:\/\/www.sueddeutsche.de\/thema\/Robert_Habeck\" rel=\"nofollow noopener\" target=\"_blank\">Robert Habeck<\/a>: Diese Wahlwerbung hat Konsequenzen f\u00fcr <a href=\"https:\/\/www.sueddeutsche.de\/thema\/Die_Gr%C3%BCnen\" rel=\"nofollow noopener\" target=\"_blank\">die Gr\u00fcnen<\/a>. Die Partei sowie ein von ihr beauftragtes Werbeunternehmen m\u00fcssen Bu\u00dfgelder in H\u00f6he von insgesamt 6948 Euro bezahlen. Zuerst hatte am Mittwoch die tz dar\u00fcber berichtet.<\/p>\n<p data-manual=\"paragraph\" data-schema-org-speakable=\"true\" class=\"css-1eosz7k\"><a href=\"https:\/\/www.sueddeutsche.de\/muenchen\/muenchen-robert-habeck-projektion-bussgeld-siegestor-kvr-li.3307205\" rel=\"nofollow noopener\" target=\"_blank\">Am 3. Januar 2025 war ein Bild des damaligen Vizekanzlers<\/a> und Kanzlerkandidaten der Gr\u00fcnen, Robert Habeck, eine Stunde lang auf das Siegestor in der Leopoldstra\u00dfe projiziert worden. Darunter stand der Slogan \u201eB\u00fcndniskanzler. Ein Mensch. Ein Wort.\u201c Eine Genehmigung gab es daf\u00fcr nicht, wie Polizei und Kreisverwaltungsreferat (KVR) erkl\u00e4rten.<\/p>\n<p data-manual=\"paragraph\" data-schema-org-speakable=\"true\" class=\"css-1eosz7k\">Die Polizei beendete die Aktion deshalb nach einer Stunde. Habecks Parteifreundin und KVR-Chefin Hanna Samm\u00fcller erkl\u00e4rte, die Polizei habe ein Bu\u00dfgeldverfahren eingeleitet, das die Stadt weiterbetreibe. \u201eWahlwerbung auf Denkm\u00e4lern ist grunds\u00e4tzlich nicht genehmigungsf\u00e4hig\u201c, hie\u00df es in einer Erkl\u00e4rung.<\/p>\n<p data-manual=\"paragraph\" data-schema-org-speakable=\"true\" class=\"css-1eosz7k\">Die Aktion hatte deutschlandweit Kritik hervorgerufen. Das nun verh\u00e4ngte Bu\u00dfgeld teilt sich auf in zwei Betr\u00e4ge: Die Bundesgesch\u00e4ftsstelle der Gr\u00fcnen muss 4728,50 Euro bezahlen, wie eine KVR-Sprecherin mitteilt; auf das Werbeunternehmen und dessen Verantwortliche entfallen 2219,50 Euro. Die Bu\u00dfgeldbescheide k\u00f6nnen noch angefochten werden, sie sind also nicht rechtskr\u00e4ftig.<\/p>\n","protected":false},"excerpt":{"rendered":"Das Siegestor, angestrahlt mit dem Konterfei von Robert Habeck: Diese Wahlwerbung hat Konsequenzen f\u00fcr die Gr\u00fcnen. Die Partei&hellip;\n","protected":false},"author":2,"featured_media":930622,"comment_status":"","ping_status":"","sticky":false,"template":"","format":"standard","meta":{"footnotes":"","_share_on_mastodon":"0"},"categories":[1827],"tags":[772,29,1152,2816,30,1268,3661,1178,2814,149],"class_list":["post-930621","post","type-post","status-publish","format-standard","has-post-thumbnail","category-muenchen","tag-bayern","tag-deutschland","tag-die-gruenen","tag-freimann","tag-germany","tag-muenchen","tag-politik-muenchen","tag-robert-habeck","tag-schwabing-freimann","tag-sueddeutsche-zeitung"],"share_on_mastodon":{"url":"https:\/\/pubeurope.com\/@de\/116369967439669340","error":""},"_links":{"self":[{"href":"https:\/\/www.europesays.com\/de\/wp-json\/wp\/v2\/posts\/930621","targetHints":{"allow":["GET"]}}],"collection":[{"href":"https:\/\/www.europesays.com\/de\/wp-json\/wp\/v2\/posts"}],"about":[{"href":"https:\/\/www.europesays.com\/de\/wp-json\/wp\/v2\/types\/post"}],"author":[{"embeddable":true,"href":"https:\/\/www.europesays.com\/de\/wp-json\/wp\/v2\/users\/2"}],"replies":[{"embeddable":true,"href":"https:\/\/www.europesays.com\/de\/wp-json\/wp\/v2\/comments?post=930621"}],"version-history":[{"count":0,"href":"https:\/\/www.europesays.com\/de\/wp-json\/wp\/v2\/posts\/930621\/revisions"}],"wp:featuredmedia":[{"embeddable":true,"href":"https:\/\/www.europesays.com\/de\/wp-json\/wp\/v2\/media\/930622"}],"wp:attachment":[{"href":"https:\/\/www.europesays.com\/de\/wp-json\/wp\/v2\/media?parent=930621"}],"wp:term":[{"taxonomy":"category","embeddable":true,"href":"https:\/\/www.europesays.com\/de\/wp-json\/wp\/v2\/categories?post=930621"},{"taxonomy":"post_tag","embeddable":true,"href":"https:\/\/www.europesays.com\/de\/wp-json\/wp\/v2\/tags?post=930621"}],"curies":[{"name":"wp","href":"https:\/\/api.w.org\/{rel}","templated":true}]}}