{"id":930656,"date":"2026-04-08T16:31:20","date_gmt":"2026-04-08T16:31:20","guid":{"rendered":"https:\/\/www.europesays.com\/de\/930656\/"},"modified":"2026-04-08T16:31:20","modified_gmt":"2026-04-08T16:31:20","slug":"im-imbiss-kunde-will-haehnchen-mann-wegen-mayo-toeten-news","status":"publish","type":"post","link":"https:\/\/www.europesays.com\/de\/930656\/","title":{"rendered":"Im Imbiss: Kunde will H\u00e4hnchen-Mann wegen Mayo t\u00f6ten | News"},"content":{"rendered":"<p><a class=\"skip-content skip-content--link\" href=\"#in-content-skip-link-target-v-0-0\">TTS-Player \u00fcberspringen\u21b5<\/a><a id=\"in-content-skip-link-target-v-0-0\" class=\"skip-content--target-link-hidden skip-content skip-content--target-link\" href=\"#in-content-skip-link-target-v-0-0\">Artikel weiterlesen<\/a><\/p>\n<p>London \u2013 <b>Schock-Szenen in einem Imbiss: Weil bei der Essensbestellung Mayo und Knoblauchso\u00dfe fehlten, rastete ein Kunde aus und bedrohte den H\u00e4hnchen-Verk\u00e4ufer. Nun wurde der junge Mann zu drei Jahren Gef\u00e4ngnis verurteilt.<\/b><\/p>\n<p>Zu der Tat kam es bereits im vergangenen Dezember in London (England) \u2013 doch jetzt ver\u00f6ffentlichte die Polizei erstmals Videos des brutalen Vorfalls. An Heiligabend hatte Marwan Khadir (18) das <a href=\"https:\/\/www.bild.de\/themen\/specials\/fastfood\/news-fotos-videos-02-42688586.bild.html\" class=\"text-link\" rel=\"nofollow noopener\" target=\"_blank\">Fast-Food-Restaurant<\/a> betreten und H\u00e4hnchen bestellt. Als der Verk\u00e4ufer das Essen eingepackt hatte, fragte Khadir, wie viel Mayo und Knoblauchso\u00dfe er in die T\u00fcte getan habe. Der Verk\u00e4ufer antwortete: drei Packungen mit Mayo und drei mit Knoblauchso\u00dfe. Daraufhin ging Khadir zufrieden nach Hause.<\/p>\n<p><img decoding=\"async\" width=\"992\" height=\"558\" alt=\"Marwan Khadir (18) in seiner Wohnung\" src=\"https:\/\/www.europesays.com\/de\/wp-content\/uploads\/2026\/04\/29de5e8cb59b9e462fae303d0a18436c,9311bc1c.jpeg\"   class=\"landscape\" loading=\"lazy\"\/><\/p>\n<p class=\"fig__caption__text\">Hier bemerkt der junge Kunde, dass er die falsche So\u00dfe bekommen hat<\/p>\n<p>Foto: Metropolitan Police<\/p>\n<p>Falsche So\u00dfe in der T\u00fcte<\/p>\n<p>Auch in der Wohnung des jungen Kunden war offenbar eine \u00dcberwachungskamera installiert \u2013 warum, ist unklar. Die <a href=\"https:\/\/www.bild.de\/regional\/aktuelles\/polizei\/polizeieinsatz-alle-infos-76681760.bild.html\" class=\"text-link\" rel=\"nofollow noopener\" target=\"_blank\">Polizei<\/a> ver\u00f6ffentlichte das Material daraus ebenfalls. Das Video zeigt, wie Khadir die T\u00fcte seiner Essensbestellung \u00f6ffnet und bemerkt: Mayo und Knoblauchso\u00dfe fehlen! Stattdessen ist Burgerso\u00dfe darin. Das n\u00e4chste Video zeigt den 18-J\u00e4hrigen, wie er erneut den H\u00e4hnchen-Imbiss betritt. Er konfrontiert den Verk\u00e4ufer, schreit ihn an und versucht, hinter die Theke zu kommen. Dabei packt er den Verk\u00e4ufer am Kragen und schl\u00e4gt zu.<\/p>\n<p><img decoding=\"async\" width=\"992\" height=\"558\" alt=\"Der Imbiss-Angreifer springt \u00fcber den Tresen, pr\u00fcgelt den Verk\u00e4ufer\" src=\"https:\/\/www.europesays.com\/de\/wp-content\/uploads\/2026\/04\/34e049a4df752598c1401b714faa3e41,93f2cdd.jpeg\"   class=\"landscape\" loading=\"lazy\"\/><\/p>\n<p class=\"fig__caption__text\">Der Imbiss-Angreifer springt \u00fcber den Tresen, pr\u00fcgelt den Verk\u00e4ufer<\/p>\n<p>Foto: Metropolitan Police<\/p>\n<p>\u201eIch werde dich jetzt umbringen\u201c<\/p>\n<p>Dann greift sich Khadir in die Hose und zieht mutma\u00dflich eine Waffe. \u201eIch werde dich jetzt umbringen\u201c, br\u00fcllt er. Mehr als zwei Minuten dauert die bedrohliche Situation. Danach endete die Szene in dem Video.<\/p>\n<p><img decoding=\"async\" width=\"992\" height=\"558\" alt=\"Eine Bodycam dokumentiert die Festnahme\" src=\"https:\/\/www.europesays.com\/de\/wp-content\/uploads\/2026\/04\/2e3941f33a491b8fa0fa1eadf6ee03d3,23bb0ccc.jpeg\"   class=\"landscape\" loading=\"lazy\"\/><\/p>\n<p class=\"fig__caption__text\">Eine Bodycam dokumentiert die Festnahme von Khadir in dessen Wohnung<\/p>\n<p>Foto: Metropolitan Police<\/p>\n<p>Dank der Aufnahmen konnte der junge Angreifer am 2. Januar durch Spezialkr\u00e4fte der Polizei festgenommen werden. Die Beamten stellten auch seine t\u00e4uschend echt aussehende Waffe sicher. Es handelte sich jedoch blo\u00df um eine professionelle F\u00e4lschung. Neben der Anscheinswaffe wurde auch gef\u00e4lschte Munition sichergestellt.<\/p>\n<p><img decoding=\"async\" width=\"992\" height=\"1178\" alt=\"Marwan Khadir (18) wurde verurteilt\" src=\"https:\/\/www.europesays.com\/de\/wp-content\/uploads\/2026\/04\/c0c4106e9133f0fab2bea4d4d7c5b70e,7a8b7cf4.jpeg\"   class=\"portrait\" loading=\"lazy\"\/><\/p>\n<p class=\"fig__caption__text\">Marwan Khadir (18) wurde verurteilt<\/p>\n<p>Foto: Metropolitan Police<\/p>\n<p>Marwan Khadir wurde am Dienstag vor <a href=\"https:\/\/www.bild.de\/themen\/organisationen\/gerichte\/news-fotos-videos-17024270.bild.html\" class=\"text-link\" rel=\"nofollow noopener\" target=\"_blank\">Gericht<\/a> zu drei Jahren Haft verurteilt. Khadir gab zu, eine nachgemachte Pistole mit der Absicht besessen zu haben, Angst zu verbreiten. Er gestand auch, den Mann angegriffen und ihm mit dem Tod gedroht zu haben.<\/p>\n","protected":false},"excerpt":{"rendered":"TTS-Player \u00fcberspringen\u21b5Artikel weiterlesen London \u2013 Schock-Szenen in einem Imbiss: Weil bei der Essensbestellung Mayo und Knoblauchso\u00dfe fehlten, rastete&hellip;\n","protected":false},"author":2,"featured_media":930657,"comment_status":"","ping_status":"","sticky":false,"template":"","format":"standard","meta":{"footnotes":"","_share_on_mastodon":"0"},"categories":[3],"tags":[19385,144987,980,203362,13,14,15,121,12,9115,14177,138370,45,10,8,9,11,4743,37219,103,104],"class_list":["post-930656","post","type-post","status-publish","format-standard","has-post-thumbnail","category-welt","tag-fastfood","tag-faustfeuerwaffe","tag-festnahme","tag-haehnchengrill","tag-headlines","tag-nachrichten","tag-news","tag-polizei","tag-schlagzeilen","tag-schusswaffen","tag-spezialeinsatzkommando","tag-team-first","tag-texttospeech","tag-top-news","tag-top-meldungen","tag-topmeldungen","tag-topnews","tag-waffen","tag-waffengesetz","tag-welt","tag-world"],"share_on_mastodon":{"url":"https:\/\/pubeurope.com\/@de\/116370046738250308","error":""},"_links":{"self":[{"href":"https:\/\/www.europesays.com\/de\/wp-json\/wp\/v2\/posts\/930656","targetHints":{"allow":["GET"]}}],"collection":[{"href":"https:\/\/www.europesays.com\/de\/wp-json\/wp\/v2\/posts"}],"about":[{"href":"https:\/\/www.europesays.com\/de\/wp-json\/wp\/v2\/types\/post"}],"author":[{"embeddable":true,"href":"https:\/\/www.europesays.com\/de\/wp-json\/wp\/v2\/users\/2"}],"replies":[{"embeddable":true,"href":"https:\/\/www.europesays.com\/de\/wp-json\/wp\/v2\/comments?post=930656"}],"version-history":[{"count":0,"href":"https:\/\/www.europesays.com\/de\/wp-json\/wp\/v2\/posts\/930656\/revisions"}],"wp:featuredmedia":[{"embeddable":true,"href":"https:\/\/www.europesays.com\/de\/wp-json\/wp\/v2\/media\/930657"}],"wp:attachment":[{"href":"https:\/\/www.europesays.com\/de\/wp-json\/wp\/v2\/media?parent=930656"}],"wp:term":[{"taxonomy":"category","embeddable":true,"href":"https:\/\/www.europesays.com\/de\/wp-json\/wp\/v2\/categories?post=930656"},{"taxonomy":"post_tag","embeddable":true,"href":"https:\/\/www.europesays.com\/de\/wp-json\/wp\/v2\/tags?post=930656"}],"curies":[{"name":"wp","href":"https:\/\/api.w.org\/{rel}","templated":true}]}}