{"id":930754,"date":"2026-04-08T17:22:21","date_gmt":"2026-04-08T17:22:21","guid":{"rendered":"https:\/\/www.europesays.com\/de\/930754\/"},"modified":"2026-04-08T17:22:21","modified_gmt":"2026-04-08T17:22:21","slug":"nach-partynacht-in-lebensgefahr-polizei-ermittelt-wegen-raubs","status":"publish","type":"post","link":"https:\/\/www.europesays.com\/de\/930754\/","title":{"rendered":"Nach Partynacht in Lebensgefahr \u2013 Polizei ermittelt wegen Raubs"},"content":{"rendered":"<p class=\"text_ohne_einzug richtext text-em-55 !leading-serif mx-6 desktop:mx-0\"> Der Zustand des 27-j\u00e4hrigen Hector L. aus Rheinberg, der nach einer Partynacht in der D\u00fcsseldorfer Altstadt im Koma lag, hat sich gebessert. Passanten hatten den jungen Mann in der Nacht zu Samstag, 28. M\u00e4rz, bewusstlos an der <a href=\"https:\/\/rp-online.de\/thema\/koenigsallee\/\" rel=\"nofollow noopener\" target=\"_blank\">K\u00f6nigsallee<\/a> gefunden. Im Krankenhaus stellten die \u00c4rzte schwere Verletzungen am Kopf fest: Sch\u00e4del-Hirn-Trauma, Sch\u00e4delbruch und Hirnschwellung. Er wurde darum in ein k\u00fcnstliches Koma versetzt, aus dem er nun erwacht sei, wie ein Polizeisprecher best\u00e4tigt.<\/p>\n","protected":false},"excerpt":{"rendered":"Der Zustand des 27-j\u00e4hrigen Hector L. aus Rheinberg, der nach einer Partynacht in der D\u00fcsseldorfer Altstadt im Koma&hellip;\n","protected":false},"author":2,"featured_media":930755,"comment_status":"","ping_status":"","sticky":false,"template":"","format":"standard","meta":{"footnotes":"","_share_on_mastodon":"0"},"categories":[1831],"tags":[2922,3364,29,3405,203386,19154,30,199123,42764,5896,182612,1209,50335,18524,5310],"class_list":["post-930754","post","type-post","status-publish","format-standard","has-post-thumbnail","category-duesseldorf","tag-altstadt","tag-de","tag-deutschland","tag-duesseldorf","tag-erwacht","tag-gefunden","tag-germany","tag-hector","tag-koma","tag-koenigsallee","tag-leblos","tag-nordrhein-westfalen","tag-partynacht","tag-rheinberg","tag-ueberfall"],"share_on_mastodon":{"url":"https:\/\/pubeurope.com\/@de\/116370246803714169","error":""},"_links":{"self":[{"href":"https:\/\/www.europesays.com\/de\/wp-json\/wp\/v2\/posts\/930754","targetHints":{"allow":["GET"]}}],"collection":[{"href":"https:\/\/www.europesays.com\/de\/wp-json\/wp\/v2\/posts"}],"about":[{"href":"https:\/\/www.europesays.com\/de\/wp-json\/wp\/v2\/types\/post"}],"author":[{"embeddable":true,"href":"https:\/\/www.europesays.com\/de\/wp-json\/wp\/v2\/users\/2"}],"replies":[{"embeddable":true,"href":"https:\/\/www.europesays.com\/de\/wp-json\/wp\/v2\/comments?post=930754"}],"version-history":[{"count":0,"href":"https:\/\/www.europesays.com\/de\/wp-json\/wp\/v2\/posts\/930754\/revisions"}],"wp:featuredmedia":[{"embeddable":true,"href":"https:\/\/www.europesays.com\/de\/wp-json\/wp\/v2\/media\/930755"}],"wp:attachment":[{"href":"https:\/\/www.europesays.com\/de\/wp-json\/wp\/v2\/media?parent=930754"}],"wp:term":[{"taxonomy":"category","embeddable":true,"href":"https:\/\/www.europesays.com\/de\/wp-json\/wp\/v2\/categories?post=930754"},{"taxonomy":"post_tag","embeddable":true,"href":"https:\/\/www.europesays.com\/de\/wp-json\/wp\/v2\/tags?post=930754"}],"curies":[{"name":"wp","href":"https:\/\/api.w.org\/{rel}","templated":true}]}}