{"id":930809,"date":"2026-04-08T17:52:17","date_gmt":"2026-04-08T17:52:17","guid":{"rendered":"https:\/\/www.europesays.com\/de\/930809\/"},"modified":"2026-04-08T17:52:17","modified_gmt":"2026-04-08T17:52:17","slug":"nicht-genehmigte-gruenen-werbung-behoerde-verhaengt-bussgeld-fuer-habeck-projektion","status":"publish","type":"post","link":"https:\/\/www.europesays.com\/de\/930809\/","title":{"rendered":"Nicht genehmigte Gr\u00fcnen-Werbung \u2013\u00a0Beh\u00f6rde verh\u00e4ngt Bu\u00dfgeld f\u00fcr Habeck-Projektion"},"content":{"rendered":"<p class=\"is-first-paragraph\" data-external=\"Article.FirstParagraph\">F\u00fcr eine nicht genehmigte Werbung f\u00fcr den damaligen Kanzlerkandidaten der Gr\u00fcnen im Bundestagswahlkampf im Januar 2025 hat das Kreisverwaltungsreferat (KVR) M\u00fcnchen eine Geldbu\u00dfe von knapp 7000 Euro verh\u00e4ngt. <\/p>\n<p>Die Bescheide seien diese Woche verschickt worden. Die Betroffenen k\u00f6nnen diese anfechten und einer gerichtlichen \u00dcberpr\u00fcfung unterstellen, teilte die Beh\u00f6rde mit. Zuvor hatten \u201etz\u201c und \u201eM\u00fcnchner Merkur\u201c berichtet. <\/p>\n<p>Die Partei hatte das Konterfei ihres Spitzenkandidaten samt Werbeslogan eine Stunde lang auf das Siegestor in M\u00fcnchen projiziert. Eine Genehmigung daf\u00fcr hatte laut KVR nicht vorgelegen. <\/p>\n<p>Die Geldbu\u00dfe von 6948 Euro m\u00fcssten sich die Partei und die Werbeagentur teilen. Den Betroffenen werde vorgeworfen, Wahlwerbung au\u00dferhalb der daf\u00fcr vorgesehenen Fl\u00e4chen betrieben und die denkmalschutzrechtlichen Bestimmungen missachtet zu haben. Bei der Festlegung des Betrages sei die bundesweite Beachtung der Lichtprojektion besonders ber\u00fccksichtigt worden. <\/p>\n<p>Mit einer Bu\u00dfgeldh\u00f6he von 4728,50 Euro trage die Bundesgesch\u00e4ftsstelle der Partei B\u00fcndnis 90\/Die Gr\u00fcnen als Auftraggeberin der Wahlwerbung den gr\u00f6\u00dferen Anteil, teilte das KVR der Nachrichtenagentur dpa mit. Auf das beauftragte Werbeunternehmen und dessen Verantwortlichen entfielen somit 2219,50 Euro.<\/p>\n","protected":false},"excerpt":{"rendered":"F\u00fcr eine nicht genehmigte Werbung f\u00fcr den damaligen Kanzlerkandidaten der Gr\u00fcnen im Bundestagswahlkampf im Januar 2025 hat das&hellip;\n","protected":false},"author":2,"featured_media":930810,"comment_status":"","ping_status":"","sticky":false,"template":"","format":"standard","meta":{"footnotes":"","_share_on_mastodon":"0"},"categories":[2],"tags":[185,90904,21,29,203393,30,8520,13,1268,14,15,110,4739,12,45,10,8,9,11],"class_list":["post-930809","post","type-post","status-publish","format-standard","has-post-thumbnail","category-deutschland","tag-bundestagswahl-2025","tag-bundestagswahlen-ks","tag-buendnis-90-die-gruenen","tag-deutschland","tag-geldstrafe-ks","tag-germany","tag-habeck","tag-headlines","tag-muenchen","tag-nachrichten","tag-news","tag-newsteam","tag-robert","tag-schlagzeilen","tag-texttospeech","tag-top-news","tag-top-meldungen","tag-topmeldungen","tag-topnews"],"share_on_mastodon":{"url":"https:\/\/pubeurope.com\/@de\/116370364763471858","error":""},"_links":{"self":[{"href":"https:\/\/www.europesays.com\/de\/wp-json\/wp\/v2\/posts\/930809","targetHints":{"allow":["GET"]}}],"collection":[{"href":"https:\/\/www.europesays.com\/de\/wp-json\/wp\/v2\/posts"}],"about":[{"href":"https:\/\/www.europesays.com\/de\/wp-json\/wp\/v2\/types\/post"}],"author":[{"embeddable":true,"href":"https:\/\/www.europesays.com\/de\/wp-json\/wp\/v2\/users\/2"}],"replies":[{"embeddable":true,"href":"https:\/\/www.europesays.com\/de\/wp-json\/wp\/v2\/comments?post=930809"}],"version-history":[{"count":0,"href":"https:\/\/www.europesays.com\/de\/wp-json\/wp\/v2\/posts\/930809\/revisions"}],"wp:featuredmedia":[{"embeddable":true,"href":"https:\/\/www.europesays.com\/de\/wp-json\/wp\/v2\/media\/930810"}],"wp:attachment":[{"href":"https:\/\/www.europesays.com\/de\/wp-json\/wp\/v2\/media?parent=930809"}],"wp:term":[{"taxonomy":"category","embeddable":true,"href":"https:\/\/www.europesays.com\/de\/wp-json\/wp\/v2\/categories?post=930809"},{"taxonomy":"post_tag","embeddable":true,"href":"https:\/\/www.europesays.com\/de\/wp-json\/wp\/v2\/tags?post=930809"}],"curies":[{"name":"wp","href":"https:\/\/api.w.org\/{rel}","templated":true}]}}