{"id":930836,"date":"2026-04-08T18:08:28","date_gmt":"2026-04-08T18:08:28","guid":{"rendered":"https:\/\/www.europesays.com\/de\/930836\/"},"modified":"2026-04-08T18:08:28","modified_gmt":"2026-04-08T18:08:28","slug":"so-erlebten-telgter-vor-61-jahren-legendaeres-stones-konzert-in-muenster","status":"publish","type":"post","link":"https:\/\/www.europesays.com\/de\/930836\/","title":{"rendered":"So erlebten Telgter vor 61 Jahren legend\u00e4res Stones-Konzert in M\u00fcnster"},"content":{"rendered":"<p>Der erste Auftritt der Rolling Stones in Deutschland lockte 1965 Tausende in die Halle M\u00fcnsterland. Zeitzeugen erinnern sich an ohrenbet\u00e4ubendes Geschrei.<\/p>\n<p>M\u00fcnster\/Telgte (gl) &#8211; Sie galten als \u201eungek\u00e4mmte, langhaarige, ungewaschene H\u00f6hlenmenschen\u201c. F\u00fcr ihren Auftritt war neben Polizisten und Feldj\u00e4gern sogar holl\u00e4ndische und britische Milit\u00e4rpolizei angefordert worden, Polizeipr\u00e4sidenten anderer Tourst\u00e4dte sa\u00dfen im Publikum, um zu sehen, was auch sie\u2026<\/p>\n<p>            <img decoding=\"async\" src=\"https:\/\/www.die-glocke.de\/typo3conf\/ext\/bo_dieglocke_template\/Resources\/Public\/Images\/logo\/glocke_plus_icon.svg\" class=\"pwTopImage\" alt=\"Glocke Plus\"\/><\/p>\n<p>                Glocke Plus Artikel<\/p>\n<p class=\"card-text equal-height text-center\" data-equalheightgroup=\"1\">\n                Jetzt weiterlesen mit G+ Abo, Angebot ausw\u00e4hlen oder anmelden.\n            <\/p>\n<tr>\n<tr>\n<td class=\"w-25px p-1\">\n<\/td>\n<td class=\"p-1\">\n                                            79,00 \u20ac (ab dem 13. Monat zzt. 7,90 \u20ac mtl.)&#13;<\/p>\n<\/td>\n<\/tr>\n<tr>\n<td class=\"w-25px p-1\">\n<\/td>\n<td class=\"p-1\">\n                                            Mindestlaufzeit 12 Monate&#13;<\/p>\n<\/td>\n<\/tr>\n<tr>\n<td class=\"w-25px p-1\">\n<\/td>\n<td class=\"p-1\">\n                                            nach 12 Monaten monatlich k\u00fcndbar<\/p>\n<\/td>\n<\/tr>\n<\/tr>\n<p>\n                    79,00 \u20ac f\u00fcr 12 Monate\n                <\/p>\n<p>                        <a class=\"paywall_order_btn-668975\" href=\"https:\/\/www.die-glocke.de\/abo\/abo-shop\/digital\/digital-plus\/g-plus-jahresabo?upscore_object_id=c94a5b8d-cc3d-471f-99af-e73f677ff5f6-Portal&amp;upscore_offer_id=&amp;upscore_click_id=&amp;upscore_object_url=https%3A%2F%2Fwww.die-glocke.de%2Fregionales%2Fartikel%2Fso-erlebten-telgter-vor-61-jahren-legendaeres-stones-konzert-in-muenster-1775582708\" rel=\"nofollow noopener\" target=\"_blank\"><\/p>\n<p>                                Jetzt bestellen<\/p>\n<p>                        <\/a><\/p>\n<tr>\n<tr>\n<td class=\"w-25px p-1\">\n<\/td>\n<td class=\"p-1\">\n                                            Alle Plus-Artikel auf www.die-glocke.de lesen&#13;<\/p>\n<\/td>\n<\/tr>\n<tr>\n<td class=\"w-25px p-1\">\n<\/td>\n<td class=\"p-1\">\n                                            f\u00fcr 0,99 \u20ac im ersten Monat testen&#13;<\/p>\n<\/td>\n<\/tr>\n<tr>\n<td class=\"w-25px p-1\">\n<\/td>\n<td class=\"p-1\">\n                                            Danach 7,90 \u20ac mtl.&#13;<\/p>\n<\/td>\n<\/tr>\n<tr>\n<td class=\"w-25px p-1\">\n<\/td>\n<td class=\"p-1\">\n                                            Monatlich k\u00fcndbar<\/p>\n<\/td>\n<\/tr>\n<\/tr>\n<p>\n                    0,99 \u20ac im 1. Monat\n                <\/p>\n<p>                        <a class=\"paywall_order_btn-668975\" href=\"https:\/\/www.die-glocke.de\/abo\/abo-shop\/digital\/digital-plus\/g-plus-monatsabo?upscore_object_id=c94a5b8d-cc3d-471f-99af-e73f677ff5f6-Portal&amp;upscore_offer_id=&amp;upscore_click_id=&amp;upscore_object_url=https%3A%2F%2Fwww.die-glocke.de%2Fregionales%2Fartikel%2Fso-erlebten-telgter-vor-61-jahren-legendaeres-stones-konzert-in-muenster-1775582708\" rel=\"nofollow noopener\" target=\"_blank\"><\/p>\n<p>                                Jetzt bestellen<\/p>\n<p>                        <\/a><\/p>\n<p>                        Bereits G+ Abonnent? Hier anmelden<\/p>\n<p>Texte und Fotos von die-glocke.de sind urheberrechtlich gesch\u00fctzt.<br \/>\n            Weiterverwendung nur mit Genehmigung der Chefredaktion.<\/p>\n","protected":false},"excerpt":{"rendered":"Der erste Auftritt der Rolling Stones in Deutschland lockte 1965 Tausende in die Halle M\u00fcnsterland. Zeitzeugen erinnern sich&hellip;\n","protected":false},"author":2,"featured_media":930837,"comment_status":"","ping_status":"","sticky":false,"template":"","format":"standard","meta":{"footnotes":"","_share_on_mastodon":"0"},"categories":[1843],"tags":[3364,29,30,149956,1310,8970,1209,3541,55998],"class_list":["post-930836","post","type-post","status-publish","format-standard","has-post-thumbnail","category-muenster","tag-de","tag-deutschland","tag-germany","tag-halle-muensterland","tag-konzert","tag-muenster","tag-nordrhein-westfalen","tag-rolling-stones","tag-telgte"],"share_on_mastodon":{"url":"https:\/\/pubeurope.com\/@de\/116370427796275855","error":""},"_links":{"self":[{"href":"https:\/\/www.europesays.com\/de\/wp-json\/wp\/v2\/posts\/930836","targetHints":{"allow":["GET"]}}],"collection":[{"href":"https:\/\/www.europesays.com\/de\/wp-json\/wp\/v2\/posts"}],"about":[{"href":"https:\/\/www.europesays.com\/de\/wp-json\/wp\/v2\/types\/post"}],"author":[{"embeddable":true,"href":"https:\/\/www.europesays.com\/de\/wp-json\/wp\/v2\/users\/2"}],"replies":[{"embeddable":true,"href":"https:\/\/www.europesays.com\/de\/wp-json\/wp\/v2\/comments?post=930836"}],"version-history":[{"count":0,"href":"https:\/\/www.europesays.com\/de\/wp-json\/wp\/v2\/posts\/930836\/revisions"}],"wp:featuredmedia":[{"embeddable":true,"href":"https:\/\/www.europesays.com\/de\/wp-json\/wp\/v2\/media\/930837"}],"wp:attachment":[{"href":"https:\/\/www.europesays.com\/de\/wp-json\/wp\/v2\/media?parent=930836"}],"wp:term":[{"taxonomy":"category","embeddable":true,"href":"https:\/\/www.europesays.com\/de\/wp-json\/wp\/v2\/categories?post=930836"},{"taxonomy":"post_tag","embeddable":true,"href":"https:\/\/www.europesays.com\/de\/wp-json\/wp\/v2\/tags?post=930836"}],"curies":[{"name":"wp","href":"https:\/\/api.w.org\/{rel}","templated":true}]}}