{"id":931057,"date":"2026-04-08T20:11:22","date_gmt":"2026-04-08T20:11:22","guid":{"rendered":"https:\/\/www.europesays.com\/de\/931057\/"},"modified":"2026-04-08T20:11:22","modified_gmt":"2026-04-08T20:11:22","slug":"stuttgart-plant-25-millionen-transfer-geht-stiller-im-sommer","status":"publish","type":"post","link":"https:\/\/www.europesays.com\/de\/931057\/","title":{"rendered":"Stuttgart plant 25-Millionen-Transfer \u2013 geht Stiller im Sommer?"},"content":{"rendered":"<p>Leistungstr\u00e4ger und Nationalspieler <a href=\"https:\/\/www.fussballdaten.de\/person\/angelo-stiller\/\" title=\"Profil von Angelo Stiller\" rel=\"nofollow noopener\" target=\"_blank\">Angelo Stiller<\/a> k\u00f6nnte den <a href=\"https:\/\/www.fussballdaten.de\/vereine\/vfb-stuttgart\/\" title=\"Profil von VfB Stuttgart\" rel=\"nofollow noopener\" target=\"_blank\">VfB Stuttgart<\/a> im Sommer bei einem passenden Angebot verlassen. Intern wird bereits nach einem m\u00f6glichen Nachfolger gesucht. Die Schwaben haben <a href=\"https:\/\/www.fussballdaten.de\/person\/caspar-jander\/\" title=\"Profil von Caspar Jander\" rel=\"nofollow noopener\" target=\"_blank\">Caspar Jander<\/a> vom <a href=\"https:\/\/www.fussballdaten.de\/vereine\/fc-southampton\/\" title=\"Profil von FC Southampton\" rel=\"nofollow noopener\" target=\"_blank\">FC Southampton<\/a> ins Visier genommen.<\/p>\n<p>Zweiter Anlauf bei Wunschspieler Jander<\/p>\n<p class=\"mb20 mt30\">Schon im Sommer 2025 wollte der VfB Stuttgart den damals noch beim <a href=\"https:\/\/www.fussballdaten.de\/vereine\/1-fc-nuernberg\/\" title=\"Profil von 1. FC N\u00fcrnberg\" rel=\"nofollow noopener\" target=\"_blank\">1. FC N\u00fcrnberg<\/a> spielenden Caspar Jander verpflichten, scheiterte jedoch an den Abl\u00f6seforderungen. Stattdessen wechselte der 23-J\u00e4hrige f\u00fcr rund zw\u00f6lf Millionen Euro in die englische zweite Liga zum FC Southampton. Nun nehmen die Stuttgarter einen neuen Anlauf. <\/p>\n<p class=\"mb20 mt30\">Laut \u201eBild\u201c gilt Jander intern als Top-Kandidat f\u00fcr die m\u00f6gliche Stiller-Nachfolge. Sollte Stiller den Verein im Sommer f\u00fcr mindestens 50 Millionen Euro verlassen, w\u00e4re der VfB offenbar bereit, bis zu 25 Millionen Euro f\u00fcr den Mittelfeldspieler zu investieren.<\/p>\n<p class=\"mb20 mt30\">Jander hat sich bei den Saints inzwischen als feste Gr\u00f6\u00dfe etabliert und stand in 31 Championship-Spielen 28-mal in der Startelf. Zwei Tore stehen dabei zu Buche. Am vergangenen Wochenende absolvierte er die vollen 90 Minuten und war Teil des Teams, das FC Arsenal mit 2:1 aus dem FA Cup warf.<\/p>\n<p>Southamptons Form erschwert m\u00f6glichen Transfer<\/p>\n<p class=\"mb20 mt30\">Mit Grisha Pr\u00f6mel wurde bereits ein abl\u00f6sefreier Routinier verpflichtet, der gemeinsam mit Jander die neue zentrale Achse bilden k\u00f6nnte. Allerdings machen die aktuellen Leistungen von Southampton einen Wechsel kompliziert. <\/p>\n<p class=\"mb20 mt30\">Die Saints sind seit 16 Spielen ungeschlagen und haben sich auf den sechsten Tabellenplatz der Championship vorgearbeitet. Damit stehen sie derzeit auf einem Play-off-Platz im Rennen um den Aufstieg in die Premier League. Gelingt der direkte Wiederaufstieg, d\u00fcrfte ein Verkauf deutlich unwahrscheinlicher werden.<\/p>\n<p class=\"mb20 mt30\">Laut \u201eSky\u201c beobachten RB Leipzig, Ajax Amsterdam und mehrere Premier-League-Klubs den 23-J\u00e4hrigen ebenfalls genau. Sein Vertrag in Southampton l\u00e4uft noch bis 2028.<\/p>\n","protected":false},"excerpt":{"rendered":"Leistungstr\u00e4ger und Nationalspieler Angelo Stiller k\u00f6nnte den VfB Stuttgart im Sommer bei einem passenden Angebot verlassen. Intern wird&hellip;\n","protected":false},"author":2,"featured_media":931058,"comment_status":"","ping_status":"","sticky":false,"template":"","format":"standard","meta":{"footnotes":"","_share_on_mastodon":"0"},"categories":[1830],"tags":[3570,1634,78259,24277,3364,29,1408,30,1441,3127,2915],"class_list":["post-931057","post","type-post","status-publish","format-standard","has-post-thumbnail","category-stuttgart","tag-angelo-stiller","tag-baden-wuerttemberg","tag-caspar-jander","tag-championship","tag-de","tag-deutschland","tag-fa-cup","tag-germany","tag-stuttgart","tag-transfer","tag-vfb-stuttgart"],"share_on_mastodon":{"url":"https:\/\/pubeurope.com\/@de\/116370911245046010","error":""},"_links":{"self":[{"href":"https:\/\/www.europesays.com\/de\/wp-json\/wp\/v2\/posts\/931057","targetHints":{"allow":["GET"]}}],"collection":[{"href":"https:\/\/www.europesays.com\/de\/wp-json\/wp\/v2\/posts"}],"about":[{"href":"https:\/\/www.europesays.com\/de\/wp-json\/wp\/v2\/types\/post"}],"author":[{"embeddable":true,"href":"https:\/\/www.europesays.com\/de\/wp-json\/wp\/v2\/users\/2"}],"replies":[{"embeddable":true,"href":"https:\/\/www.europesays.com\/de\/wp-json\/wp\/v2\/comments?post=931057"}],"version-history":[{"count":0,"href":"https:\/\/www.europesays.com\/de\/wp-json\/wp\/v2\/posts\/931057\/revisions"}],"wp:featuredmedia":[{"embeddable":true,"href":"https:\/\/www.europesays.com\/de\/wp-json\/wp\/v2\/media\/931058"}],"wp:attachment":[{"href":"https:\/\/www.europesays.com\/de\/wp-json\/wp\/v2\/media?parent=931057"}],"wp:term":[{"taxonomy":"category","embeddable":true,"href":"https:\/\/www.europesays.com\/de\/wp-json\/wp\/v2\/categories?post=931057"},{"taxonomy":"post_tag","embeddable":true,"href":"https:\/\/www.europesays.com\/de\/wp-json\/wp\/v2\/tags?post=931057"}],"curies":[{"name":"wp","href":"https:\/\/api.w.org\/{rel}","templated":true}]}}