{"id":931111,"date":"2026-04-08T20:40:15","date_gmt":"2026-04-08T20:40:15","guid":{"rendered":"https:\/\/www.europesays.com\/de\/931111\/"},"modified":"2026-04-08T20:40:15","modified_gmt":"2026-04-08T20:40:15","slug":"europapokal-drama-alba-berlin-scheidet-in-gluecks-halle-aus-sportmix","status":"publish","type":"post","link":"https:\/\/www.europesays.com\/de\/931111\/","title":{"rendered":"Europapokal-Drama!: Alba Berlin scheidet in Gl\u00fccks-Halle aus | Sportmix"},"content":{"rendered":"<p><a class=\"skip-content skip-content--link\" href=\"#in-content-skip-link-target-v-0-0\">TTS-Player \u00fcberspringen\u21b5<\/a><a id=\"in-content-skip-link-target-v-0-0\" class=\"skip-content--target-link-hidden skip-content skip-content--target-link\" href=\"#in-content-skip-link-target-v-0-0\">Artikel weiterlesen<\/a><\/p>\n<p><b>Auch die Max-Schmeling-Halle kann Alba nicht helfen! Die Berliner verlieren auch das zweite Spiel im Viertelfinale der <\/b><a href=\"https:\/\/sportbild.bild.de\/sportmix\/basketball\/basketball\/home-44119656.sport.html\" class=\"text-link\" rel=\"nofollow noopener\" target=\"_blank\"><b>Basketball<\/b><\/a><b>-Champions-League: 85:88 nach Overtime gegen Titelverteidiger Unicaja Malaga. Und das ausgerechnet in der Halle, in der der deutsche Rekord-Pokalsieger seit dem 22. M\u00e4rz 2022 (damals gegen FC Barcelona) in Europa nicht mehr verloren und 15 Siege in Folge geholt hat. Pech f\u00fcr Alba in der Gl\u00fccks-Halle!<\/b><\/p>\n<p><img decoding=\"async\" width=\"992\" height=\"125\" alt=\"\" src=\"https:\/\/www.europesays.com\/de\/wp-content\/uploads\/2026\/04\/375ab06ae655ee901b4a2d3d078c02b6,1fc68fe3.png\"   class=\"dynamic\" loading=\"lazy\"\/><\/p>\n<p>Foto: Dyn<\/p>\n<p>Beim Final Four Anfang Mai (7. und 9. Mai\/live bei Dyn) in Badalona sind die Berliner nicht dabei. Das Hinspiel in Malaga ging 69:72 verloren. Und jetzt beim Alles-oder-nichts-Spiel in der Max-Schmeling-Halle (benannt nach Box-Legende Max Schmeling) sieht es eine Spielh\u00e4lfte noch gut aus. <\/p>\n<p>Europapokal-Krimi! Alba Berlin scheidet in Gl\u00fccks-Halle aus<\/p>\n<p>Bis zur Halbzeit geben die Berliner den Ton an. 36:34 steht es zur Pause. Dyn-Kommentator Chris Schmidt legt aber den Finger in die Wunde: \u201eAngesichts der schwachen ersten H\u00e4lfte von Malaga ist diese F\u00fchrung zu knapp.\u201c Im dritten Viertel drehen die Spanier (nur Achter in ihrer Liga) den Spie\u00df um und gehen mit 60:49 in das Schlussviertel.<\/p>\n<p>\u201eErleben wir noch ein Basketball-Wunder in Berlin?\u201c \u2013 das fragt Dyn-Kommentator Schmidt Mitte des vierten Viertels beim Stand von 57:71. Geht da noch was? Ja! Alba k\u00e4mpft sich ran und verk\u00fcrzt 35 Sekunden vor Ende auf 72:74. Die Halle kocht! Schmidt schreit ins Mikro: \u201eWow! Wow! Wow!\u201c Auszeit. Die Spanier im Ballbesitz. Die Berliner verteidigen aggressiv, setzen Malaga unter Druck\u00a0\u2013 kein Korb! Jetzt greift Berlin noch mal an\u00a0\u2013 neun Sekunden noch! Schmidt: \u201eWow! Wow!\u201c<\/p>\n<p>Jack Kayil trifft\u00a0\u2013 doch die Schiris pfeifen Foul. Zwei Freiw\u00fcrfe f\u00fcr den 20-J\u00e4hrigen. Der erste Versuch \u2014 geht nicht rein! Wie bitter! Er wirft seinen n\u00e4chsten Wurf absichtlich daneben\u00a0\u2013 und schnappt sich den Ball, der vom Brett zur\u00fcckprallt. Die Spanier nehmen ihn in die Mangel\u00a0\u2014 Pfiff! Foul! Schmidt: \u201eIch brauche meine Herztropfen! Unfassbar! Besser als Kayil kann man den Freiwurf nicht danebenwerfen.\u201c 1,8 Sekunden noch. Wieder zwei Freiw\u00fcrfe f\u00fcr Kayil. Der erste ist drin! 73:74. Schmidt: \u201eJaaaa, den l\u00fcmmelt er rein.\u201c Nummer zwei \u2014 auch drin! 74:74! Wahnsinn!<\/p>\n<p>Jetzt hat Malaga noch einen Wurf\u00a0\u2014 daneben! Overtime! Schmidt: \u201eUn-fucking-fassbar! Ich kriege G\u00e4nsehaut hier. Eine der gr\u00f6\u00dften Aufholjagden aller Zeiten.\u201c In der Verl\u00e4ngerung fehlt Alba aber irgendwie die Kraft und Malaga pr\u00e4sentiert sich abgezockter. Schade, Alba!<\/p>\n","protected":false},"excerpt":{"rendered":"TTS-Player \u00fcberspringen\u21b5Artikel weiterlesen Auch die Max-Schmeling-Halle kann Alba nicht helfen! Die Berliner verlieren auch das zweite Spiel im&hellip;\n","protected":false},"author":2,"featured_media":931112,"comment_status":"","ping_status":"","sticky":false,"template":"","format":"standard","meta":{"footnotes":"","_share_on_mastodon":"0"},"categories":[1860],"tags":[2493,2472,3364,29,5841,548,663,3934,20285,30,4062,17332,5848,13,14,15,9662,17331,860,12,45,27190],"class_list":["post-931111","post","type-post","status-publish","format-standard","has-post-thumbnail","category-halle-saale","tag-basketball","tag-bbl","tag-de","tag-deutschland","tag-dyn-basketball","tag-eu","tag-europa","tag-europe","tag-fc-bayern-muenchen-baskets","tag-germany","tag-halle","tag-halle-saale","tag-hamburg-towers","tag-headlines","tag-nachrichten","tag-news","tag-no-sport-app","tag-saale","tag-sachsen-anhalt","tag-schlagzeilen","tag-texttospeech","tag-wuerzburg-baskets"],"share_on_mastodon":{"url":"https:\/\/pubeurope.com\/@de\/116371025249711376","error":""},"_links":{"self":[{"href":"https:\/\/www.europesays.com\/de\/wp-json\/wp\/v2\/posts\/931111","targetHints":{"allow":["GET"]}}],"collection":[{"href":"https:\/\/www.europesays.com\/de\/wp-json\/wp\/v2\/posts"}],"about":[{"href":"https:\/\/www.europesays.com\/de\/wp-json\/wp\/v2\/types\/post"}],"author":[{"embeddable":true,"href":"https:\/\/www.europesays.com\/de\/wp-json\/wp\/v2\/users\/2"}],"replies":[{"embeddable":true,"href":"https:\/\/www.europesays.com\/de\/wp-json\/wp\/v2\/comments?post=931111"}],"version-history":[{"count":0,"href":"https:\/\/www.europesays.com\/de\/wp-json\/wp\/v2\/posts\/931111\/revisions"}],"wp:featuredmedia":[{"embeddable":true,"href":"https:\/\/www.europesays.com\/de\/wp-json\/wp\/v2\/media\/931112"}],"wp:attachment":[{"href":"https:\/\/www.europesays.com\/de\/wp-json\/wp\/v2\/media?parent=931111"}],"wp:term":[{"taxonomy":"category","embeddable":true,"href":"https:\/\/www.europesays.com\/de\/wp-json\/wp\/v2\/categories?post=931111"},{"taxonomy":"post_tag","embeddable":true,"href":"https:\/\/www.europesays.com\/de\/wp-json\/wp\/v2\/tags?post=931111"}],"curies":[{"name":"wp","href":"https:\/\/api.w.org\/{rel}","templated":true}]}}